{"id":679272,"date":"2024-06-04T13:25:47","date_gmt":"2024-06-04T11:25:47","guid":{"rendered":"https:\/\/www.hashtag.al\/?p=679272"},"modified":"2024-06-04T13:25:47","modified_gmt":"2024-06-04T11:25:47","slug":"nje-oficer-iranian-vritet-ne-nje-sulm-te-dyshuar-izraelit","status":"publish","type":"post","link":"https:\/\/www.hashtag.al\/index.php\/2024\/06\/04\/nje-oficer-iranian-vritet-ne-nje-sulm-te-dyshuar-izraelit\/","title":{"rendered":"Nj\u00eb oficer iranian vritet n\u00eb nj\u00eb sulm t\u00eb dyshuar izraelit","gt_translate_keys":[{"key":"rendered","format":"text"}]},"content":{"rendered":"<p><a href=\"https:\/\/www.hashtag.al\/wp-content\/uploads\/2024\/06\/Screenshot-2024-06-04-125516.png\"><img loading=\"lazy\" decoding=\"async\" class=\"aligncenter size-full wp-image-679273\" src=\"https:\/\/www.hashtag.al\/wp-content\/uploads\/2024\/06\/Screenshot-2024-06-04-125516.png\" alt=\"\" width=\"1232\" height=\"637\" srcset=\"https:\/\/www.hashtag.al\/wp-content\/uploads\/2024\/06\/Screenshot-2024-06-04-125516.png 1232w, https:\/\/www.hashtag.al\/wp-content\/uploads\/2024\/06\/Screenshot-2024-06-04-125516-300x155.png 300w, https:\/\/www.hashtag.al\/wp-content\/uploads\/2024\/06\/Screenshot-2024-06-04-125516-1024x529.png 1024w, https:\/\/www.hashtag.al\/wp-content\/uploads\/2024\/06\/Screenshot-2024-06-04-125516-768x397.png 768w\" sizes=\"auto, (max-width: 1232px) 100vw, 1232px\" \/><\/a><\/p>\n<p><span style=\"color: #000000;\">Nj\u00eb oficer iranian u vra nga sulmet e dyshuara ajrore t\u00eb Izraelit, pran\u00eb qytetit sirian t\u00eb Alepos.<\/span><\/p>\n<p><span style=\"color: #000000;\">Saeed Abyar, an\u00ebtar i Korpusit t\u00eb Gard\u00ebs Revolucionare Islamike t\u00eb Iranit (IRGC), ishte nj\u00eb nga 17 personat e vrar\u00eb n\u00eb sulmin e 3 qershorit, njoftoi agjencia e lajmeve Tasnim, e lidhur me IRGC-n\u00eb.<\/span><\/p>\n<p><span style=\"color: #000000;\">As IRGC-ja, as Qeveria iraniane nuk e komentuan zyrtarisht sulmin pran\u00eb Alepos.<\/span><\/p>\n<p><span style=\"color: #000000;\">Megjithat\u00eb, ministri i p\u00ebrkohsh\u00ebm i Pun\u00ebve t\u00eb Jashtme t\u00eb Iranit, Ali Baqeri Kani, arriti n\u00eb Siri m\u00eb 4 qershor, pas q\u00ebndrimit n\u00eb Liban nj\u00eb dit\u00eb m\u00eb par\u00eb, p\u00ebrcjell<span style=\"color: #0000ff;\"><a style=\"color: #0000ff;\" href=\"https:\/\/www.evropaelire.org\/a\/sulm-i-dyshuar-izraelit-vritet-nje-oficer-iranian\/32978663.html\"> REL.<\/a><\/span><\/span><\/p>\n<p><span style=\"color: #000000;\">Abyar \u00ebsht\u00eb oficeri i par\u00eb i IRGC-s\u00eb q\u00eb vritet n\u00eb nj\u00eb sulm t\u00eb dyshuar izraelit q\u00eb nga 1 prilli.<\/span><\/p>\n<p><span style=\"color: #000000;\">N\u00eb at\u00eb dit\u00eb, sulmet n\u00eb kompleksin e Ambasad\u00ebs iraniane n\u00eb Damask lan\u00eb t\u00eb vrar\u00eb shtat\u00eb an\u00ebtar\u00eb t\u00eb IRGC-s\u00eb, p\u00ebrfshir\u00eb dy gjeneral\u00eb.<\/span><\/p>\n<p><span style=\"color: #000000;\">Irani u p\u00ebrgjigj me nj\u00eb sulm t\u00eb paprecedent\u00eb me raketa dhe dron\u00eb kund\u00ebr Izraelit dhe k\u00ebrc\u00ebnoi se do t\u00eb hakmerret ndaj \u00e7do sulmi tjet\u00ebr, q\u00eb ka n\u00eb sh\u00ebnjest\u00ebr interesat e tij n\u00eb rajon.<\/span><\/p>\n<p><span style=\"color: #000000;\">Teherani ka nj\u00eb prani t\u00eb madhe ushtarake n\u00eb Siri, ku Izraeli, koh\u00eb pas kohe, kryen sulme kund\u00ebr lokacioneve t\u00eb lidhura me Iranin.<\/span><\/p>\n<p><span style=\"color: #000000;\">Raz Zimmt, nj\u00eb studiues i lart\u00eb n\u00eb Institutin p\u00ebr Studime t\u00eb Siguris\u00eb Komb\u00ebtare me baz\u00eb n\u00eb Izrael, i tha Radios Evropa e Lir\u00eb se objektiv i Izraelit ka t\u00eb ngjar\u00eb t\u00eb ket\u00eb qen\u00eb nj\u00eb depo municioni dhe se Abyar dhe t\u00eb tjer\u00eb kan\u00eb qen\u00eb af\u00ebr.<\/span><\/p>\n<p><span style=\"color: #000000;\">Por, pavar\u00ebsisht k\u00ebsaj, tha ai, Izraeli ka treguar se nuk frenohet nga k\u00ebrc\u00ebnimet e Iranit p\u00ebr hakmarrje.<\/span><\/p>\n","protected":false,"gt_translate_keys":[{"key":"rendered","format":"html"}]},"excerpt":{"rendered":"<p>Nj\u00eb oficer iranian u vra nga sulmet e dyshuara ajrore t\u00eb Izraelit, pran\u00eb qytetit sirian t\u00eb Alepos. Saeed Abyar, an\u00ebtar i Korpusit t\u00eb Gard\u00ebs Revolucionare Islamike t\u00eb Iranit (IRGC), ishte nj\u00eb nga 17 personat e vrar\u00eb n\u00eb sulmin e 3 qershorit, njoftoi agjencia e lajmeve Tasnim, e lidhur me IRGC-n\u00eb. As IRGC-ja, as Qeveria iraniane [&hellip;]<\/p>\n","protected":false,"gt_translate_keys":[{"key":"rendered","format":"html"}]},"author":32,"featured_media":679273,"comment_status":"closed","ping_status":"open","sticky":false,"template":"","format":"standard","meta":{"footnotes":""},"categories":[6],"tags":[],"class_list":["post-679272","post","type-post","status-publish","format-standard","has-post-thumbnail","hentry","category-nderkombetare"],"gt_translate_keys":[{"key":"link","format":"url"}],"_links":{"self":[{"href":"https:\/\/www.hashtag.al\/index.php\/wp-json\/wp\/v2\/posts\/679272","targetHints":{"allow":["GET"]}}],"collection":[{"href":"https:\/\/www.hashtag.al\/index.php\/wp-json\/wp\/v2\/posts"}],"about":[{"href":"https:\/\/www.hashtag.al\/index.php\/wp-json\/wp\/v2\/types\/post"}],"author":[{"embeddable":true,"href":"https:\/\/www.hashtag.al\/index.php\/wp-json\/wp\/v2\/users\/32"}],"replies":[{"embeddable":true,"href":"https:\/\/www.hashtag.al\/index.php\/wp-json\/wp\/v2\/comments?post=679272"}],"version-history":[{"count":0,"href":"https:\/\/www.hashtag.al\/index.php\/wp-json\/wp\/v2\/posts\/679272\/revisions"}],"wp:featuredmedia":[{"embeddable":true,"href":"https:\/\/www.hashtag.al\/index.php\/wp-json\/wp\/v2\/media\/679273"}],"wp:attachment":[{"href":"https:\/\/www.hashtag.al\/index.php\/wp-json\/wp\/v2\/media?parent=679272"}],"wp:term":[{"taxonomy":"category","embeddable":true,"href":"https:\/\/www.hashtag.al\/index.php\/wp-json\/wp\/v2\/categories?post=679272"},{"taxonomy":"post_tag","embeddable":true,"href":"https:\/\/www.hashtag.al\/index.php\/wp-json\/wp\/v2\/tags?post=679272"}],"curies":[{"name":"wp","href":"https:\/\/api.w.org\/{rel}","templated":true}]}}