{"id":679203,"date":"2024-06-04T10:10:01","date_gmt":"2024-06-04T08:10:01","guid":{"rendered":"https:\/\/www.hashtag.al\/?p=679203"},"modified":"2024-06-04T10:11:05","modified_gmt":"2024-06-04T08:11:05","slug":"ceshtja-5d-sot-serish-proteste-para-bashkise-tirane","status":"publish","type":"post","link":"https:\/\/www.hashtag.al\/index.php\/2024\/06\/04\/ceshtja-5d-sot-serish-proteste-para-bashkise-tirane\/","title":{"rendered":"\u00c7\u00ebshtja \u201c5D&#8221;, sot s\u00ebrish protest\u00eb para Bashkis\u00eb Tiran\u00eb","gt_translate_keys":[{"key":"rendered","format":"text"}]},"content":{"rendered":"<p><img loading=\"lazy\" decoding=\"async\" class=\"size-full wp-image-679206 aligncenter\" src=\"https:\/\/www.hashtag.al\/wp-content\/uploads\/2024\/06\/protesta-e-opozites-bashkia-29-768x512-1.jpeg\" alt=\"\" width=\"768\" height=\"512\" srcset=\"https:\/\/www.hashtag.al\/wp-content\/uploads\/2024\/06\/protesta-e-opozites-bashkia-29-768x512-1.jpeg 768w, https:\/\/www.hashtag.al\/wp-content\/uploads\/2024\/06\/protesta-e-opozites-bashkia-29-768x512-1-300x200.jpeg 300w\" sizes=\"auto, (max-width: 768px) 100vw, 768px\" \/><\/p>\n<p><span style=\"font-weight: 400; color: #000000;\">Aleanca p\u00ebr Teatrin dhe opozita kan\u00eb thirrur sot protest\u00ebn e dhjet\u00eb n\u00eb radh\u00eb n\u00eb lidhje me dosjen \u201c5D\u201d.<\/span><\/p>\n<p><span style=\"font-weight: 400; color: #000000;\">Protesta do t\u00eb mbahet para bashkis\u00eb Tiran\u00eb, nd\u00ebrkoh\u00eb q\u00eb k\u00ebrkohet dor\u00ebheqja e kryebashkiakut Erion Veliaj.<\/span><\/p>\n<p><span style=\"font-weight: 400; color: #000000;\">Policia ka marr\u00eb masa p\u00ebr mbar\u00ebvajtjen e protest\u00ebs, pasi n\u00eb protestat e m\u00ebparshme n\u00eb drejtim t\u00eb godin\u00ebs jan\u00eb hedhur vez\u00eb, fruta dhe molotov.<\/span><\/p>\n<p><span style=\"font-weight: 400; color: #000000;\">Protestuesit jan\u00eb tentuar edhe t\u00eb shkulin gardhin metalik t\u00eb p\u00ebrforcuar, nd\u00ebrkoh\u00eb q\u00eb an\u00ebtar\u00ebt e k\u00ebshillit bashkiak nga ana e opozit\u00ebs pretendojn\u00eb se u ndalohet hyrja n\u00eb Bashki p\u00ebr t\u00eb b\u00ebr\u00eb pun\u00ebn e tyre.<\/span><\/p>\n","protected":false,"gt_translate_keys":[{"key":"rendered","format":"html"}]},"excerpt":{"rendered":"<p>Aleanca p\u00ebr Teatrin dhe opozita kan\u00eb thirrur sot protest\u00ebn e dhjet\u00eb n\u00eb radh\u00eb n\u00eb lidhje me dosjen \u201c5D\u201d. Protesta do t\u00eb mbahet para bashkis\u00eb Tiran\u00eb, nd\u00ebrkoh\u00eb q\u00eb k\u00ebrkohet dor\u00ebheqja e kryebashkiakut Erion Veliaj. Policia ka marr\u00eb masa p\u00ebr mbar\u00ebvajtjen e protest\u00ebs, pasi n\u00eb protestat e m\u00ebparshme n\u00eb drejtim t\u00eb godin\u00ebs jan\u00eb hedhur vez\u00eb, fruta dhe [&hellip;]<\/p>\n","protected":false,"gt_translate_keys":[{"key":"rendered","format":"html"}]},"author":4,"featured_media":679206,"comment_status":"closed","ping_status":"open","sticky":false,"template":"","format":"standard","meta":{"footnotes":""},"categories":[65],"tags":[],"class_list":["post-679203","post","type-post","status-publish","format-standard","has-post-thumbnail","hentry","category-lajme"],"gt_translate_keys":[{"key":"link","format":"url"}],"_links":{"self":[{"href":"https:\/\/www.hashtag.al\/index.php\/wp-json\/wp\/v2\/posts\/679203","targetHints":{"allow":["GET"]}}],"collection":[{"href":"https:\/\/www.hashtag.al\/index.php\/wp-json\/wp\/v2\/posts"}],"about":[{"href":"https:\/\/www.hashtag.al\/index.php\/wp-json\/wp\/v2\/types\/post"}],"author":[{"embeddable":true,"href":"https:\/\/www.hashtag.al\/index.php\/wp-json\/wp\/v2\/users\/4"}],"replies":[{"embeddable":true,"href":"https:\/\/www.hashtag.al\/index.php\/wp-json\/wp\/v2\/comments?post=679203"}],"version-history":[{"count":0,"href":"https:\/\/www.hashtag.al\/index.php\/wp-json\/wp\/v2\/posts\/679203\/revisions"}],"wp:featuredmedia":[{"embeddable":true,"href":"https:\/\/www.hashtag.al\/index.php\/wp-json\/wp\/v2\/media\/679206"}],"wp:attachment":[{"href":"https:\/\/www.hashtag.al\/index.php\/wp-json\/wp\/v2\/media?parent=679203"}],"wp:term":[{"taxonomy":"category","embeddable":true,"href":"https:\/\/www.hashtag.al\/index.php\/wp-json\/wp\/v2\/categories?post=679203"},{"taxonomy":"post_tag","embeddable":true,"href":"https:\/\/www.hashtag.al\/index.php\/wp-json\/wp\/v2\/tags?post=679203"}],"curies":[{"name":"wp","href":"https:\/\/api.w.org\/{rel}","templated":true}]}}