{"id":679026,"date":"2024-06-03T14:28:49","date_gmt":"2024-06-03T12:28:49","guid":{"rendered":"https:\/\/www.hashtag.al\/?p=679026"},"modified":"2024-06-03T14:28:49","modified_gmt":"2024-06-03T12:28:49","slug":"akep-pirateria-online-shqetesim-cmimet-e-sherbimit-celular-ne-rritje-nga-2022","status":"publish","type":"post","link":"https:\/\/www.hashtag.al\/index.php\/2024\/06\/03\/akep-pirateria-online-shqetesim-cmimet-e-sherbimit-celular-ne-rritje-nga-2022\/","title":{"rendered":"AKEP: Pirateria online shqet\u00ebsim, \u00e7mimet e sh\u00ebrbimit celular n\u00eb rritje nga 2022","gt_translate_keys":[{"key":"rendered","format":"text"}]},"content":{"rendered":"<p><img loading=\"lazy\" decoding=\"async\" class=\"size-full wp-image-679028 aligncenter\" src=\"https:\/\/www.hashtag.al\/wp-content\/uploads\/2024\/06\/1717414328_tomifrasheri.jpg\" alt=\"\" width=\"780\" height=\"440\" srcset=\"https:\/\/www.hashtag.al\/wp-content\/uploads\/2024\/06\/1717414328_tomifrasheri.jpg 780w, https:\/\/www.hashtag.al\/wp-content\/uploads\/2024\/06\/1717414328_tomifrasheri-300x169.jpg 300w, https:\/\/www.hashtag.al\/wp-content\/uploads\/2024\/06\/1717414328_tomifrasheri-768x433.jpg 768w\" sizes=\"auto, (max-width: 780px) 100vw, 780px\" \/><\/p>\n<p><span style=\"font-weight: 400; color: #000000;\">Nga viti 2022 dhe n\u00eb vijim ka pasur nj\u00eb tendenc\u00eb n\u00eb rritje t\u00eb \u00e7mimeve p\u00ebr sh\u00ebrbimet celulare.<\/span><\/p>\n<p><span style=\"font-weight: 400; color: #000000;\">K\u00ebt\u00eb e ka b\u00ebr\u00eb t\u00eb ditur drejtuesit i Autoriteti i Komunikimeve Elektronike dhe Postare (AKEP), Tomi Frash\u00ebri dit\u00ebn e sotme gjat\u00eb raportimit p\u00ebr prezantimin e raportit t\u00eb AKEP p\u00ebr 2023 n\u00eb Komisioni p\u00ebr Veprimtarit\u00eb Prodhuese, Tregtin\u00eb dhe Mjedisin.<\/span><\/p>\n<p><span style=\"font-weight: 400; color: #000000;\">Frash\u00ebri b\u00ebri me dije se AKEP \u00ebsht\u00eb n\u00eb monitorim t\u00eb tregut.<\/span><\/p>\n<p><span style=\"color: #000000;\"><i><span style=\"font-weight: 400;\">\u201c\u00c7mimet kan\u00eb filluar q\u00eb t\u00eb ken\u00eb nj\u00eb tendenc\u00eb n\u00eb rritje nga 2022 e k\u00ebtej, ne jemi n\u00eb monitorim t\u00eb tregut dhe n\u00eb dialog me kompanit\u00eb. \u00cbsht\u00eb koh\u00eb e shkurt\u00ebr p\u00ebr t\u00eb th\u00ebn\u00eb ka ose jo abuzime\u201d<\/span><\/i><span style=\"font-weight: 400;\">, tha ai.<\/span><\/span><\/p>\n<p><span style=\"font-weight: 400; color: #000000;\">Mbi indeksimin e \u00e7mimit n\u00eb kontrat\u00eb, Frash\u00ebri tha se \u00ebsht\u00eb vendosur q\u00eb qytetar\u00ebt q\u00eb kan\u00eb b\u00ebr\u00eb kontrat\u00eb p\u00ebr her\u00eb t\u00eb par\u00eb mund t\u00eb t\u00ebrhiqen pas 3 muajve t\u00eb par\u00eb.<\/span><\/p>\n<p><span style=\"font-weight: 400; color: #000000;\">Sipas tij, jan\u00eb rreth 450 qytetar\u00eb q\u00eb jan\u00eb t\u00ebrhequr nga operatori pasi kan\u00eb b\u00ebr\u00eb nj\u00eb kontrat\u00eb.\u00a0\u00a0<\/span><\/p>\n<p><span style=\"color: #000000;\"><i><span style=\"font-weight: 400;\">\u201c\u00cbsht\u00eb e drejta e operator\u00ebve q\u00eb t\u00eb aplikojn\u00eb rindeksimin e \u00e7mimit n\u00eb kontrat\u00eb n\u00eb baz\u00eb t\u00eb norm\u00ebs s\u00eb inflacionit. \u00cbsht\u00eb njoftuar q\u00eb do t\u00eb b\u00ebhet para disa vitesh dhe AKEP ka v\u00ebn\u00eb kusht q\u00eb t\u00eb mos aplikoj\u00eb para 2024 p\u00ebr shkak edhe t\u00eb efekteve t\u00eb luft\u00ebs n\u00eb Ukrain\u00eb dhe ka k\u00ebrkuar q\u00eb p\u00ebr pajtimtar\u00ebt me kontrat\u00eb t\u00eb re informacioni t\u00eb jet\u00eb i plot\u00eb dhe transparent\u00eb.\u00a0<\/span><\/i><\/span><\/p>\n<p><span style=\"color: #000000;\"><i><span style=\"font-weight: 400;\">Ata q\u00eb kan\u00eb b\u00ebr\u00eb kontrat\u00eb p\u00ebr her\u00eb t\u00eb par\u00eb mund t\u00eb\u00a0 t\u00eb t\u00ebrhiqen nga kontrata pa penalitet n\u00eb 3 muajt e par\u00eb. Jan\u00eb 450 pajtimtar\u00eb q\u00eb jan\u00eb ushtruar k\u00ebt\u00eb t\u00eb drejt\u00eb dhe jan\u00eb t\u00ebrhequr nga operatori.\u00a0 Nj\u00ebri nga operator\u00ebt ka vendosur q\u00eb ta zbatoj\u00eb indeksimin p\u00ebr \u00e7mimin n\u00eb kontrat\u00eb duke filluar nga 1 qershori 2024, nd\u00ebrsa operatori tjet\u00ebr nuk do ta zbatoj\u00eb p\u00ebr k\u00ebt\u00eb vit\u201d<\/span><\/i><span style=\"font-weight: 400;\">, tha ai.<\/span><\/span><\/p>\n<p><span style=\"font-weight: 400; color: #000000;\">Sa i p\u00ebrket abuzimeve nga ana e kompanive p\u00ebr ofrimin e internetit, pasi qytetar\u00ebt ankohen se marrin m\u00eb pak internet sesa i premtohet n\u00eb kontrat\u00eb, Frash\u00ebri tha se nuk ka nj\u00eb instrument q\u00eb t\u00eb b\u00ebj\u00eb t\u00eb mundur k\u00ebt\u00eb matje.<\/span><\/p>\n<p><span style=\"color: #000000;\"><i><span style=\"font-weight: 400;\">\u201cNe n\u00eb AKEP nuk kemi ankesa n\u00eb num\u00ebr dometh\u00ebn\u00ebs q\u00eb kan\u00eb t\u00eb b\u00ebjn\u00eb me k\u00ebt\u00eb lloj pretendimin. Duhet b\u00ebr\u00eb kujdes p\u00ebr internetin dhe p\u00ebrdorimin e tij, sepse sot shkarkohen produkte q\u00eb kan\u00eb kapacitet t\u00eb lart\u00eb dhe p\u00ebrdorimi i internetit p\u00ebr t\u00eb shkarkuar \u00e7do gj\u00eb b\u00ebn\u00eb q\u00eb interneti t\u00eb konsumohet.<\/span><\/i><\/span><\/p>\n<p><span style=\"color: #000000;\"><i><span style=\"font-weight: 400;\">\u00a0Nuk ka nj\u00eb instrument t\u00eb mir\u00ebfillt p\u00ebr t\u00eb matur e sa Gigabyte \u00ebsht\u00eb p\u00ebrdorur, ose nuk nga operator\u00ebt nuk \u00ebsht\u00eb dh\u00ebn\u00eb aq sa \u00ebsht\u00eb n\u00eb kontrat\u00eb. Ne kemi hyr n\u00eb dialog me operator\u00ebt dhe ata nuk verifikojn\u00eb dot asnj\u00eb rast q\u00eb \u00ebsht\u00eb vjedhur internet nga operatori\u201d,<\/span><\/i><span style=\"font-weight: 400;\"> tha ai.<\/span><\/span><\/p>\n<p><span style=\"font-weight: 400; color: #000000;\">Nga 1 janari 2025 do t\u00eb nis\u00eb edhe implementimi i teknologjis\u00eb 5 G n\u00eb komunikimet elektronike.<\/span><\/p>\n<p><span style=\"font-weight: 400; color: #000000;\">P\u00ebr drejtuesin e AKEP, kjo k\u00ebrkon edhe investimet e duhura financiare.<\/span><\/p>\n<p><span style=\"color: #000000;\"><i><span style=\"font-weight: 400;\">\u201cP\u00ebr 5 g n\u00eb komunikimet elektronike, AKEP ka marr iniciativ\u00eb p\u00ebr t\u00eb shpejtuar implementimin e k\u00ebsaj teknologjie.\u00a0 Do filloj implementimi q\u00eb nga 1 janari 2025, do duhet q\u00eb t\u00eb b\u00ebhen investimet e duhura fillimisht financiarisht dhe teknologjikisht. Jemi von\u00eb prandaj AKP vendosi q\u00eb brezin e 3.5 megaherz ta vendos n\u00eb p\u00ebrdorim t\u00eb 5 g. Do filloj q\u00eb t\u00eb implementohet nga viti 2025 fillimisht n\u00eb qytetet e m\u00ebdha\u201d,<\/span><\/i><span style=\"font-weight: 400;\"> tha ai.\u00a0\u00a0<\/span><\/span><\/p>\n<p><span style=\"font-weight: 400; color: #000000;\">Shqet\u00ebsimin mbetet pirateria online, p\u00ebr t\u00eb cil\u00ebn Frash\u00ebri tha se ka pasur gjoba ku nuk jan\u00eb zbatuar detyrimet p\u00ebr mbylljet e faqeve online.<\/span><\/p>\n<p><span style=\"color: #000000;\"><i><span style=\"font-weight: 400;\">\u201cP\u00ebr piraterin\u00eb online AKEP ka qen\u00eb bashk\u00ebnism\u00ebtar i nj\u00eb task\u00ebforce me AMA-n\u00eb q\u00eb ka funksionuar jo keq, madje jan\u00eb gjobitur ISP-t\u00eb q\u00eb nuk kan\u00eb zbatuar detyrimet p\u00ebr mbylljet e faqeve ose aspekte t\u00eb tjera t\u00eb teknologjis\u00eb\u201d,<\/span><\/i><span style=\"font-weight: 400;\"> tha ai.<\/span><\/span><\/p>\n","protected":false,"gt_translate_keys":[{"key":"rendered","format":"html"}]},"excerpt":{"rendered":"<p>Nga viti 2022 dhe n\u00eb vijim ka pasur nj\u00eb tendenc\u00eb n\u00eb rritje t\u00eb \u00e7mimeve p\u00ebr sh\u00ebrbimet celulare. K\u00ebt\u00eb e ka b\u00ebr\u00eb t\u00eb ditur drejtuesit i Autoriteti i Komunikimeve Elektronike dhe Postare (AKEP), Tomi Frash\u00ebri dit\u00ebn e sotme gjat\u00eb raportimit p\u00ebr prezantimin e raportit t\u00eb AKEP p\u00ebr 2023 n\u00eb Komisioni p\u00ebr Veprimtarit\u00eb Prodhuese, Tregtin\u00eb dhe Mjedisin. [&hellip;]<\/p>\n","protected":false,"gt_translate_keys":[{"key":"rendered","format":"html"}]},"author":4,"featured_media":679028,"comment_status":"closed","ping_status":"open","sticky":false,"template":"","format":"standard","meta":{"footnotes":""},"categories":[65],"tags":[],"class_list":["post-679026","post","type-post","status-publish","format-standard","has-post-thumbnail","hentry","category-lajme"],"gt_translate_keys":[{"key":"link","format":"url"}],"_links":{"self":[{"href":"https:\/\/www.hashtag.al\/index.php\/wp-json\/wp\/v2\/posts\/679026","targetHints":{"allow":["GET"]}}],"collection":[{"href":"https:\/\/www.hashtag.al\/index.php\/wp-json\/wp\/v2\/posts"}],"about":[{"href":"https:\/\/www.hashtag.al\/index.php\/wp-json\/wp\/v2\/types\/post"}],"author":[{"embeddable":true,"href":"https:\/\/www.hashtag.al\/index.php\/wp-json\/wp\/v2\/users\/4"}],"replies":[{"embeddable":true,"href":"https:\/\/www.hashtag.al\/index.php\/wp-json\/wp\/v2\/comments?post=679026"}],"version-history":[{"count":0,"href":"https:\/\/www.hashtag.al\/index.php\/wp-json\/wp\/v2\/posts\/679026\/revisions"}],"wp:featuredmedia":[{"embeddable":true,"href":"https:\/\/www.hashtag.al\/index.php\/wp-json\/wp\/v2\/media\/679028"}],"wp:attachment":[{"href":"https:\/\/www.hashtag.al\/index.php\/wp-json\/wp\/v2\/media?parent=679026"}],"wp:term":[{"taxonomy":"category","embeddable":true,"href":"https:\/\/www.hashtag.al\/index.php\/wp-json\/wp\/v2\/categories?post=679026"},{"taxonomy":"post_tag","embeddable":true,"href":"https:\/\/www.hashtag.al\/index.php\/wp-json\/wp\/v2\/tags?post=679026"}],"curies":[{"name":"wp","href":"https:\/\/api.w.org\/{rel}","templated":true}]}}