{"id":679023,"date":"2024-06-03T14:11:47","date_gmt":"2024-06-03T12:11:47","guid":{"rendered":"https:\/\/www.hashtag.al\/?p=679023"},"modified":"2024-06-03T14:11:47","modified_gmt":"2024-06-03T12:11:47","slug":"meta-kampi-i-emigranteve-si-inceneratoret","status":"publish","type":"post","link":"https:\/\/www.hashtag.al\/index.php\/2024\/06\/03\/meta-kampi-i-emigranteve-si-inceneratoret\/","title":{"rendered":"Meta: Kampi i emigrant\u00ebve si incenerator\u00ebt","gt_translate_keys":[{"key":"rendered","format":"text"}]},"content":{"rendered":"<p><img loading=\"lazy\" decoding=\"async\" class=\"size-full wp-image-679024 aligncenter\" src=\"https:\/\/www.hashtag.al\/wp-content\/uploads\/2024\/06\/meta-1-1.jpg\" alt=\"\" width=\"1021\" height=\"622\" srcset=\"https:\/\/www.hashtag.al\/wp-content\/uploads\/2024\/06\/meta-1-1.jpg 1021w, https:\/\/www.hashtag.al\/wp-content\/uploads\/2024\/06\/meta-1-1-300x183.jpg 300w, https:\/\/www.hashtag.al\/wp-content\/uploads\/2024\/06\/meta-1-1-768x468.jpg 768w\" sizes=\"auto, (max-width: 1021px) 100vw, 1021px\" \/><\/p>\n<p><span style=\"font-weight: 400; color: #000000;\">Presidenti i Partis\u00eb s\u00eb Liris\u00eb Ilir Meta, n\u00eb mbledhjen e kryesis\u00eb politike t\u00eb PL, ka b\u00ebr\u00eb nj\u00eb paraleliz\u00ebm mes emergjenc\u00ebs s\u00eb emigrant\u00ebve, lidhur me marr\u00ebveshjen me Italin\u00eb, dhe kriz\u00ebs s\u00eb sajuar sipas tij p\u00ebr krijimin e incenerator\u00ebve.<\/span><\/p>\n<p><span style=\"font-weight: 400; color: #000000;\">Ai tha se marr\u00ebveshja me Italin\u00eb po shihet edhe n\u00eb Itali me hije korrupsioni, ashtu si edhe n\u00eb Shqip\u00ebri.<\/span><\/p>\n<p><span style=\"font-weight: 400; color: #000000;\">Meta shtoi se emergjenca e emigrant\u00ebve \u00ebsht\u00eb kthyer n\u00eb nj\u00eb gjenerim korrupsioni.<\/span><\/p>\n<p><span style=\"color: #000000;\"><i><span style=\"font-weight: 400;\">\u201cEmergjenca e emigrant\u00ebve \u00ebsht\u00eb kthyer n\u00eb gjenerim korrupsioni. Kampi nuk dihet n\u00ebse mbaron deri n\u00eb fund t\u00eb dimrit. Nj\u00eblloj sicc u sajua emergjenca e plehrave p\u00ebr t\u00eb justifikuar megaafer\u00ebn e incenearator\u00ebve\u201d, <\/span><\/i><span style=\"font-weight: 400;\">tha Meta.<\/span><\/span><\/p>\n","protected":false,"gt_translate_keys":[{"key":"rendered","format":"html"}]},"excerpt":{"rendered":"<p>Presidenti i Partis\u00eb s\u00eb Liris\u00eb Ilir Meta, n\u00eb mbledhjen e kryesis\u00eb politike t\u00eb PL, ka b\u00ebr\u00eb nj\u00eb paraleliz\u00ebm mes emergjenc\u00ebs s\u00eb emigrant\u00ebve, lidhur me marr\u00ebveshjen me Italin\u00eb, dhe kriz\u00ebs s\u00eb sajuar sipas tij p\u00ebr krijimin e incenerator\u00ebve. Ai tha se marr\u00ebveshja me Italin\u00eb po shihet edhe n\u00eb Itali me hije korrupsioni, ashtu si edhe n\u00eb [&hellip;]<\/p>\n","protected":false,"gt_translate_keys":[{"key":"rendered","format":"html"}]},"author":4,"featured_media":679024,"comment_status":"closed","ping_status":"open","sticky":false,"template":"","format":"standard","meta":{"footnotes":""},"categories":[65],"tags":[],"class_list":["post-679023","post","type-post","status-publish","format-standard","has-post-thumbnail","hentry","category-lajme"],"gt_translate_keys":[{"key":"link","format":"url"}],"_links":{"self":[{"href":"https:\/\/www.hashtag.al\/index.php\/wp-json\/wp\/v2\/posts\/679023","targetHints":{"allow":["GET"]}}],"collection":[{"href":"https:\/\/www.hashtag.al\/index.php\/wp-json\/wp\/v2\/posts"}],"about":[{"href":"https:\/\/www.hashtag.al\/index.php\/wp-json\/wp\/v2\/types\/post"}],"author":[{"embeddable":true,"href":"https:\/\/www.hashtag.al\/index.php\/wp-json\/wp\/v2\/users\/4"}],"replies":[{"embeddable":true,"href":"https:\/\/www.hashtag.al\/index.php\/wp-json\/wp\/v2\/comments?post=679023"}],"version-history":[{"count":0,"href":"https:\/\/www.hashtag.al\/index.php\/wp-json\/wp\/v2\/posts\/679023\/revisions"}],"wp:featuredmedia":[{"embeddable":true,"href":"https:\/\/www.hashtag.al\/index.php\/wp-json\/wp\/v2\/media\/679024"}],"wp:attachment":[{"href":"https:\/\/www.hashtag.al\/index.php\/wp-json\/wp\/v2\/media?parent=679023"}],"wp:term":[{"taxonomy":"category","embeddable":true,"href":"https:\/\/www.hashtag.al\/index.php\/wp-json\/wp\/v2\/categories?post=679023"},{"taxonomy":"post_tag","embeddable":true,"href":"https:\/\/www.hashtag.al\/index.php\/wp-json\/wp\/v2\/tags?post=679023"}],"curies":[{"name":"wp","href":"https:\/\/api.w.org\/{rel}","templated":true}]}}