{"id":678966,"date":"2024-06-03T11:03:34","date_gmt":"2024-06-03T09:03:34","guid":{"rendered":"https:\/\/www.hashtag.al\/?p=678966"},"modified":"2024-06-03T11:03:34","modified_gmt":"2024-06-03T09:03:34","slug":"grupi-i-ps-se-diskuton-pr-ligjet-per-pagesat-e-ish-punonjeve-te-uzines-se-armeve-ne-polican-dhe-traktatin-e-bashkepunimit-me-ukrainen","status":"publish","type":"post","link":"https:\/\/www.hashtag.al\/index.php\/2024\/06\/03\/grupi-i-ps-se-diskuton-pr-ligjet-per-pagesat-e-ish-punonjeve-te-uzines-se-armeve-ne-polican-dhe-traktatin-e-bashkepunimit-me-ukrainen\/","title":{"rendered":"Grupi i PS-s\u00eb diskuton pr.ligjet p\u00ebr pagesat e ish-punonj\u00ebve t\u00eb uzin\u00ebs s\u00eb arm\u00ebve n\u00eb Poli\u00e7an dhe traktatin e bashk\u00ebpunimit me Ukrain\u00ebn","gt_translate_keys":[{"key":"rendered","format":"text"}]},"content":{"rendered":"<p><span style=\"color: #000000;\"><a href=\"https:\/\/www.hashtag.al\/wp-content\/uploads\/2024\/06\/835bc532-6988-4904-a68b-f65d55a92670-768x512-1.jpg\"><img loading=\"lazy\" decoding=\"async\" class=\"aligncenter size-full wp-image-678968\" src=\"https:\/\/www.hashtag.al\/wp-content\/uploads\/2024\/06\/835bc532-6988-4904-a68b-f65d55a92670-768x512-1.jpg\" alt=\"\" width=\"768\" height=\"512\" srcset=\"https:\/\/www.hashtag.al\/wp-content\/uploads\/2024\/06\/835bc532-6988-4904-a68b-f65d55a92670-768x512-1.jpg 768w, https:\/\/www.hashtag.al\/wp-content\/uploads\/2024\/06\/835bc532-6988-4904-a68b-f65d55a92670-768x512-1-300x200.jpg 300w\" sizes=\"auto, (max-width: 768px) 100vw, 768px\" \/><\/a><\/span><\/p>\n<p><span style=\"color: #000000;\">Grupi Parlamentar i Partis\u00eb Socialiste \u00ebsht\u00eb mbledhur k\u00ebt\u00eb t\u00eb h\u00ebn\u00eb p\u00ebr t\u00eb diskutuar axhend\u00ebn e jav\u00ebs s\u00eb re n\u00eb Kuvend.<\/span><\/p>\n<p><span style=\"color: #000000;\">Kryetari Bledi \u00c7u\u00e7i njohu deputet\u00ebt me \u00e7\u00ebshtjet q\u00eb pritet t\u00eb diskutohen n\u00ebp\u00ebr komisione dhe t\u00eb shkojn\u00eb m\u00eb pas n\u00eb seanc\u00ebn e dat\u00ebs 6 qershor.<\/span><\/p>\n<p><span style=\"color: #000000;\">Mes projektligjeve q\u00eb parashikohet t\u00eb kalojn\u00eb n\u00eb seanc\u00eb jan\u00eb ai \u201cP\u00ebr financimin e detyrimit t\u00eb prapambetur t\u00eb pages\u00ebs s\u00eb punonj\u00ebsve dhe ish-punonj\u00ebsve t\u00eb Kombinatit Mekanik Poli\u00e7an\u201d; projektligj \u201cP\u00ebr ratifikimin e traktatit t\u00eb miq\u00ebsis\u00eb dhe bashk\u00ebpunimit, nd\u00ebrmjet Republik\u00ebs s\u00eb Shqip\u00ebris\u00eb dhe Ukrain\u00ebs\u201d; projektligji \u201cP\u00ebr gjendjen civile\u201d; shqyrtim i draft Rezolut\u00ebs p\u00ebr Veprimtarin\u00eb e Entit Rregullator t\u00eb Ujit p\u00ebr vitin 2023 etj.<\/span><\/p>\n<p><span style=\"color: #000000;\">N\u00eb vijim pati diskutime t\u00eb tjera p\u00ebr \u00e7\u00ebshtje t\u00eb ndryshme t\u00eb ngritura nga deputet\u00ebt e pranish\u00ebm n\u00eb mbledhje.<\/span><\/p>\n","protected":false,"gt_translate_keys":[{"key":"rendered","format":"html"}]},"excerpt":{"rendered":"<p>Grupi Parlamentar i Partis\u00eb Socialiste \u00ebsht\u00eb mbledhur k\u00ebt\u00eb t\u00eb h\u00ebn\u00eb p\u00ebr t\u00eb diskutuar axhend\u00ebn e jav\u00ebs s\u00eb re n\u00eb Kuvend. Kryetari Bledi \u00c7u\u00e7i njohu deputet\u00ebt me \u00e7\u00ebshtjet q\u00eb pritet t\u00eb diskutohen n\u00ebp\u00ebr komisione dhe t\u00eb shkojn\u00eb m\u00eb pas n\u00eb seanc\u00ebn e dat\u00ebs 6 qershor. Mes projektligjeve q\u00eb parashikohet t\u00eb kalojn\u00eb n\u00eb seanc\u00eb jan\u00eb ai \u201cP\u00ebr [&hellip;]<\/p>\n","protected":false,"gt_translate_keys":[{"key":"rendered","format":"html"}]},"author":32,"featured_media":678968,"comment_status":"closed","ping_status":"open","sticky":false,"template":"","format":"standard","meta":{"footnotes":""},"categories":[65],"tags":[],"class_list":["post-678966","post","type-post","status-publish","format-standard","has-post-thumbnail","hentry","category-lajme"],"gt_translate_keys":[{"key":"link","format":"url"}],"_links":{"self":[{"href":"https:\/\/www.hashtag.al\/index.php\/wp-json\/wp\/v2\/posts\/678966","targetHints":{"allow":["GET"]}}],"collection":[{"href":"https:\/\/www.hashtag.al\/index.php\/wp-json\/wp\/v2\/posts"}],"about":[{"href":"https:\/\/www.hashtag.al\/index.php\/wp-json\/wp\/v2\/types\/post"}],"author":[{"embeddable":true,"href":"https:\/\/www.hashtag.al\/index.php\/wp-json\/wp\/v2\/users\/32"}],"replies":[{"embeddable":true,"href":"https:\/\/www.hashtag.al\/index.php\/wp-json\/wp\/v2\/comments?post=678966"}],"version-history":[{"count":0,"href":"https:\/\/www.hashtag.al\/index.php\/wp-json\/wp\/v2\/posts\/678966\/revisions"}],"wp:featuredmedia":[{"embeddable":true,"href":"https:\/\/www.hashtag.al\/index.php\/wp-json\/wp\/v2\/media\/678968"}],"wp:attachment":[{"href":"https:\/\/www.hashtag.al\/index.php\/wp-json\/wp\/v2\/media?parent=678966"}],"wp:term":[{"taxonomy":"category","embeddable":true,"href":"https:\/\/www.hashtag.al\/index.php\/wp-json\/wp\/v2\/categories?post=678966"},{"taxonomy":"post_tag","embeddable":true,"href":"https:\/\/www.hashtag.al\/index.php\/wp-json\/wp\/v2\/tags?post=678966"}],"curies":[{"name":"wp","href":"https:\/\/api.w.org\/{rel}","templated":true}]}}