{"id":678937,"date":"2024-06-03T09:57:07","date_gmt":"2024-06-03T07:57:07","guid":{"rendered":"https:\/\/www.hashtag.al\/?p=678937"},"modified":"2024-06-03T10:02:53","modified_gmt":"2024-06-03T08:02:53","slug":"konferenca-per-te-drejten-e-informimit-rama-hendeku-mes-hartimit-te-ligjeve-dhe-zbatimit-mbetet-sfide-per-ne","status":"publish","type":"post","link":"https:\/\/www.hashtag.al\/index.php\/2024\/06\/03\/konferenca-per-te-drejten-e-informimit-rama-hendeku-mes-hartimit-te-ligjeve-dhe-zbatimit-mbetet-sfide-per-ne\/","title":{"rendered":"Konferenca p\u00ebr t\u00eb drejt\u00ebn e informimit, Rama: Hendeku mes hartimit t\u00eb ligjeve dhe zbatimit, mbetet sfid\u00eb p\u00ebr ne","gt_translate_keys":[{"key":"rendered","format":"text"}]},"content":{"rendered":"<p><span style=\"color: #000000;\"><a href=\"https:\/\/www.hashtag.al\/wp-content\/uploads\/2024\/06\/1717399987_rama.jpg\"><img loading=\"lazy\" decoding=\"async\" class=\"aligncenter size-full wp-image-678941\" src=\"https:\/\/www.hashtag.al\/wp-content\/uploads\/2024\/06\/1717399987_rama.jpg\" alt=\"\" width=\"780\" height=\"440\" srcset=\"https:\/\/www.hashtag.al\/wp-content\/uploads\/2024\/06\/1717399987_rama.jpg 780w, https:\/\/www.hashtag.al\/wp-content\/uploads\/2024\/06\/1717399987_rama-300x169.jpg 300w, https:\/\/www.hashtag.al\/wp-content\/uploads\/2024\/06\/1717399987_rama-768x433.jpg 768w\" sizes=\"auto, (max-width: 780px) 100vw, 780px\" \/><\/a><\/span><\/p>\n<p><span style=\"color: #000000;\">Kryeministri Edi Rama merr pjes\u00eb n\u00eb Konferenc\u00ebn Nd\u00ebrkomb\u00ebtare t\u00eb Komisioner\u00ebve t\u00eb Informimit, edicioni i 15-t\u00eb, forumi m\u00eb i lart\u00eb dhe m\u00eb i r\u00ebnd\u00ebsish\u00ebm i bashk\u00ebpunimit e koordinimit t\u00eb Autoriteteve bot\u00ebrore rregullatore t\u00eb s\u00eb drejt\u00ebs p\u00ebr akses n\u00eb informacionin publik dhe transparenc\u00ebn.<\/span><\/p>\n<p><span style=\"color: #000000;\">Kreu i qeveris\u00eb lajm\u00ebroi se n\u00eb qershor do t\u00eb mbahet nj\u00eb konferenc\u00eb t\u00eb jasht\u00ebzakonshme p\u00ebr t\u00eb drejt\u00ebn e informimit, p\u00ebr t\u00eb cil\u00ebn tha se \u00ebsht\u00eb konceptuar si ballafaqim mes fakteve dhe institucioneve.<\/span><\/p>\n<p><span style=\"color: #000000;\"><em>\u00a0\u201cSfida \u00ebsht\u00eb si t\u00eb b\u00ebjm\u00eb q\u00eb t\u00eb rriturit t\u00eb mos i tremben drit\u00ebs e si ti b\u00ebjm\u00eb qeverit\u00eb e institucionet shtet\u00ebrore t\u00eb mos i tremben drit\u00ebs.<\/em><\/span><\/p>\n<p><span style=\"color: #000000;\"><em>Dua t\u00eb shtoj se e drejta p\u00ebr informim \u00ebsht\u00eb parakusht p\u00ebr sh\u00ebndetin e zhvillimin e demokracive funskionale.<\/em><\/span><\/p>\n<p><span style=\"color: #000000;\"><em>I k\u00ebnaqur t\u00eb shoh progresin n\u00eb transperenc\u00eb, por i vet\u00ebdijsh\u00ebm q\u00eb ky p\u00ebrparim thot\u00eb shum\u00eb p\u00ebr at\u00eb prej nga vijm\u00eb e tregon se nuk \u00ebsht\u00eb mjaftuesh\u00ebm krahasuar me aty ku duam t\u00eb arrijm\u00eb. Ndaj shum\u00eb shpejt, n\u00eb fund t\u00eb qershorit do t\u00eb mbajm\u00eb nj\u00eb konferenc\u00eb t\u00eb jasht\u00ebzakonshme p\u00ebr t\u00eb drejt\u00ebn e informimit q\u00eb e kemi konceptuar si ballafaqim mes fakteve dhe institucioneve. Mes asaj q\u00eb shkruhet n\u00eb ligjet tona dhe asaj q\u00eb zbatohet.<\/em><\/span><\/p>\n<p><span style=\"color: #000000;\"><em>Hendeku mes hartimit t\u00eb ligjeve dhe zbatimit, \u00ebsht\u00eb sfid\u00eb p\u00ebr shum\u00eb prej nesh sepse jemi vende e njer\u00ebz q\u00eb ndajm\u00eb nj\u00eb mend\u00ebsi kur flitet p\u00ebr t\u00eb drejt\u00ebn e informimit. Nuk jemi suedez\u00eb, jemi t\u00eb vet\u00ebdijsh\u00ebm\u201d,<\/em> tha ai.<\/span><\/p>\n","protected":false,"gt_translate_keys":[{"key":"rendered","format":"html"}]},"excerpt":{"rendered":"<p>Kryeministri Edi Rama merr pjes\u00eb n\u00eb Konferenc\u00ebn Nd\u00ebrkomb\u00ebtare t\u00eb Komisioner\u00ebve t\u00eb Informimit, edicioni i 15-t\u00eb, forumi m\u00eb i lart\u00eb dhe m\u00eb i r\u00ebnd\u00ebsish\u00ebm i bashk\u00ebpunimit e koordinimit t\u00eb Autoriteteve bot\u00ebrore rregullatore t\u00eb s\u00eb drejt\u00ebs p\u00ebr akses n\u00eb informacionin publik dhe transparenc\u00ebn. Kreu i qeveris\u00eb lajm\u00ebroi se n\u00eb qershor do t\u00eb mbahet nj\u00eb konferenc\u00eb t\u00eb jasht\u00ebzakonshme [&hellip;]<\/p>\n","protected":false,"gt_translate_keys":[{"key":"rendered","format":"html"}]},"author":32,"featured_media":678941,"comment_status":"closed","ping_status":"open","sticky":false,"template":"","format":"standard","meta":{"footnotes":""},"categories":[65],"tags":[],"class_list":["post-678937","post","type-post","status-publish","format-standard","has-post-thumbnail","hentry","category-lajme"],"gt_translate_keys":[{"key":"link","format":"url"}],"_links":{"self":[{"href":"https:\/\/www.hashtag.al\/index.php\/wp-json\/wp\/v2\/posts\/678937","targetHints":{"allow":["GET"]}}],"collection":[{"href":"https:\/\/www.hashtag.al\/index.php\/wp-json\/wp\/v2\/posts"}],"about":[{"href":"https:\/\/www.hashtag.al\/index.php\/wp-json\/wp\/v2\/types\/post"}],"author":[{"embeddable":true,"href":"https:\/\/www.hashtag.al\/index.php\/wp-json\/wp\/v2\/users\/32"}],"replies":[{"embeddable":true,"href":"https:\/\/www.hashtag.al\/index.php\/wp-json\/wp\/v2\/comments?post=678937"}],"version-history":[{"count":0,"href":"https:\/\/www.hashtag.al\/index.php\/wp-json\/wp\/v2\/posts\/678937\/revisions"}],"wp:featuredmedia":[{"embeddable":true,"href":"https:\/\/www.hashtag.al\/index.php\/wp-json\/wp\/v2\/media\/678941"}],"wp:attachment":[{"href":"https:\/\/www.hashtag.al\/index.php\/wp-json\/wp\/v2\/media?parent=678937"}],"wp:term":[{"taxonomy":"category","embeddable":true,"href":"https:\/\/www.hashtag.al\/index.php\/wp-json\/wp\/v2\/categories?post=678937"},{"taxonomy":"post_tag","embeddable":true,"href":"https:\/\/www.hashtag.al\/index.php\/wp-json\/wp\/v2\/tags?post=678937"}],"curies":[{"name":"wp","href":"https:\/\/api.w.org\/{rel}","templated":true}]}}