{"id":678816,"date":"2024-06-02T16:09:46","date_gmt":"2024-06-02T14:09:46","guid":{"rendered":"https:\/\/www.hashtag.al\/?p=678816"},"modified":"2024-06-02T16:09:46","modified_gmt":"2024-06-02T14:09:46","slug":"investigimi-i-rai3-rama-merr-pjese-ne-episodin-e-dyte-sonte-ne-mbremje-shikoni-degjoni-e-gjykoni-vete","status":"publish","type":"post","link":"https:\/\/www.hashtag.al\/index.php\/2024\/06\/02\/investigimi-i-rai3-rama-merr-pjese-ne-episodin-e-dyte-sonte-ne-mbremje-shikoni-degjoni-e-gjykoni-vete\/","title":{"rendered":"Investigimi i RAI3, Rama merr pjes\u00eb n\u00eb episodin e dyt\u00eb: Sonte n\u00eb mbr\u00ebmje shikoni, d\u00ebgjoni e gjykoni vet\u00eb","gt_translate_keys":[{"key":"rendered","format":"text"}]},"content":{"rendered":"<p><img loading=\"lazy\" decoding=\"async\" class=\"size-full wp-image-678817 aligncenter\" src=\"https:\/\/www.hashtag.al\/wp-content\/uploads\/2024\/06\/1717336291_ediramagiorgiomottola.jpg\" alt=\"\" width=\"780\" height=\"440\" srcset=\"https:\/\/www.hashtag.al\/wp-content\/uploads\/2024\/06\/1717336291_ediramagiorgiomottola.jpg 780w, https:\/\/www.hashtag.al\/wp-content\/uploads\/2024\/06\/1717336291_ediramagiorgiomottola-300x169.jpg 300w, https:\/\/www.hashtag.al\/wp-content\/uploads\/2024\/06\/1717336291_ediramagiorgiomottola-768x433.jpg 768w\" sizes=\"auto, (max-width: 780px) 100vw, 780px\" \/><\/p>\n<p><span style=\"font-weight: 400; color: #000000;\">Kryeministri Edi Rama ka njoftuar n\u00eb Facebook se mbr\u00ebmjen e sotme RAI3 do t\u00eb transmetoj\u00eb episodin e dyt\u00eb t\u00eb dokumentarit p\u00ebr Shqip\u00ebrin\u00eb, ku pjes\u00eb do t\u00eb jet\u00eb edhe vet\u00eb kreu i qeveris\u00eb.<\/span><\/p>\n<p><span style=\"font-weight: 400; color: #000000;\">Ai u shpreh se para disa jav\u00ebsh televizioni italian b\u00ebri \u201cnj\u00eb reportazh ku p\u00ebrzieu n\u00eb t\u00eb nj\u00ebjtin kazan prodhimet e sherrit politike italian mbi marr\u00ebveshjen Itali-Shqip\u00ebri p\u00ebr qendr\u00ebn e pritjes s\u00eb tremij\u00eb migrant\u00ebve n\u00eb Sh\u00ebngjin, me llumin e eksportuar nga kanalet e ujrave t\u00eb zeza politike e mediatike t\u00eb Tiran\u00ebs\u201d.<\/span><\/p>\n<p><span style=\"font-weight: 400; color: #000000;\">Rama shtoi se drejtori i programit \u201cReport\u201d iu p\u00ebrgjigj pozitivisht ftes\u00ebs s\u00eb tij publike p\u00ebr t\u00eb ballafaquar faktet n\u00eb syt\u00eb e audienc\u00ebs.<\/span><\/p>\n<p><span style=\"color: #000000;\"><b>Postimi i plot\u00eb:<\/b><\/span><\/p>\n<p><span style=\"color: #000000;\"><i><span style=\"font-weight: 400;\">\u201cVOGLIO BENE A GIORGIO MA VOGLIO DI PIU A LA VERITA\u201d*<\/span><\/i><\/span><\/p>\n<p><span style=\"color: #000000;\"><i><span style=\"font-weight: 400;\">SONTE 20:00<\/span><\/i><\/span><\/p>\n<p><span style=\"color: #000000;\"><i><span style=\"font-weight: 400;\">\u201cRAI3 Report\u201d b\u00ebri para disa jav\u00ebsh nj\u00eb reportazh ku p\u00ebrzieu n\u00eb t\u00eb nj\u00ebjtin kazan prodhimet e sherrit politike italian mbi marr\u00ebveshjen Itali-Shqip\u00ebri p\u00ebr qendr\u00ebn e pritjes s\u00eb tremij\u00eb migrant\u00ebve n\u00eb Sh\u00ebngjin, me llumin e eksportuar nga kanalet e ujrave t\u00eb zeza politike e mediatike t\u00eb Tiran\u00ebs, duke c\u00ebnuar imazhin e Shqip\u00ebris\u00eb dhe dinjitetin e shqiptar\u00ebve.\u00a0<\/span><\/i><\/span><\/p>\n<p><span style=\"color: #000000;\"><i><span style=\"font-weight: 400;\">Dihet \u201clufta\u201d q\u00eb pasoi e q\u00eb u b\u00eb tem\u00eb e mediave italiane pas kund\u00ebrv\u00ebnies sime ndaj asaj llumnaje.<\/span><\/i><\/span><\/p>\n<p><span style=\"color: #000000;\"><i><span style=\"font-weight: 400;\">Drejtori i programit \u201cReport\u201d iu p\u00ebrgjigj pozitivisht ftes\u00ebs sime publike drejtuar atij personalisht, p\u00ebr t\u00eb ballafaquar faktet n\u00eb syt\u00eb e audienc\u00ebs s\u00eb RAI3.\u00a0<\/span><\/i><\/span><\/p>\n<p><span style=\"color: #000000;\"><i><span style=\"font-weight: 400;\">Ram\u00eb dakord, q\u00eb p\u00ebrve\u00e7 copave t\u00eb intervist\u00ebs s\u00eb b\u00ebr\u00eb n\u00eb zyr\u00ebn time, t\u00eb cilat ata do t\u2019i marrin e do t\u2019i presin dhe qepin sipas skenarit t\u00eb tyre (me q\u00ebllimin leht\u00ebsisht t\u00eb lexuesh\u00ebm t\u00eb vazhdimit t\u00eb p\u00ebrzierjes n\u00eb t\u00eb nj\u00ebjtin kazan t\u00eb sherrnaj\u00ebs politike italiane me llumin e eksportuar nga Tirana) intervista e pacensuruar do t\u00eb publikohet e plot\u00eb nj\u00ebkoh\u00ebsisht n\u00eb rrjetet sociale t\u00eb Report, si edhe k\u00ebtu n\u00eb k\u00ebt\u00eb faqe.<\/span><\/i><\/span><\/p>\n<p><span style=\"color: #000000;\"><i><span style=\"font-weight: 400;\">Sonte n\u00eb mbr\u00ebmje shikoni, d\u00ebgjoni e gjykoni vet\u00eb, un\u00eb s\u2019po b\u00ebj asnj\u00eb koment. Nes\u00ebr flasim, k\u00ebtu jemi prap\u00eb<\/span><\/i><\/span><\/p>\n<p><span style=\"color: #000000;\"><i><span style=\"font-weight: 400;\">*Kujdes e kam fjal\u00ebn p\u00ebr Giorgio-n, gazetarin n\u00eb foto, jo p\u00ebr Giorgia-n, sh\u00ebnjestr\u00ebn kryesore t\u00eb \u201cRAI3 Report\u201d.<\/span><\/i><\/span><\/p>\n","protected":false,"gt_translate_keys":[{"key":"rendered","format":"html"}]},"excerpt":{"rendered":"<p>Kryeministri Edi Rama ka njoftuar n\u00eb Facebook se mbr\u00ebmjen e sotme RAI3 do t\u00eb transmetoj\u00eb episodin e dyt\u00eb t\u00eb dokumentarit p\u00ebr Shqip\u00ebrin\u00eb, ku pjes\u00eb do t\u00eb jet\u00eb edhe vet\u00eb kreu i qeveris\u00eb. Ai u shpreh se para disa jav\u00ebsh televizioni italian b\u00ebri \u201cnj\u00eb reportazh ku p\u00ebrzieu n\u00eb t\u00eb nj\u00ebjtin kazan prodhimet e sherrit politike italian [&hellip;]<\/p>\n","protected":false,"gt_translate_keys":[{"key":"rendered","format":"html"}]},"author":4,"featured_media":678817,"comment_status":"closed","ping_status":"open","sticky":false,"template":"","format":"standard","meta":{"footnotes":""},"categories":[65],"tags":[],"class_list":["post-678816","post","type-post","status-publish","format-standard","has-post-thumbnail","hentry","category-lajme"],"gt_translate_keys":[{"key":"link","format":"url"}],"_links":{"self":[{"href":"https:\/\/www.hashtag.al\/index.php\/wp-json\/wp\/v2\/posts\/678816","targetHints":{"allow":["GET"]}}],"collection":[{"href":"https:\/\/www.hashtag.al\/index.php\/wp-json\/wp\/v2\/posts"}],"about":[{"href":"https:\/\/www.hashtag.al\/index.php\/wp-json\/wp\/v2\/types\/post"}],"author":[{"embeddable":true,"href":"https:\/\/www.hashtag.al\/index.php\/wp-json\/wp\/v2\/users\/4"}],"replies":[{"embeddable":true,"href":"https:\/\/www.hashtag.al\/index.php\/wp-json\/wp\/v2\/comments?post=678816"}],"version-history":[{"count":0,"href":"https:\/\/www.hashtag.al\/index.php\/wp-json\/wp\/v2\/posts\/678816\/revisions"}],"wp:featuredmedia":[{"embeddable":true,"href":"https:\/\/www.hashtag.al\/index.php\/wp-json\/wp\/v2\/media\/678817"}],"wp:attachment":[{"href":"https:\/\/www.hashtag.al\/index.php\/wp-json\/wp\/v2\/media?parent=678816"}],"wp:term":[{"taxonomy":"category","embeddable":true,"href":"https:\/\/www.hashtag.al\/index.php\/wp-json\/wp\/v2\/categories?post=678816"},{"taxonomy":"post_tag","embeddable":true,"href":"https:\/\/www.hashtag.al\/index.php\/wp-json\/wp\/v2\/tags?post=678816"}],"curies":[{"name":"wp","href":"https:\/\/api.w.org\/{rel}","templated":true}]}}