{"id":678658,"date":"2024-06-01T13:33:40","date_gmt":"2024-06-01T11:33:40","guid":{"rendered":"https:\/\/www.hashtag.al\/?p=678658"},"modified":"2024-06-01T13:34:09","modified_gmt":"2024-06-01T11:34:09","slug":"kosove-gjenden-dhjetera-uniforma-te-policise-serbe-ne-veri-svecla-serbia-synon-destabilizim","status":"publish","type":"post","link":"https:\/\/www.hashtag.al\/index.php\/2024\/06\/01\/kosove-gjenden-dhjetera-uniforma-te-policise-serbe-ne-veri-svecla-serbia-synon-destabilizim\/","title":{"rendered":"Kosov\u00eb\/ Gjenden dhjet\u00ebra uniforma t\u00eb policis\u00eb serbe n\u00eb Veri, Sve\u00e7la: Serbia synon destabilizim","gt_translate_keys":[{"key":"rendered","format":"text"}]},"content":{"rendered":"<p><span style=\"color: #000000;\"><a href=\"https:\/\/www.hashtag.al\/wp-content\/uploads\/2024\/06\/Capture-12-1.jpg\"><img loading=\"lazy\" decoding=\"async\" class=\"aligncenter size-full wp-image-678659\" src=\"https:\/\/www.hashtag.al\/wp-content\/uploads\/2024\/06\/Capture-12-1.jpg\" alt=\"\" width=\"954\" height=\"528\" srcset=\"https:\/\/www.hashtag.al\/wp-content\/uploads\/2024\/06\/Capture-12-1.jpg 954w, https:\/\/www.hashtag.al\/wp-content\/uploads\/2024\/06\/Capture-12-1-300x166.jpg 300w, https:\/\/www.hashtag.al\/wp-content\/uploads\/2024\/06\/Capture-12-1-768x425.jpg 768w, https:\/\/www.hashtag.al\/wp-content\/uploads\/2024\/06\/Capture-12-1-750x415.jpg 750w\" sizes=\"auto, (max-width: 954px) 100vw, 954px\" \/><\/a><\/span><\/p>\n<p><span style=\"color: #000000;\">Ministri i Brendsh\u00ebm i Kosov\u00ebs, Xhelal Sve\u00e7la, tha t\u00eb shtun\u00ebn se jan\u00eb gjetur dhjet\u00ebra uniforma t\u00eb policis\u00eb se rregullt dhe asaj speciale serbe, si dhe pjes\u00eb t\u00eb uniformave t\u00eb Policis\u00eb s\u00eb Kosov\u00ebs n\u00eb nj\u00eb fshat n\u00eb veri t\u00eb vendit.<\/span><\/p>\n<p><span style=\"color: #000000;\">Ai tha n\u00eb nj\u00eb postim n\u00eb Facebook se autoritetet kosovare i zbuluan uniformat n\u00eb nj\u00eb sht\u00ebpi n\u00eb fshatin Isev i Posht\u00ebm n\u00eb Komun\u00ebn e Leposaviqit, pasi mor\u00ebn nj\u00eb informat\u00eb p\u00ebr k\u00ebt\u00eb.<\/span><\/p>\n<p><span style=\"color: #000000;\">Sve\u00e7la nuk tregoi se kur u gjet\u00ebn uniformat e as se si kishin p\u00ebrfunduar ato atje.<\/span><\/p>\n<p><span style=\"color: #000000;\">Por ai shtoi se \u201c<em>kjo \u00ebsht\u00eb edhe nj\u00eb d\u00ebshmi e radh\u00ebs se mekanizmat e siguris\u00eb s\u00eb Serbis\u00eb ishin dhe mbeten p\u00ebrgjegj\u00ebsi i tentativ\u00ebs p\u00ebr destabilizim dhe aneksim t\u00eb veriut t\u00eb vendit ton\u00eb\u201d.<\/em><\/span><\/p>\n<p><span style=\"color: #000000;\">Gjetja e k\u00ebtyre uniformave vjen rreth dy jav\u00eb pasi Policia e Kosov\u00ebs konfiskoi p\u00ebrs\u00ebri armatim n\u00eb veri t\u00eb vendit.<\/span><\/p>\n<p><span style=\"color: #000000;\">Tensionet n\u00eb veri t\u00eb Kosov\u00ebs jan\u00eb t\u00eb larta prej vitit t\u00eb kaluar, posa\u00e7\u00ebrisht pas nj\u00eb sulmi me arm\u00eb kund\u00ebr Policis\u00eb s\u00eb Kosov\u00ebs nga nj\u00eb grup serb\u00ebsh m\u00eb 24 shtator n\u00eb fshatin Banjsk\u00eb t\u00eb Zve\u00e7anit, ku u vra nj\u00eb rreshter policor dhe tre sulmues serb\u00eb.<\/span><\/p>\n<p><span style=\"color: #000000;\">Asokohe pas sulmit, Sve\u00e7la kishte th\u00ebn\u00eb se Kosova gjeti prova q\u00eb d\u00ebshmonin se Serbia u p\u00ebrpoq ta aneksoj\u00eb veriun e Kosov\u00ebs dhe se sulmuesit ishin p\u00ebrgatitur p\u00ebr nj\u00eb koh\u00eb t\u00eb gjat\u00eb n\u00eb bazat ushtarake t\u00eb ushtris\u00eb serbe brenda Serbis\u00eb.<\/span><\/p>\n<p>&nbsp;<\/p>\n<p><span style=\"color: #000000;\">Kjo \u00ebsht\u00eb mohuar nga Serbia.<\/span><\/p>\n<p><span style=\"color: #000000;\">Kosova e akuzoi Serbin\u00eb p\u00ebr sulmin e 24 shtatorit, por Beogradi zyrtari i mohoi akuzat.<\/span><\/p>\n<p><span style=\"color: #000000;\">Pak koh\u00eb pas sulmit, p\u00ebrgjegj\u00ebsin\u00eb e mori Millan Radoi\u00e7iq, ish-n\u00ebnkryetari i List\u00ebs Serbe, partis\u00eb m\u00eb t\u00eb madhe t\u00eb serb\u00ebve t\u00eb Kosov\u00ebs q\u00eb g\u00ebzon mb\u00ebshtetjen e Beogradit zyrtar.<\/span><\/p>\n<p><span style=\"color: #000000;\">Ai e kishte pranuar publikisht organizimin e sulmit, megjithat\u00eb vazhdon t\u00eb jet\u00eb i lir\u00eb pasi \u00ebsht\u00eb larguar nga Kosova pas sulmit.<\/span><\/p>\n<p><span style=\"color: #000000;\">Prej sulmit t\u00eb 24 shtatorit n\u00eb Banjsk\u00eb t\u00eb Zve\u00e7anit, autoritetet e Kosov\u00ebs kan\u00eb prezantuar disa her\u00eb armatim t\u00eb konfiskuar n\u00eb pjes\u00ebn veriore.\/<span style=\"color: #0000ff;\"><a style=\"color: #0000ff;\" href=\"https:\/\/www.evropaelire.org\/a\/svecla-njofton-gjetjen-uniformave-policise-serbe-veri\/32975045.html\">REL<\/a><\/span><\/span><\/p>\n","protected":false,"gt_translate_keys":[{"key":"rendered","format":"html"}]},"excerpt":{"rendered":"<p>Ministri i Brendsh\u00ebm i Kosov\u00ebs, Xhelal Sve\u00e7la, tha t\u00eb shtun\u00ebn se jan\u00eb gjetur dhjet\u00ebra uniforma t\u00eb policis\u00eb se rregullt dhe asaj speciale serbe, si dhe pjes\u00eb t\u00eb uniformave t\u00eb Policis\u00eb s\u00eb Kosov\u00ebs n\u00eb nj\u00eb fshat n\u00eb veri t\u00eb vendit. Ai tha n\u00eb nj\u00eb postim n\u00eb Facebook se autoritetet kosovare i zbuluan uniformat n\u00eb nj\u00eb sht\u00ebpi [&hellip;]<\/p>\n","protected":false,"gt_translate_keys":[{"key":"rendered","format":"html"}]},"author":32,"featured_media":678659,"comment_status":"closed","ping_status":"open","sticky":false,"template":"","format":"standard","meta":{"footnotes":""},"categories":[149],"tags":[],"class_list":["post-678658","post","type-post","status-publish","format-standard","has-post-thumbnail","hentry","category-kosoverajon"],"gt_translate_keys":[{"key":"link","format":"url"}],"_links":{"self":[{"href":"https:\/\/www.hashtag.al\/index.php\/wp-json\/wp\/v2\/posts\/678658","targetHints":{"allow":["GET"]}}],"collection":[{"href":"https:\/\/www.hashtag.al\/index.php\/wp-json\/wp\/v2\/posts"}],"about":[{"href":"https:\/\/www.hashtag.al\/index.php\/wp-json\/wp\/v2\/types\/post"}],"author":[{"embeddable":true,"href":"https:\/\/www.hashtag.al\/index.php\/wp-json\/wp\/v2\/users\/32"}],"replies":[{"embeddable":true,"href":"https:\/\/www.hashtag.al\/index.php\/wp-json\/wp\/v2\/comments?post=678658"}],"version-history":[{"count":0,"href":"https:\/\/www.hashtag.al\/index.php\/wp-json\/wp\/v2\/posts\/678658\/revisions"}],"wp:featuredmedia":[{"embeddable":true,"href":"https:\/\/www.hashtag.al\/index.php\/wp-json\/wp\/v2\/media\/678659"}],"wp:attachment":[{"href":"https:\/\/www.hashtag.al\/index.php\/wp-json\/wp\/v2\/media?parent=678658"}],"wp:term":[{"taxonomy":"category","embeddable":true,"href":"https:\/\/www.hashtag.al\/index.php\/wp-json\/wp\/v2\/categories?post=678658"},{"taxonomy":"post_tag","embeddable":true,"href":"https:\/\/www.hashtag.al\/index.php\/wp-json\/wp\/v2\/tags?post=678658"}],"curies":[{"name":"wp","href":"https:\/\/api.w.org\/{rel}","templated":true}]}}