{"id":678438,"date":"2024-05-31T10:41:47","date_gmt":"2024-05-31T08:41:47","guid":{"rendered":"https:\/\/www.hashtag.al\/?p=678438"},"modified":"2024-05-31T10:41:47","modified_gmt":"2024-05-31T08:41:47","slug":"afera-cez-dia-rrezohet-rekursi-i-kastriot-ismailaj-ne-gjykaten-e-larte-lihet-ne-fuqi-vendimi-i-apelit","status":"publish","type":"post","link":"https:\/\/www.hashtag.al\/index.php\/2024\/05\/31\/afera-cez-dia-rrezohet-rekursi-i-kastriot-ismailaj-ne-gjykaten-e-larte-lihet-ne-fuqi-vendimi-i-apelit\/","title":{"rendered":"Afera CEZ-DIA, rr\u00ebzohet rekursi i Kastriot Ismailaj n\u00eb Gjykat\u00ebn e Lart\u00eb, lihet n\u00eb fuqi vendimi i Apelit","gt_translate_keys":[{"key":"rendered","format":"text"}]},"content":{"rendered":"<p><img loading=\"lazy\" decoding=\"async\" class=\"size-full wp-image-678439 aligncenter\" src=\"https:\/\/www.hashtag.al\/wp-content\/uploads\/2024\/05\/1717144180_kastriotismailaj.jpg\" alt=\"\" width=\"780\" height=\"440\" srcset=\"https:\/\/www.hashtag.al\/wp-content\/uploads\/2024\/05\/1717144180_kastriotismailaj.jpg 780w, https:\/\/www.hashtag.al\/wp-content\/uploads\/2024\/05\/1717144180_kastriotismailaj-300x169.jpg 300w, https:\/\/www.hashtag.al\/wp-content\/uploads\/2024\/05\/1717144180_kastriotismailaj-768x433.jpg 768w\" sizes=\"auto, (max-width: 780px) 100vw, 780px\" \/><\/p>\n<p><span style=\"font-weight: 400; color: #000000;\">Gjykata e Lart\u00eb ka rr\u00ebzuar rekursin e ish administratorit t\u00eb kompanis\u00eb DIA Kastriot Ismailaj, lidhur me vendimin e Gjykat\u00ebs s\u00eb Apelit Tiran\u00eb.<\/span><\/p>\n<p><span style=\"font-weight: 400; color: #000000;\">M\u00eb dat\u00eb 8 maj t\u00eb vitit 2018, Apeli i Tiran\u00ebs la n\u00eb fuqi vendimin e shkall\u00ebs s\u00eb par\u00eb p\u00ebr d\u00ebnimin e Ismailaj me 11 vite burg, p\u00ebr skandalin CEZ-DIA.<\/span><\/p>\n<p><span style=\"font-weight: 400; color: #000000;\">Ismailaj u d\u00ebnua p\u00ebr kryerjen e vepr\u00ebs penale \u201cmashtrim me pasoja t\u00eb r\u00ebnda\u201d dhe \u201cpastrim parash\u201d, p\u00ebr mbledhjen e borxheve t\u00eb prapambetura t\u00eb CEZ.<\/span><\/p>\n<p><span style=\"font-weight: 400; color: #000000;\">N\u00eb at\u00eb koh\u00eb, ai u akuzua se mori nga kompania CEZ rreth 6.5 milion\u00eb dollar\u00eb, p\u00ebr nj\u00eb sh\u00ebrbim t\u00eb cil\u00ebn nuk e kishte kryer.<\/span><\/p>\n<p><span style=\"font-weight: 400; color: #000000;\">Lidhur me vendimin e Apelit t\u00eb Tiran\u00ebs, Ismailaj b\u00ebri rekurs n\u00eb Gjykat\u00ebn e Lart\u00eb, k\u00ebrkes\u00eb e cila u rrezua nga trupa e gjykimit e p\u00ebrb\u00ebr\u00eb nga Ilir Panda, Medi Bici dhe Valbon \u00c7ekrezi.<\/span><\/p>\n<p><span style=\"font-weight: 400; color: #000000;\">Kastriot Ismailaj u lirua nga burgu i Fierit m\u00eb dat\u00eb 7 shtator t\u00eb vitit 2023, pas 9 vitesh nga momenti i arrestimit t\u00eb tij.<\/span><\/p>\n","protected":false,"gt_translate_keys":[{"key":"rendered","format":"html"}]},"excerpt":{"rendered":"<p>Gjykata e Lart\u00eb ka rr\u00ebzuar rekursin e ish administratorit t\u00eb kompanis\u00eb DIA Kastriot Ismailaj, lidhur me vendimin e Gjykat\u00ebs s\u00eb Apelit Tiran\u00eb. M\u00eb dat\u00eb 8 maj t\u00eb vitit 2018, Apeli i Tiran\u00ebs la n\u00eb fuqi vendimin e shkall\u00ebs s\u00eb par\u00eb p\u00ebr d\u00ebnimin e Ismailaj me 11 vite burg, p\u00ebr skandalin CEZ-DIA. Ismailaj u d\u00ebnua p\u00ebr [&hellip;]<\/p>\n","protected":false,"gt_translate_keys":[{"key":"rendered","format":"html"}]},"author":4,"featured_media":678439,"comment_status":"closed","ping_status":"open","sticky":false,"template":"","format":"standard","meta":{"footnotes":""},"categories":[65],"tags":[],"class_list":["post-678438","post","type-post","status-publish","format-standard","has-post-thumbnail","hentry","category-lajme"],"gt_translate_keys":[{"key":"link","format":"url"}],"_links":{"self":[{"href":"https:\/\/www.hashtag.al\/index.php\/wp-json\/wp\/v2\/posts\/678438","targetHints":{"allow":["GET"]}}],"collection":[{"href":"https:\/\/www.hashtag.al\/index.php\/wp-json\/wp\/v2\/posts"}],"about":[{"href":"https:\/\/www.hashtag.al\/index.php\/wp-json\/wp\/v2\/types\/post"}],"author":[{"embeddable":true,"href":"https:\/\/www.hashtag.al\/index.php\/wp-json\/wp\/v2\/users\/4"}],"replies":[{"embeddable":true,"href":"https:\/\/www.hashtag.al\/index.php\/wp-json\/wp\/v2\/comments?post=678438"}],"version-history":[{"count":0,"href":"https:\/\/www.hashtag.al\/index.php\/wp-json\/wp\/v2\/posts\/678438\/revisions"}],"wp:featuredmedia":[{"embeddable":true,"href":"https:\/\/www.hashtag.al\/index.php\/wp-json\/wp\/v2\/media\/678439"}],"wp:attachment":[{"href":"https:\/\/www.hashtag.al\/index.php\/wp-json\/wp\/v2\/media?parent=678438"}],"wp:term":[{"taxonomy":"category","embeddable":true,"href":"https:\/\/www.hashtag.al\/index.php\/wp-json\/wp\/v2\/categories?post=678438"},{"taxonomy":"post_tag","embeddable":true,"href":"https:\/\/www.hashtag.al\/index.php\/wp-json\/wp\/v2\/tags?post=678438"}],"curies":[{"name":"wp","href":"https:\/\/api.w.org\/{rel}","templated":true}]}}