{"id":677853,"date":"2024-05-28T17:31:10","date_gmt":"2024-05-28T15:31:10","guid":{"rendered":"https:\/\/www.hashtag.al\/?p=677853"},"modified":"2024-05-28T17:31:10","modified_gmt":"2024-05-28T15:31:10","slug":"ngecin-bisedimet-obsh-e-sigurt-se-traktati-global-per-pandemite-mund-te-arrihet","status":"publish","type":"post","link":"https:\/\/www.hashtag.al\/index.php\/2024\/05\/28\/ngecin-bisedimet-obsh-e-sigurt-se-traktati-global-per-pandemite-mund-te-arrihet\/","title":{"rendered":"Ngecin bisedimet, OBSH \u201ce sigurt\u201d se traktati global p\u00ebr pandemit\u00eb mund t\u00eb arrihet","gt_translate_keys":[{"key":"rendered","format":"text"}]},"content":{"rendered":"<p><img loading=\"lazy\" decoding=\"async\" class=\"aligncenter size-full wp-image-582865\" src=\"https:\/\/www.hashtag.al\/wp-content\/uploads\/2023\/03\/tedros.jpg\" alt=\"\" width=\"768\" height=\"432\" srcset=\"https:\/\/www.hashtag.al\/wp-content\/uploads\/2023\/03\/tedros.jpg 768w, https:\/\/www.hashtag.al\/wp-content\/uploads\/2023\/03\/tedros-300x169.jpg 300w\" sizes=\"auto, (max-width: 768px) 100vw, 768px\" \/><\/p>\n<p><span style=\"color: #000000;\">Shefi i Organizat\u00ebs Bot\u00ebrore t\u00eb Sh\u00ebndet\u00ebsis\u00eb, Tedros Adhanom Ghebreyesus shprehu besimin se nj\u00eb dakord\u00ebsi p\u00ebr nj\u00eb marr\u00ebveshje globale p\u00ebr pandemin\u00eb ende mund t\u00eb arrihet, raportoi Reuters.<\/span><\/p>\n<p><span style=\"color: #000000;\">P\u00ebr m\u00eb shum\u00eb se dy vjet, ministrat nga 194 shtetet an\u00ebtare t\u00eb OBSH-s\u00eb kan\u00eb luftuar p\u00ebr t\u00eb hartuar nj\u00eb traktat mbi rregullat e reja t\u00eb reagimit ndaj pandemis\u00eb n\u00eb vazhd\u00ebn e Covid-19, e cila sipas OBSH-s\u00eb ka vrar\u00eb 13 milion\u00eb njer\u00ebz q\u00eb nga viti 2019. <\/span><\/p>\n<p><span style=\"color: #000000;\">Negociator\u00ebt p\u00ebrs\u00ebri nuk arrit\u00ebn t\u00eb prodhonin nj\u00eb projektmarr\u00ebveshje t\u00eb premten e kaluar p\u00ebr miratim zyrtar nga Asambleja Bot\u00ebrore e Sh\u00ebndet\u00ebsis\u00eb k\u00ebt\u00eb jav\u00eb.<\/span><\/p>\n<p><span style=\"color: #000000;\"><em>&#8220;Sigurisht, ne t\u00eb gjith\u00eb d\u00ebshirojm\u00eb q\u00eb t\u00eb kishim qen\u00eb n\u00eb gjendje t\u00eb arrinim nj\u00eb konsensus mbi marr\u00ebveshjen dhe t\u00eb kalonim vij\u00ebn e finishit,&#8221;<\/em> i tha Tedros asambles\u00eb n\u00eb fjalimin e tij t\u00eb hapjes.<\/span><\/p>\n<p><span style=\"color: #000000;\">Ai tha se &#8220;ku ka vullnet, ka nj\u00eb rrug\u00eb&#8221; dhe se &#8220;ka besim&#8221; se nj\u00eb marr\u00ebveshje mund t\u00eb arrihet ende.<\/span><\/p>\n<p><span style=\"color: #000000;\"><em>\u201cUn\u00eb e di se mes jush mbetet nj\u00eb vullnet i p\u00ebrbashk\u00ebt p\u00ebr ta b\u00ebr\u00eb k\u00ebt\u00eb,\u201d<\/em> i tha drejtori i p\u00ebrgjithsh\u00ebm asambles\u00eb.<\/span><\/p>\n<p><span style=\"color: #000000;\">Vendet an\u00ebtare t\u00eb OBSH-s\u00eb i kishin k\u00ebrkuar agjencis\u00eb sh\u00ebndet\u00ebsore t\u00eb OKB-s\u00eb n\u00eb vitin 2021 q\u00eb t\u00eb mbik\u00ebqyrte bisedimet p\u00ebr nj\u00eb marr\u00ebveshje pandemike dhe t\u00eb d\u00ebrguarit kan\u00eb punuar jav\u00ebt e fundit p\u00ebr t\u00eb formuluar nj\u00eb draft p\u00ebrpara nj\u00eb afati t\u00eb vet\u00ebimponuar k\u00ebt\u00eb muaj.<\/span><\/p>\n<p><span style=\"color: #000000;\">Megjithat\u00eb, sipas raportimeve t\u00eb mediave, negociator\u00ebt ishin t\u00eb ndar\u00eb p\u00ebr shum\u00eb \u00e7\u00ebshtje. Reuters raportoi se zyrtar\u00ebt sh\u00ebndet\u00ebsor\u00eb ishin t\u00eb zhg\u00ebnjyer me diskutimet q\u00eb shtriheshin pas mesnat\u00ebs, me kthesat e momentit t\u00eb fundit n\u00eb dhe me kritikat n\u00eb rritje se nj\u00eb traktat i till\u00eb do minonte sovranitetin komb\u00ebtar.<\/span><\/p>\n<p><span style=\"color: #000000;\">N\u00eb fillim t\u00eb k\u00ebtij muaji, senator\u00ebt republikan\u00eb i shkruan nj\u00eb let\u00ebr presidentit t\u00eb SHBA-s\u00eb Joe Biden duke denoncuar projektmarr\u00ebveshjen dhe i k\u00ebrkuan Biden t\u00eb mos n\u00ebnshkruaj\u00eb.<\/span><\/p>\n<p><span style=\"color: #000000;\">I gjith\u00eb procesi mund t\u00eb zgjas\u00eb deri n\u00eb dy vjet t\u00eb tjera p\u00ebr t&#8217;u p\u00ebrfunduar, tha nj\u00eb zyrtar i lart\u00eb i administrat\u00ebs amerikane p\u00ebr Reuters, duke shtuar se Uashingtoni ishte ende i p\u00ebrkushtuar ndaj procesit.<\/span><\/p>\n<p><span style=\"color: #000000;\">Bisedimet thuhet se jan\u00eb ende n\u00eb vijim p\u00ebr t\u00eb p\u00ebrdit\u00ebsuar rregullat ekzistuese p\u00ebr shp\u00ebrthimet e s\u00ebmundjeve, me nj\u00eb sistem t\u00eb ri t\u00eb niveleve t\u00eb alarmeve q\u00eb po diskutohet si p\u00ebrgjigje ndaj kritikave se OBSH ishte e ngadalt\u00eb p\u00ebr t\u00eb vepruar ndaj pandemis\u00eb Covid-19 n\u00eb fazat e saj t\u00eb hershme.<\/span><\/p>\n<p><span style=\"color: #000000;\">Covid-19 fillimisht u shfaq n\u00eb fund t\u00eb vitit 2019 dhe u shnd\u00ebrrua n\u00eb epidemin\u00eb m\u00eb t\u00eb madhe n\u00eb gati nj\u00eb shekull. OBSH tha n\u00eb nj\u00eb raport t\u00eb ri jav\u00ebn e kaluar se rreth 13 milion\u00eb njer\u00ebz vdiq\u00ebn gjat\u00eb pandemis\u00eb.<\/span><\/p>\n","protected":false,"gt_translate_keys":[{"key":"rendered","format":"html"}]},"excerpt":{"rendered":"<p>Shefi i Organizat\u00ebs Bot\u00ebrore t\u00eb Sh\u00ebndet\u00ebsis\u00eb, Tedros Adhanom Ghebreyesus shprehu besimin se nj\u00eb dakord\u00ebsi p\u00ebr nj\u00eb marr\u00ebveshje globale p\u00ebr pandemin\u00eb ende mund t\u00eb arrihet, raportoi Reuters. P\u00ebr m\u00eb shum\u00eb se dy vjet, ministrat nga 194 shtetet an\u00ebtare t\u00eb OBSH-s\u00eb kan\u00eb luftuar p\u00ebr t\u00eb hartuar nj\u00eb traktat mbi rregullat e reja t\u00eb reagimit ndaj pandemis\u00eb n\u00eb [&hellip;]<\/p>\n","protected":false,"gt_translate_keys":[{"key":"rendered","format":"html"}]},"author":51,"featured_media":582865,"comment_status":"closed","ping_status":"open","sticky":false,"template":"","format":"standard","meta":{"footnotes":""},"categories":[53],"tags":[],"class_list":["post-677853","post","type-post","status-publish","format-standard","has-post-thumbnail","hentry","category-fast-foodi"],"gt_translate_keys":[{"key":"link","format":"url"}],"_links":{"self":[{"href":"https:\/\/www.hashtag.al\/index.php\/wp-json\/wp\/v2\/posts\/677853","targetHints":{"allow":["GET"]}}],"collection":[{"href":"https:\/\/www.hashtag.al\/index.php\/wp-json\/wp\/v2\/posts"}],"about":[{"href":"https:\/\/www.hashtag.al\/index.php\/wp-json\/wp\/v2\/types\/post"}],"author":[{"embeddable":true,"href":"https:\/\/www.hashtag.al\/index.php\/wp-json\/wp\/v2\/users\/51"}],"replies":[{"embeddable":true,"href":"https:\/\/www.hashtag.al\/index.php\/wp-json\/wp\/v2\/comments?post=677853"}],"version-history":[{"count":0,"href":"https:\/\/www.hashtag.al\/index.php\/wp-json\/wp\/v2\/posts\/677853\/revisions"}],"wp:featuredmedia":[{"embeddable":true,"href":"https:\/\/www.hashtag.al\/index.php\/wp-json\/wp\/v2\/media\/582865"}],"wp:attachment":[{"href":"https:\/\/www.hashtag.al\/index.php\/wp-json\/wp\/v2\/media?parent=677853"}],"wp:term":[{"taxonomy":"category","embeddable":true,"href":"https:\/\/www.hashtag.al\/index.php\/wp-json\/wp\/v2\/categories?post=677853"},{"taxonomy":"post_tag","embeddable":true,"href":"https:\/\/www.hashtag.al\/index.php\/wp-json\/wp\/v2\/tags?post=677853"}],"curies":[{"name":"wp","href":"https:\/\/api.w.org\/{rel}","templated":true}]}}