{"id":677852,"date":"2024-05-28T17:36:29","date_gmt":"2024-05-28T15:36:29","guid":{"rendered":"https:\/\/www.hashtag.al\/?p=677852"},"modified":"2024-05-28T17:36:29","modified_gmt":"2024-05-28T15:36:29","slug":"mediu-takohet-me-kongresmene-ne-shba-diskutime-mbi-situaten-ne-rajon-dhe-nderhyrjet-ruso-kineze","status":"publish","type":"post","link":"https:\/\/www.hashtag.al\/index.php\/2024\/05\/28\/mediu-takohet-me-kongresmene-ne-shba-diskutime-mbi-situaten-ne-rajon-dhe-nderhyrjet-ruso-kineze\/","title":{"rendered":"Mediu takohet me kongresmen\u00eb n\u00eb SHBA, diskutime mbi situat\u00ebn n\u00eb rajon dhe nd\u00ebrhyrjet ruso-kineze","gt_translate_keys":[{"key":"rendered","format":"text"}]},"content":{"rendered":"<p><span style=\"color: #000000;\"><a href=\"https:\/\/www.hashtag.al\/wp-content\/uploads\/2024\/05\/IMG_0863-770x432-1.jpeg\"><img loading=\"lazy\" decoding=\"async\" class=\"aligncenter size-full wp-image-677855\" src=\"https:\/\/www.hashtag.al\/wp-content\/uploads\/2024\/05\/IMG_0863-770x432-1.jpeg\" alt=\"\" width=\"770\" height=\"432\" srcset=\"https:\/\/www.hashtag.al\/wp-content\/uploads\/2024\/05\/IMG_0863-770x432-1.jpeg 770w, https:\/\/www.hashtag.al\/wp-content\/uploads\/2024\/05\/IMG_0863-770x432-1-300x168.jpeg 300w, https:\/\/www.hashtag.al\/wp-content\/uploads\/2024\/05\/IMG_0863-770x432-1-768x431.jpeg 768w\" sizes=\"auto, (max-width: 770px) 100vw, 770px\" \/><\/a><\/span><\/p>\n<p><span style=\"color: #000000;\">Kreu i Partis\u00eb Republikane Fatmir Mediu, zhvilloi nj\u00eb vizit\u00eb n\u00eb Kongresin Amerikan, ku u takua me kongremen\u00ebt demokrat\u00eb dhe republikan\u00eb, Pete Sessions Texas, Tracy Mann Kansas, Ben Celine, Tim Walberg, Tom Souzzi, Jonathan Jackson, Robert Aderholt, si dhe senatorin Joe Manchin.<\/span><\/p>\n<p><span style=\"color: #000000;\">Fokus n\u00eb k\u00ebto takime ka qen\u00eb tema p\u00ebr situat\u00ebn n\u00eb rajonin e Ballkanit, nd\u00ebrhyrjet e Rusis\u00eb dhe Kin\u00ebs.<\/span><\/p>\n<p><span style=\"color: #000000;\">Mediu shkruan se k\u00ebrc\u00ebnimi i par\u00eb p\u00ebr rajonin e Ballkanit \u00ebsht\u00eb korrupsioni dhe krimi i organizuar, mos funksionimi i ligjit dhe institucioneve demokratike, mungesa e zgjedhjeve t\u00eb lira dhe t\u00eb ndershme.<\/span><\/p>\n<p><span style=\"color: #000000;\">Sipas Mediut, rikthimi tek ndarjet dhe retorikat nacionaliste, konfliktet e vjetra p\u00ebr q\u00ebllime pushteti, mungesa e reformave dhe zhvillimit ekonomik, kan\u00eb krijuar terren p\u00ebr nd\u00ebrhyrje t\u00eb aktor\u00ebve t\u00eb tret\u00eb si Kina dhe Rusia.<\/span><\/p>\n<p><span style=\"color: #000000;\">Gjithashtu n\u00eb takime \u00ebsht\u00eb diskutuar mbi rrezikun nga sjellja e Serbis\u00eb e lidhur me politik\u00ebn e Rusis\u00eb, problemet n\u00eb Bosnj\u00eb nga k\u00ebrkesa p\u00ebr largimin nga Feserata e BiH e Republika S\u00ebrbska dhe rrezikun q\u00eb mbart ajo.<\/span><\/p>\n<p><span style=\"color: #000000;\">Situata n\u00eb Kosov\u00eb dhe nevoja p\u00ebr nd\u00ebrhyrje m\u00eb aktive nga SHBA n\u00eb dialogun nd\u00ebrmjet Kosov\u00ebs dhe Serbis\u00eb me q\u00ebllim final njohjen reciproke t\u00eb dy shteteve, si dhe nevoja p\u00ebr nj\u00eb bashk\u00ebpunim t\u00eb fort\u00eb t\u00eb SHBA me vendet e NATO-s n\u00eb Ballkan, me q\u00ebllim parandalimin e cdo konflikti t\u00eb mundsh\u00ebm, jan\u00eb t\u00eb tjera\u00a0 \u00e7\u00ebshtjes t\u00eb diskutuara nga deputeti Mediu me kongresmen\u00ebt dhe senator\u00eb t\u00eb SHBA.<\/span><\/p>\n<p><img decoding=\"async\" src=\"https:\/\/www.balkanweb.com\/wp-content\/uploads\/2024\/05\/mediu6.jpg\" alt=\"foto galeri \" \/><\/p>\n<p><img decoding=\"async\" src=\"https:\/\/www.balkanweb.com\/wp-content\/uploads\/2024\/05\/mediu5.jpg\" alt=\"foto galeri \" \/><\/p>\n<p><img decoding=\"async\" src=\"https:\/\/www.balkanweb.com\/wp-content\/uploads\/2024\/05\/mediu4.jpg\" alt=\"foto galeri \" \/><\/p>\n<p><img decoding=\"async\" src=\"https:\/\/www.balkanweb.com\/wp-content\/uploads\/2024\/05\/mediu3.jpg\" alt=\"foto galeri \" \/><\/p>\n<p><img decoding=\"async\" src=\"https:\/\/www.balkanweb.com\/wp-content\/uploads\/2024\/05\/mediu2.jpg\" alt=\"foto galeri \" \/><\/p>\n<p><img decoding=\"async\" src=\"https:\/\/www.balkanweb.com\/wp-content\/uploads\/2024\/05\/mediu1.jpg\" alt=\"foto galeri \" \/><\/p>\n<p><img decoding=\"async\" src=\"https:\/\/www.balkanweb.com\/wp-content\/uploads\/2024\/05\/mediu.jpg\" alt=\"foto galeri \" \/><\/p>\n","protected":false,"gt_translate_keys":[{"key":"rendered","format":"html"}]},"excerpt":{"rendered":"<p>Kreu i Partis\u00eb Republikane Fatmir Mediu, zhvilloi nj\u00eb vizit\u00eb n\u00eb Kongresin Amerikan, ku u takua me kongremen\u00ebt demokrat\u00eb dhe republikan\u00eb, Pete Sessions Texas, Tracy Mann Kansas, Ben Celine, Tim Walberg, Tom Souzzi, Jonathan Jackson, Robert Aderholt, si dhe senatorin Joe Manchin. Fokus n\u00eb k\u00ebto takime ka qen\u00eb tema p\u00ebr situat\u00ebn n\u00eb rajonin e Ballkanit, nd\u00ebrhyrjet [&hellip;]<\/p>\n","protected":false,"gt_translate_keys":[{"key":"rendered","format":"html"}]},"author":32,"featured_media":677855,"comment_status":"closed","ping_status":"open","sticky":false,"template":"","format":"standard","meta":{"footnotes":""},"categories":[65],"tags":[],"class_list":["post-677852","post","type-post","status-publish","format-standard","has-post-thumbnail","hentry","category-lajme"],"gt_translate_keys":[{"key":"link","format":"url"}],"_links":{"self":[{"href":"https:\/\/www.hashtag.al\/index.php\/wp-json\/wp\/v2\/posts\/677852","targetHints":{"allow":["GET"]}}],"collection":[{"href":"https:\/\/www.hashtag.al\/index.php\/wp-json\/wp\/v2\/posts"}],"about":[{"href":"https:\/\/www.hashtag.al\/index.php\/wp-json\/wp\/v2\/types\/post"}],"author":[{"embeddable":true,"href":"https:\/\/www.hashtag.al\/index.php\/wp-json\/wp\/v2\/users\/32"}],"replies":[{"embeddable":true,"href":"https:\/\/www.hashtag.al\/index.php\/wp-json\/wp\/v2\/comments?post=677852"}],"version-history":[{"count":0,"href":"https:\/\/www.hashtag.al\/index.php\/wp-json\/wp\/v2\/posts\/677852\/revisions"}],"wp:featuredmedia":[{"embeddable":true,"href":"https:\/\/www.hashtag.al\/index.php\/wp-json\/wp\/v2\/media\/677855"}],"wp:attachment":[{"href":"https:\/\/www.hashtag.al\/index.php\/wp-json\/wp\/v2\/media?parent=677852"}],"wp:term":[{"taxonomy":"category","embeddable":true,"href":"https:\/\/www.hashtag.al\/index.php\/wp-json\/wp\/v2\/categories?post=677852"},{"taxonomy":"post_tag","embeddable":true,"href":"https:\/\/www.hashtag.al\/index.php\/wp-json\/wp\/v2\/tags?post=677852"}],"curies":[{"name":"wp","href":"https:\/\/api.w.org\/{rel}","templated":true}]}}