{"id":677742,"date":"2024-05-28T11:00:58","date_gmt":"2024-05-28T09:00:58","guid":{"rendered":"https:\/\/www.hashtag.al\/?p=677742"},"modified":"2024-05-28T11:00:58","modified_gmt":"2024-05-28T09:00:58","slug":"protesta-e-opozites-furgone-policie-dhe-efektive-rrethohet-bashkia-e-tiranes","status":"publish","type":"post","link":"https:\/\/www.hashtag.al\/index.php\/2024\/05\/28\/protesta-e-opozites-furgone-policie-dhe-efektive-rrethohet-bashkia-e-tiranes\/","title":{"rendered":"Protesta e opozit\u00ebs, furgon\u00eb policie dhe efektiv\u00eb, rrethohet Bashkia e Tiran\u00ebs","gt_translate_keys":[{"key":"rendered","format":"text"}]},"content":{"rendered":"<p style=\"text-align: left;\"><span style=\"color: #000000;\"><img loading=\"lazy\" decoding=\"async\" class=\"size-full wp-image-677744 aligncenter\" src=\"https:\/\/www.hashtag.al\/wp-content\/uploads\/2024\/05\/protesta-e-opozites-768x443-1.jpg\" alt=\"\" width=\"768\" height=\"443\" srcset=\"https:\/\/www.hashtag.al\/wp-content\/uploads\/2024\/05\/protesta-e-opozites-768x443-1.jpg 768w, https:\/\/www.hashtag.al\/wp-content\/uploads\/2024\/05\/protesta-e-opozites-768x443-1-300x173.jpg 300w, https:\/\/www.hashtag.al\/wp-content\/uploads\/2024\/05\/protesta-e-opozites-768x443-1-250x145.jpg 250w\" sizes=\"auto, (max-width: 768px) 100vw, 768px\" \/><\/span><\/p>\n<p style=\"text-align: left;\"><span style=\"color: #000000;\">Mbahet sot s\u00ebrish protest\u00eb para Bashkis\u00eb s\u00eb Tiran\u00ebs.<\/span><\/p>\n<p style=\"text-align: left;\"><span style=\"color: #000000;\">Protesta n\u00eb fjal\u00eb organizohet nga opozita dhe Aleanca p\u00ebr Mbrojtjen e Teatrit, t\u00eb cil\u00ebt k\u00ebrkojn\u00eb dor\u00ebheqjen e Veliajt.<\/span><\/p>\n<p style=\"text-align: left;\"><span style=\"color: #000000;\">Si\u00e7 shihet nga pamjet, te Bashkia e Tiran\u00ebs ka prani t\u00eb madhe t\u00eb furgon\u00ebve t\u00eb policis\u00eb si dhe t\u00eb efektiv\u00ebve.<\/span><\/p>\n<p style=\"text-align: left;\"><span style=\"color: #000000;\">M\u00eb her\u00ebt policia publikoi dhe planin e masave lidhur me mbar\u00ebvajtjen e protest\u00ebs.<\/span><\/p>\n<p style=\"text-align: left;\"><span style=\"color: #000000;\">Kujtojm\u00eb se protestat m\u00eb her\u00ebt me p\u00ebrplasje mes protestuesve e efektiv\u00ebve.<\/span><\/p>\n","protected":false,"gt_translate_keys":[{"key":"rendered","format":"html"}]},"excerpt":{"rendered":"<p>Mbahet sot s\u00ebrish protest\u00eb para Bashkis\u00eb s\u00eb Tiran\u00ebs. Protesta n\u00eb fjal\u00eb organizohet nga opozita dhe Aleanca p\u00ebr Mbrojtjen e Teatrit, t\u00eb cil\u00ebt k\u00ebrkojn\u00eb dor\u00ebheqjen e Veliajt. Si\u00e7 shihet nga pamjet, te Bashkia e Tiran\u00ebs ka prani t\u00eb madhe t\u00eb furgon\u00ebve t\u00eb policis\u00eb si dhe t\u00eb efektiv\u00ebve. M\u00eb her\u00ebt policia publikoi dhe planin e masave lidhur [&hellip;]<\/p>\n","protected":false,"gt_translate_keys":[{"key":"rendered","format":"html"}]},"author":4,"featured_media":677744,"comment_status":"closed","ping_status":"open","sticky":false,"template":"","format":"standard","meta":{"footnotes":""},"categories":[65],"tags":[],"class_list":["post-677742","post","type-post","status-publish","format-standard","has-post-thumbnail","hentry","category-lajme"],"gt_translate_keys":[{"key":"link","format":"url"}],"_links":{"self":[{"href":"https:\/\/www.hashtag.al\/index.php\/wp-json\/wp\/v2\/posts\/677742","targetHints":{"allow":["GET"]}}],"collection":[{"href":"https:\/\/www.hashtag.al\/index.php\/wp-json\/wp\/v2\/posts"}],"about":[{"href":"https:\/\/www.hashtag.al\/index.php\/wp-json\/wp\/v2\/types\/post"}],"author":[{"embeddable":true,"href":"https:\/\/www.hashtag.al\/index.php\/wp-json\/wp\/v2\/users\/4"}],"replies":[{"embeddable":true,"href":"https:\/\/www.hashtag.al\/index.php\/wp-json\/wp\/v2\/comments?post=677742"}],"version-history":[{"count":0,"href":"https:\/\/www.hashtag.al\/index.php\/wp-json\/wp\/v2\/posts\/677742\/revisions"}],"wp:featuredmedia":[{"embeddable":true,"href":"https:\/\/www.hashtag.al\/index.php\/wp-json\/wp\/v2\/media\/677744"}],"wp:attachment":[{"href":"https:\/\/www.hashtag.al\/index.php\/wp-json\/wp\/v2\/media?parent=677742"}],"wp:term":[{"taxonomy":"category","embeddable":true,"href":"https:\/\/www.hashtag.al\/index.php\/wp-json\/wp\/v2\/categories?post=677742"},{"taxonomy":"post_tag","embeddable":true,"href":"https:\/\/www.hashtag.al\/index.php\/wp-json\/wp\/v2\/tags?post=677742"}],"curies":[{"name":"wp","href":"https:\/\/api.w.org\/{rel}","templated":true}]}}