{"id":677720,"date":"2024-05-28T09:28:39","date_gmt":"2024-05-28T07:28:39","guid":{"rendered":"https:\/\/www.hashtag.al\/?p=677720"},"modified":"2024-05-28T09:28:39","modified_gmt":"2024-05-28T07:28:39","slug":"integrimi-ne-be-von-cramon-serbia-ska-shanse-te-ece-para-pa-zbatuar-detyrimet-nga-marreveshja-e-ohrit","status":"publish","type":"post","link":"https:\/\/www.hashtag.al\/index.php\/2024\/05\/28\/integrimi-ne-be-von-cramon-serbia-ska-shanse-te-ece-para-pa-zbatuar-detyrimet-nga-marreveshja-e-ohrit\/","title":{"rendered":"Integrimi n\u00eb BE, Von Cramon: Serbia s\u2019ka shanse t\u00eb ec\u00eb para pa zbatuar detyrimet nga Marr\u00ebveshja e Ohrit","gt_translate_keys":[{"key":"rendered","format":"text"}]},"content":{"rendered":"<p><img loading=\"lazy\" decoding=\"async\" class=\"size-full wp-image-677721 aligncenter\" src=\"https:\/\/www.hashtag.al\/wp-content\/uploads\/2024\/05\/Viola-von-Cramon-768x511-1.jpg\" alt=\"\" width=\"768\" height=\"511\" srcset=\"https:\/\/www.hashtag.al\/wp-content\/uploads\/2024\/05\/Viola-von-Cramon-768x511-1.jpg 768w, https:\/\/www.hashtag.al\/wp-content\/uploads\/2024\/05\/Viola-von-Cramon-768x511-1-300x200.jpg 300w\" sizes=\"auto, (max-width: 768px) 100vw, 768px\" \/><\/p>\n<p><span style=\"font-weight: 400; color: #000000;\">Raportuesja p\u00ebr Kosov\u00ebn n\u00eb Parlamentin Evropian, Viola Von Cramon ka th\u00ebn\u00eb se nuk do t\u00eb k\u00ebt\u00eb p\u00ebrparim t\u00eb Kosov\u00ebs dhe Serbis\u00eb drejt\u00eb BE-s\u00eb, pa zbatimin e marr\u00ebveshjeve t\u00eb arritura deri me tani me nd\u00ebrmjet\u00ebsimin e Bashkimit Evropian.<\/span><\/p>\n<p><span style=\"font-weight: 400; color: #000000;\">Cramon e ka b\u00ebr\u00eb t\u00eb qart\u00eb se Kosova dhe Serbia nuk kan\u00eb asnj\u00eb shans q\u00eb t\u00eb ecin p\u00ebrpara pa i zbatuar detyrimet nga marr\u00ebveshja e Ohrit.<\/span><\/p>\n<p><span style=\"color: #000000;\"><i><span style=\"font-weight: 400;\">\u201cAbsolutisht p\u00ebr Serbin\u00eb tashm\u00eb \u00ebsht\u00eb e detyrueshme. \u00cbsht\u00eb n\u00eb kaputillin 35. Serbia nuk e ka as edhe nj\u00eb shans\u00eb q\u00eb t\u00eb ec\u00eb p\u00ebrpara pa i zbatuar detyrimet q\u00eb vijn\u00eb nga Marr\u00ebveshja e Ohrit. Kjo vlen nj\u00ebjt\u00eb edhe p\u00ebr Kosov\u00ebn. Kemi biseduar p\u00ebr Asociacionin e Komunave me Shumic\u00eb serbe. Nuk di p\u00ebr detyrimet individuale q\u00eb dalin nga Marr\u00ebveshja e Ohrit, por \u00ebsht\u00eb e v\u00ebrtet\u00eb q\u00eb t\u00eb dyja pal\u00ebt duhet t\u00eb punojn\u00eb p\u00ebr k\u00ebt\u00eb dhe t\u00eb shohim nj\u00eb zbatim sa m\u00eb t\u00eb shpejt\u00eb t\u00eb k\u00ebtyre detyrimeve\u201d,<\/span><\/i><span style=\"font-weight: 400;\"> ka th\u00ebn\u00eb Cramon.<\/span><\/span><\/p>\n<p><span style=\"font-weight: 400; color: #000000;\">Tutje Cramon vler\u00ebson se BE po e favorizon Serbin\u00eb n\u00eb raport me Kosov\u00eb, p\u00ebr k\u00ebt\u00eb ka dh\u00ebn\u00eb disa shembuj.<\/span><\/p>\n<p><span style=\"color: #000000;\"><i><span style=\"font-weight: 400;\">\u201cPo n\u00ebse e shihni p\u00ebr shembull se si sulmi n\u00eb Banjsk\u00eb po trajtohet, ka padyshim nj\u00eb paragjykim. Pra, ka pasur masa kund\u00ebr Kosov\u00ebs pas incidentit t\u00eb majit 2023, por nuk ka pasoja p\u00ebr Serbin\u00eb pas Banjsk\u00ebs n\u00eb shtator 2023. Kjo natyrisht q\u00eb nuk \u00ebsht\u00eb e drejt\u00eb! Kjo \u00ebsht\u00eb arsyeja q\u00eb shpresojm\u00eb se s\u00eb shpejti do t\u00eb largohen masat ndaj Kosov\u00ebs\u201d,<\/span><\/i><span style=\"font-weight: 400;\"> ka th\u00ebn\u00eb Cramon, shkruan <\/span><span style=\"color: #0000ff;\"><a style=\"color: #0000ff;\" href=\"http:\/\/10.com\"><span style=\"font-weight: 400;\">Gazeta 10.com<\/span><\/a><\/span><\/span><\/p>\n","protected":false,"gt_translate_keys":[{"key":"rendered","format":"html"}]},"excerpt":{"rendered":"<p>Raportuesja p\u00ebr Kosov\u00ebn n\u00eb Parlamentin Evropian, Viola Von Cramon ka th\u00ebn\u00eb se nuk do t\u00eb k\u00ebt\u00eb p\u00ebrparim t\u00eb Kosov\u00ebs dhe Serbis\u00eb drejt\u00eb BE-s\u00eb, pa zbatimin e marr\u00ebveshjeve t\u00eb arritura deri me tani me nd\u00ebrmjet\u00ebsimin e Bashkimit Evropian. Cramon e ka b\u00ebr\u00eb t\u00eb qart\u00eb se Kosova dhe Serbia nuk kan\u00eb asnj\u00eb shans q\u00eb t\u00eb ecin p\u00ebrpara [&hellip;]<\/p>\n","protected":false,"gt_translate_keys":[{"key":"rendered","format":"html"}]},"author":4,"featured_media":677721,"comment_status":"closed","ping_status":"open","sticky":false,"template":"","format":"standard","meta":{"footnotes":""},"categories":[149],"tags":[],"class_list":["post-677720","post","type-post","status-publish","format-standard","has-post-thumbnail","hentry","category-kosoverajon"],"gt_translate_keys":[{"key":"link","format":"url"}],"_links":{"self":[{"href":"https:\/\/www.hashtag.al\/index.php\/wp-json\/wp\/v2\/posts\/677720","targetHints":{"allow":["GET"]}}],"collection":[{"href":"https:\/\/www.hashtag.al\/index.php\/wp-json\/wp\/v2\/posts"}],"about":[{"href":"https:\/\/www.hashtag.al\/index.php\/wp-json\/wp\/v2\/types\/post"}],"author":[{"embeddable":true,"href":"https:\/\/www.hashtag.al\/index.php\/wp-json\/wp\/v2\/users\/4"}],"replies":[{"embeddable":true,"href":"https:\/\/www.hashtag.al\/index.php\/wp-json\/wp\/v2\/comments?post=677720"}],"version-history":[{"count":0,"href":"https:\/\/www.hashtag.al\/index.php\/wp-json\/wp\/v2\/posts\/677720\/revisions"}],"wp:featuredmedia":[{"embeddable":true,"href":"https:\/\/www.hashtag.al\/index.php\/wp-json\/wp\/v2\/media\/677721"}],"wp:attachment":[{"href":"https:\/\/www.hashtag.al\/index.php\/wp-json\/wp\/v2\/media?parent=677720"}],"wp:term":[{"taxonomy":"category","embeddable":true,"href":"https:\/\/www.hashtag.al\/index.php\/wp-json\/wp\/v2\/categories?post=677720"},{"taxonomy":"post_tag","embeddable":true,"href":"https:\/\/www.hashtag.al\/index.php\/wp-json\/wp\/v2\/tags?post=677720"}],"curies":[{"name":"wp","href":"https:\/\/api.w.org\/{rel}","templated":true}]}}