{"id":677704,"date":"2024-05-28T09:45:58","date_gmt":"2024-05-28T07:45:58","guid":{"rendered":"https:\/\/www.hashtag.al\/?p=677704"},"modified":"2024-05-28T09:45:58","modified_gmt":"2024-05-28T07:45:58","slug":"hamasi-sulmi-i-rafahut-eshte-pjese-e-nje-lufte-gjenocidale","status":"publish","type":"post","link":"https:\/\/www.hashtag.al\/index.php\/2024\/05\/28\/hamasi-sulmi-i-rafahut-eshte-pjese-e-nje-lufte-gjenocidale\/","title":{"rendered":"Hamasi: Sulmi i Rafahut \u00ebsht\u00eb pjes\u00eb e nj\u00eb lufte gjenocidale","gt_translate_keys":[{"key":"rendered","format":"text"}]},"content":{"rendered":"<p><img loading=\"lazy\" decoding=\"async\" class=\"size-full wp-image-677705 aligncenter\" src=\"https:\/\/www.hashtag.al\/wp-content\/uploads\/2024\/05\/6654ec5fdb5e8yhuyt.jpg\" alt=\"\" width=\"644\" height=\"339\" srcset=\"https:\/\/www.hashtag.al\/wp-content\/uploads\/2024\/05\/6654ec5fdb5e8yhuyt.jpg 644w, https:\/\/www.hashtag.al\/wp-content\/uploads\/2024\/05\/6654ec5fdb5e8yhuyt-300x158.jpg 300w\" sizes=\"auto, (max-width: 644px) 100vw, 644px\" \/><\/p>\n<p style=\"text-align: left;\"><span style=\"color: #000000;\">Sulmi izraelit n\u00eb nj\u00eb qytet me tenda refugjat\u00ebsh n\u00eb Rafah \u00ebsht\u00eb pjes\u00eb e nj\u00eb &#8220;lufte gjenocidale&#8221; t\u00eb zhvilluar nga Izraeli. K\u00ebshtu ka deklaruar nj\u00eb nga lider\u00ebt e Hamasit n\u00eb Liban, Osama Hamdan , sipas t\u00eb cilit sulmi &#8220;bie ndesh me tez\u00ebn e Izraelit se ka vende t\u00eb sigurta n\u00eb Rripin e Gaz\u00ebs&#8221;.<\/span><\/p>\n<p style=\"text-align: left;\"><span style=\"color: #000000;\">Gjithashtu, ai shtoi gjat\u00eb nj\u00eb konference p\u00ebr shtyp n\u00eb Bejrut se &#8220;sulmet e dy dit\u00ebve t\u00eb fundit jan\u00eb nj\u00eb tregues i kund\u00ebrshtimit t\u00eb Izraelit ndaj urdhrave t\u00eb l\u00ebshuara nga Gjykata Nd\u00ebrkomb\u00ebtare e Drejt\u00ebsis\u00eb (ICJ) p\u00ebr t\u00eb ndaluar ofensiv\u00ebn e Rafahut dhe p\u00ebr t&#8217;u t\u00ebrhequr nga Gaza&#8221;.<\/span><\/p>\n","protected":false,"gt_translate_keys":[{"key":"rendered","format":"html"}]},"excerpt":{"rendered":"<p>Sulmi izraelit n\u00eb nj\u00eb qytet me tenda refugjat\u00ebsh n\u00eb Rafah \u00ebsht\u00eb pjes\u00eb e nj\u00eb &#8220;lufte gjenocidale&#8221; t\u00eb zhvilluar nga Izraeli. K\u00ebshtu ka deklaruar nj\u00eb nga lider\u00ebt e Hamasit n\u00eb Liban, Osama Hamdan , sipas t\u00eb cilit sulmi &#8220;bie ndesh me tez\u00ebn e Izraelit se ka vende t\u00eb sigurta n\u00eb Rripin e Gaz\u00ebs&#8221;. Gjithashtu, ai shtoi [&hellip;]<\/p>\n","protected":false,"gt_translate_keys":[{"key":"rendered","format":"html"}]},"author":4,"featured_media":677705,"comment_status":"closed","ping_status":"open","sticky":false,"template":"","format":"standard","meta":{"footnotes":""},"categories":[6],"tags":[],"class_list":["post-677704","post","type-post","status-publish","format-standard","has-post-thumbnail","hentry","category-nderkombetare"],"gt_translate_keys":[{"key":"link","format":"url"}],"_links":{"self":[{"href":"https:\/\/www.hashtag.al\/index.php\/wp-json\/wp\/v2\/posts\/677704","targetHints":{"allow":["GET"]}}],"collection":[{"href":"https:\/\/www.hashtag.al\/index.php\/wp-json\/wp\/v2\/posts"}],"about":[{"href":"https:\/\/www.hashtag.al\/index.php\/wp-json\/wp\/v2\/types\/post"}],"author":[{"embeddable":true,"href":"https:\/\/www.hashtag.al\/index.php\/wp-json\/wp\/v2\/users\/4"}],"replies":[{"embeddable":true,"href":"https:\/\/www.hashtag.al\/index.php\/wp-json\/wp\/v2\/comments?post=677704"}],"version-history":[{"count":0,"href":"https:\/\/www.hashtag.al\/index.php\/wp-json\/wp\/v2\/posts\/677704\/revisions"}],"wp:featuredmedia":[{"embeddable":true,"href":"https:\/\/www.hashtag.al\/index.php\/wp-json\/wp\/v2\/media\/677705"}],"wp:attachment":[{"href":"https:\/\/www.hashtag.al\/index.php\/wp-json\/wp\/v2\/media?parent=677704"}],"wp:term":[{"taxonomy":"category","embeddable":true,"href":"https:\/\/www.hashtag.al\/index.php\/wp-json\/wp\/v2\/categories?post=677704"},{"taxonomy":"post_tag","embeddable":true,"href":"https:\/\/www.hashtag.al\/index.php\/wp-json\/wp\/v2\/tags?post=677704"}],"curies":[{"name":"wp","href":"https:\/\/api.w.org\/{rel}","templated":true}]}}