{"id":677656,"date":"2024-05-27T20:45:35","date_gmt":"2024-05-27T18:45:35","guid":{"rendered":"https:\/\/www.hashtag.al\/?p=677656"},"modified":"2024-05-27T20:46:07","modified_gmt":"2024-05-27T18:46:07","slug":"popullsia-e-kosoves-tkurret-me-rreth-8-perqind-ne-13-vite","status":"publish","type":"post","link":"https:\/\/www.hashtag.al\/index.php\/2024\/05\/27\/popullsia-e-kosoves-tkurret-me-rreth-8-perqind-ne-13-vite\/","title":{"rendered":"Popullsia e Kosov\u00ebs tkurret me rreth 8 p\u00ebrqind n\u00eb 13 vite","gt_translate_keys":[{"key":"rendered","format":"text"}]},"content":{"rendered":"<p><span style=\"color: #000000;\"><a style=\"color: #000000;\" href=\"https:\/\/www.hashtag.al\/wp-content\/uploads\/2024\/05\/PRISHTINE_KOSOVE_31.jpg\"><img loading=\"lazy\" decoding=\"async\" class=\"aligncenter size-full wp-image-677657\" src=\"https:\/\/www.hashtag.al\/wp-content\/uploads\/2024\/05\/PRISHTINE_KOSOVE_31.jpg\" alt=\"\" width=\"2048\" height=\"1536\" srcset=\"https:\/\/www.hashtag.al\/wp-content\/uploads\/2024\/05\/PRISHTINE_KOSOVE_31.jpg 2048w, https:\/\/www.hashtag.al\/wp-content\/uploads\/2024\/05\/PRISHTINE_KOSOVE_31-300x225.jpg 300w, https:\/\/www.hashtag.al\/wp-content\/uploads\/2024\/05\/PRISHTINE_KOSOVE_31-1024x768.jpg 1024w, https:\/\/www.hashtag.al\/wp-content\/uploads\/2024\/05\/PRISHTINE_KOSOVE_31-768x576.jpg 768w, https:\/\/www.hashtag.al\/wp-content\/uploads\/2024\/05\/PRISHTINE_KOSOVE_31-1536x1152.jpg 1536w\" sizes=\"auto, (max-width: 2048px) 100vw, 2048px\" \/><\/a><\/span><\/p>\n<p><span style=\"color: #000000;\">Agjencia e Statistikave t\u00eb Kosov\u00ebs b\u00ebri t\u00eb ditur t\u00eb h\u00ebn\u00ebn se rreth nj\u00eb milion\u00eb e 600 mij\u00eb banor\u00eb kan\u00eb marr\u00eb pjes\u00eb n\u00eb procesin e regjistrimit t\u00eb popullsis\u00eb n\u00eb Kosov\u00eb, i cili u p\u00ebrmbyll jav\u00ebn q\u00eb shkoi. N\u00eb k\u00ebt\u00eb num\u00ebr nuk p\u00ebrfshihet diaspora.<\/span><\/p>\n<p><span style=\"color: #000000;\">\u201cT\u00eb dh\u00ebnat e fundit sa i takon diaspor\u00ebs jan\u00eb rreth 600 mij\u00eb dhe pritjet jan\u00eb q\u00eb t\u00eb rritet edhe m\u00eb shum\u00eb ky num\u00ebr sepse afati p\u00ebr ta \u00ebsht\u00eb zgjatur deri me 31 gusht\u201d, tha Avni Kastrati nga ky institucion.<\/span><\/p>\n<p><span style=\"color: #000000;\">Sipas k\u00ebtyre t\u00eb dh\u00ebnave numri i popullsis\u00eb n\u00eb Kosov\u00eb ka r\u00ebn\u00eb rreth tet\u00eb p\u00ebr qind, duke qen\u00eb se n\u00eb procesin e fundit t\u00eb regjistrimit q\u00eb \u00ebsht\u00eb zhvilluar para 13 vjet\u00ebsh, kishin marr\u00eb pjes\u00eb nj\u00eb milion\u00eb e 740 mij\u00eb banor\u00eb.<\/span><\/p>\n<p><span style=\"color: #000000;\">Zoti Kastrati tha se procesi i regjistrimit t\u00eb popullsis\u00eb ishte sfidues n\u00eb pjes\u00ebn veriore t\u00eb Kosov\u00ebs, t\u00eb banuar me shumic\u00eb serbe.<\/span><\/p>\n<p><span style=\"color: #000000;\">Subjekti m\u00eb i madh politik i serb\u00ebve t\u00eb Kosov\u00ebs, q\u00eb \u00ebsht\u00eb themeluar dhe mb\u00ebshtetet nga Beogradi \u2013 Lista Serbe, q\u00eb n\u00eb nisje t\u00eb k\u00ebtij procesi i ka b\u00ebr\u00eb thirrje k\u00ebtij komuniteti q\u00eb ta bojkotoj\u00eb regjistrimin e popullsis\u00eb.<\/span><\/p>\n<p><span style=\"color: #000000;\">\u201cN\u00eb disa zona komuniteti serb nga aspekti politik u ka b\u00ebr\u00eb nj\u00eb lloj trysnie regjistruesve dhe ne prap\u00eb kemi rimarr\u00eb regjistrues n\u00eb shum\u00eb zona serbe deri n\u00eb tri her\u00eb kemi trajnuar dhe l\u00ebshuar n\u00eb terren regjistrues. Tek jav\u00ebn e fundit komuniteti serb duke par\u00eb q\u00eb \u00ebsht\u00eb e nevojshme t\u00eb regjistrohen \u00ebsht\u00eb angazhuar\u201d, tha zoti Kastrati.<\/span><\/p>\n<p><span style=\"color: #000000;\">Sipas Ligjit p\u00ebr regjistrimin e popullsis\u00eb, ekonomive familjare dhe banesave, \u00e7do person mund t\u00eb gjobitet nga 30 deri n\u00eb 2 mij\u00eb euro, n\u00ebse refuzon t\u2019i jap\u00eb informacionet e k\u00ebrkuara nga regjistruesi. K\u00ebtu nuk p\u00ebrfshihen informacionet mbi p\u00ebrkat\u00ebsin\u00eb etnike dhe fetare, t\u00eb cilat nuk ishin t\u00eb detyrueshme, p\u00ebrcjell VOA.<\/span><\/p>\n<p><span style=\"color: #000000;\">Zoti Kastrati tha se tani fillon periudha e p\u00ebrpunimit, analizimit dhe shp\u00ebrndarjes s\u00eb t\u00eb dh\u00ebnave nd\u00ebrsa t\u00eb dh\u00ebnat p\u00ebrfundimtare pritet t\u00eb publikohen n\u00eb pjes\u00ebn e par\u00eb t\u00eb muajit korrik.<\/span><\/p>\n<p><span style=\"color: #000000;\">Regjistrimi i ardhsh\u00ebm i popullsis\u00eb n\u00eb Kosov\u00eb do t\u00eb ndodh\u00eb n\u00eb vitin 2031.<\/span><\/p>\n","protected":false,"gt_translate_keys":[{"key":"rendered","format":"html"}]},"excerpt":{"rendered":"<p>Agjencia e Statistikave t\u00eb Kosov\u00ebs b\u00ebri t\u00eb ditur t\u00eb h\u00ebn\u00ebn se rreth nj\u00eb milion\u00eb e 600 mij\u00eb banor\u00eb kan\u00eb marr\u00eb pjes\u00eb n\u00eb procesin e regjistrimit t\u00eb popullsis\u00eb n\u00eb Kosov\u00eb, i cili u p\u00ebrmbyll jav\u00ebn q\u00eb shkoi. N\u00eb k\u00ebt\u00eb num\u00ebr nuk p\u00ebrfshihet diaspora. \u201cT\u00eb dh\u00ebnat e fundit sa i takon diaspor\u00ebs jan\u00eb rreth 600 mij\u00eb dhe [&hellip;]<\/p>\n","protected":false,"gt_translate_keys":[{"key":"rendered","format":"html"}]},"author":32,"featured_media":677657,"comment_status":"closed","ping_status":"open","sticky":false,"template":"","format":"standard","meta":{"footnotes":""},"categories":[149,13],"tags":[],"class_list":["post-677656","post","type-post","status-publish","format-standard","has-post-thumbnail","hentry","category-kosoverajon","category-te-fundit"],"gt_translate_keys":[{"key":"link","format":"url"}],"_links":{"self":[{"href":"https:\/\/www.hashtag.al\/index.php\/wp-json\/wp\/v2\/posts\/677656","targetHints":{"allow":["GET"]}}],"collection":[{"href":"https:\/\/www.hashtag.al\/index.php\/wp-json\/wp\/v2\/posts"}],"about":[{"href":"https:\/\/www.hashtag.al\/index.php\/wp-json\/wp\/v2\/types\/post"}],"author":[{"embeddable":true,"href":"https:\/\/www.hashtag.al\/index.php\/wp-json\/wp\/v2\/users\/32"}],"replies":[{"embeddable":true,"href":"https:\/\/www.hashtag.al\/index.php\/wp-json\/wp\/v2\/comments?post=677656"}],"version-history":[{"count":0,"href":"https:\/\/www.hashtag.al\/index.php\/wp-json\/wp\/v2\/posts\/677656\/revisions"}],"wp:featuredmedia":[{"embeddable":true,"href":"https:\/\/www.hashtag.al\/index.php\/wp-json\/wp\/v2\/media\/677657"}],"wp:attachment":[{"href":"https:\/\/www.hashtag.al\/index.php\/wp-json\/wp\/v2\/media?parent=677656"}],"wp:term":[{"taxonomy":"category","embeddable":true,"href":"https:\/\/www.hashtag.al\/index.php\/wp-json\/wp\/v2\/categories?post=677656"},{"taxonomy":"post_tag","embeddable":true,"href":"https:\/\/www.hashtag.al\/index.php\/wp-json\/wp\/v2\/tags?post=677656"}],"curies":[{"name":"wp","href":"https:\/\/api.w.org\/{rel}","templated":true}]}}