{"id":677374,"date":"2024-05-26T16:19:04","date_gmt":"2024-05-26T14:19:04","guid":{"rendered":"https:\/\/www.hashtag.al\/?p=677374"},"modified":"2024-05-26T16:19:04","modified_gmt":"2024-05-26T14:19:04","slug":"zelenski-pese-vjet-nga-marrja-e-detyres-se-presidentit-te-ukraines","status":"publish","type":"post","link":"https:\/\/www.hashtag.al\/index.php\/2024\/05\/26\/zelenski-pese-vjet-nga-marrja-e-detyres-se-presidentit-te-ukraines\/","title":{"rendered":"Zelenski, pes\u00eb vjet nga marrja e detyr\u00ebs s\u00eb presidentit t\u00eb Ukrain\u00ebs","gt_translate_keys":[{"key":"rendered","format":"text"}]},"content":{"rendered":"<p><span style=\"color: #000000;\"><a href=\"https:\/\/www.hashtag.al\/wp-content\/uploads\/2024\/05\/Screenshot-2024-05-26-161253.png\"><img loading=\"lazy\" decoding=\"async\" class=\"aligncenter size-full wp-image-677375\" src=\"https:\/\/www.hashtag.al\/wp-content\/uploads\/2024\/05\/Screenshot-2024-05-26-161253.png\" alt=\"\" width=\"1168\" height=\"698\" srcset=\"https:\/\/www.hashtag.al\/wp-content\/uploads\/2024\/05\/Screenshot-2024-05-26-161253.png 1168w, https:\/\/www.hashtag.al\/wp-content\/uploads\/2024\/05\/Screenshot-2024-05-26-161253-300x179.png 300w, https:\/\/www.hashtag.al\/wp-content\/uploads\/2024\/05\/Screenshot-2024-05-26-161253-1024x612.png 1024w, https:\/\/www.hashtag.al\/wp-content\/uploads\/2024\/05\/Screenshot-2024-05-26-161253-768x459.png 768w\" sizes=\"auto, (max-width: 1168px) 100vw, 1168px\" \/><\/a><\/span><\/p>\n<p><span style=\"color: #000000;\">M\u00eb 20 maj u b\u00ebn\u00eb pes\u00eb vjet q\u00eb kur Presidenti i Ukrain\u00ebs Volodymyr Zelenski mori detyr\u00ebn. Sipas ligjit t\u00eb Ukrain\u00ebs, presidenti ka nj\u00eb mandat pes\u00eb vje\u00e7ar, por zgjedhjet jan\u00eb shtyr\u00eb nd\u00ebrsa n\u00eb vend vazhdon t\u00eb jet\u00eb n\u00eb fuqi ligji i mobilizimit ushtarak. Presidenti Zelenski ka patur nj\u00eb mandat sfidues, duke udh\u00ebhequr vendin n\u00eb periudh\u00ebn e v\u00ebshtir\u00eb t\u00eb sulmit n\u00eb shkall\u00eb t\u00eb gjer\u00eb t\u00eb Rusis\u00eb, q\u00eb ende po vazhdon.<\/span><\/p>\n<p><span style=\"color: #000000;\">Pes\u00eb vjet m\u00eb par\u00eb, nj\u00eb politikan i ri, por nj\u00eb fytyr\u00eb e njohur p\u00ebr ukrainasit, u b\u00eb president i vendit. Aktori, komediani dhe sip\u00ebrmarr\u00ebsi 41-vje\u00e7ar Volodymyr Zelenskyy mori detyr\u00ebn si presidenti i gjasht\u00eb i Ukrain\u00ebs.<\/span><\/p>\n<p><span style=\"color: #000000;\"><em>\u201cUkraina \u00ebsht\u00eb nj\u00eb vend me paradokse t\u00eb shumta politike. Dhe presidenca e Zelenskit \u00ebsht\u00eb nj\u00eb nga paradokset m\u00eb t\u00eb jasht\u00ebzakonshme. Politika ishte p\u00ebr t\u00eb nj\u00eb tem\u00eb q\u00eb ai e trajtonte me sarkaz\u00ebm dhe shaka. Por, ai papritmas e gjeti veten n\u00eb vendin e atyre q\u00eb i kritikonte dhe tallte\u201d,<\/em> thot\u00eb Volodymyr Fesenko, Qendra p\u00ebr Studime Politike &#8220;Penta&#8221;.<\/span><\/p>\n<p><span style=\"color: #000000;\"><em>\u201cN\u00eb Amerik\u00eb, njer\u00ebzit ishin t\u00eb habitur q\u00eb ky aktor arriti t\u00eb fitonte 73% t\u00eb votave. Ishte thjesht e mahnitshme! Por ai nuk kishte shum\u00eb p\u00ebrvoj\u00eb, dhe mendoj se n\u00eb dit\u00ebt e para, ai pati nevoj\u00eb p\u00ebr pak koh\u00eb q\u00eb t\u00eb krijonte nj\u00eb ekip k\u00ebshilltar\u00ebsh dhe t\u00eb fitonte p\u00ebrvoj\u00ebn q\u00eb i nevojitej\u201d,<\/em> thot\u00eb John Tefft, ish-ambasador i Shteteve t\u00eb Bashkuara n\u00eb Ukrain\u00eb.<\/span><\/p>\n<p><span style=\"color: #000000;\">Nd\u00ebr premtimet e zotit Zelenski ishin lufta ndaj korrupsionit dhe varf\u00ebris\u00eb, si dhe p\u00ebrpjekja p\u00ebr t\u00eb bindur presidentin rus Vladimir Putin p\u00ebr t\u2019i kthyer Ukrain\u00ebs Krimen\u00eb dhe Donbasin.<\/span><\/p>\n<p><span style=\"color: #000000;\">\u201cN\u00ebse takohem me zotin Putin, do t&#8217;i them<em>: &#8216;M\u00eb n\u00eb fund, na kthyet territoret tona. Sa para jeni t\u00eb gatsh\u00ebm t\u00eb paguani si kompensim p\u00ebr mbajtjen e tyre?&#8217;\u201d<\/em><\/span><\/p>\n<p><span style=\"color: #000000;\"><em>\u201cAi mendonte se do t\u00eb fillonte negociatat me Putinin dhe do ta bindte se d\u00ebshiron paqe dhe se Putini gjithashtu donte paqe. Ai u p\u00ebrpoq ta b\u00ebnte k\u00ebt\u00eb, por kjo nuk funksionoi. Rezultoi se Zelenski donte paqe, por jo Putini. Ai donte q\u00eb Ukraina t\u00eb n\u00ebnshtrohej<\/em>\u201d, thot\u00eb analisti Volodymyr Fesenko.<\/span><\/p>\n<p><span style=\"color: #000000;\">M\u00eb 24 shkurt 2022, Rusia nisi nj\u00eb sulm n\u00eb shkall\u00eb t\u00eb gjer\u00eb ndaj Ukrain\u00ebs. Shum\u00eb ekspert\u00eb per\u00ebndimor\u00eb mendonin se presidenti Zelenski do t\u00eb largohej nga vendi, por ai q\u00ebndroi n\u00eb Ukrain\u00eb, duke e udh\u00ebhequr at\u00eb gjat\u00eb luft\u00ebs.<\/span><\/p>\n<p><span style=\"color: #000000;\">\u201c<em>Zelenski u b\u00eb nj\u00eb udh\u00ebheq\u00ebs i koh\u00ebs s\u00eb luft\u00ebs. Ai ndryshoi fizikisht dhe psikologjikisht. Ai pothuajse ndaloi s\u00eb qeshuri. Ai duket m\u00eb i pjekur dhe m\u00eb i ashp\u00ebr\u201d,<\/em> thot\u00eb zoti Fesenko.<\/span><\/p>\n<p><span style=\"color: #000000;\">N\u00eb vitin 2022, revistat Time dhe Financial Times e shpall\u00ebn zotin Zelenski &#8220;Njeriun e Vitit&#8221;. Ai ka b\u00ebr\u00eb udh\u00ebtime t\u00eb shumta n\u00eb vij\u00ebn e par\u00eb t\u00eb frontit, duke p\u00ebrfshir\u00eb ato n\u00eb Bakhmut dhe Avdiivka, si dhe qytetet e \u00e7liruara t\u00eb Bu\u00e7\u00ebs, Izumit dhe Khersonit. Ai ka mbajtur dy fjalime n\u00eb Kongresin amerikan dhe \u00ebsht\u00eb takuar shum\u00eb her\u00eb me Presidentin Joe Biden.<\/span><\/p>\n<p><span style=\"color: #000000;\"><em>\u201cN\u00eb p\u00ebrgjith\u00ebsi, ai ka treguar aft\u00ebsi t\u00eb forta udh\u00ebheq\u00ebse. Pa t\u00eb, nuk e di se ku mund t\u00eb ishte Ukraina sot\u201d,<\/em> thot\u00eb analisti John Hardie nga Fondacioni p\u00ebr Mbrojtjen e Demokracive.<\/span><\/p>\n<p><span style=\"color: #000000;\">Presidenti Zelenski thot\u00eb se do t\u00eb mbetet president p\u00ebr aq koh\u00eb sa n\u00eb Ukrain\u00eb do t\u00eb jet\u00eb n\u00eb fuqi ligji i mobilizimit ushtarak.\/<span style=\"color: #0000ff;\"><a style=\"color: #0000ff;\" href=\"https:\/\/www.zeriamerikes.com\/a\/7627444.html\">VOA<\/a><\/span><\/span><\/p>\n","protected":false,"gt_translate_keys":[{"key":"rendered","format":"html"}]},"excerpt":{"rendered":"<p>M\u00eb 20 maj u b\u00ebn\u00eb pes\u00eb vjet q\u00eb kur Presidenti i Ukrain\u00ebs Volodymyr Zelenski mori detyr\u00ebn. Sipas ligjit t\u00eb Ukrain\u00ebs, presidenti ka nj\u00eb mandat pes\u00eb vje\u00e7ar, por zgjedhjet jan\u00eb shtyr\u00eb nd\u00ebrsa n\u00eb vend vazhdon t\u00eb jet\u00eb n\u00eb fuqi ligji i mobilizimit ushtarak. Presidenti Zelenski ka patur nj\u00eb mandat sfidues, duke udh\u00ebhequr vendin n\u00eb periudh\u00ebn e [&hellip;]<\/p>\n","protected":false,"gt_translate_keys":[{"key":"rendered","format":"html"}]},"author":32,"featured_media":677375,"comment_status":"closed","ping_status":"open","sticky":false,"template":"","format":"standard","meta":{"footnotes":""},"categories":[53],"tags":[],"class_list":["post-677374","post","type-post","status-publish","format-standard","has-post-thumbnail","hentry","category-fast-foodi"],"gt_translate_keys":[{"key":"link","format":"url"}],"_links":{"self":[{"href":"https:\/\/www.hashtag.al\/index.php\/wp-json\/wp\/v2\/posts\/677374","targetHints":{"allow":["GET"]}}],"collection":[{"href":"https:\/\/www.hashtag.al\/index.php\/wp-json\/wp\/v2\/posts"}],"about":[{"href":"https:\/\/www.hashtag.al\/index.php\/wp-json\/wp\/v2\/types\/post"}],"author":[{"embeddable":true,"href":"https:\/\/www.hashtag.al\/index.php\/wp-json\/wp\/v2\/users\/32"}],"replies":[{"embeddable":true,"href":"https:\/\/www.hashtag.al\/index.php\/wp-json\/wp\/v2\/comments?post=677374"}],"version-history":[{"count":0,"href":"https:\/\/www.hashtag.al\/index.php\/wp-json\/wp\/v2\/posts\/677374\/revisions"}],"wp:featuredmedia":[{"embeddable":true,"href":"https:\/\/www.hashtag.al\/index.php\/wp-json\/wp\/v2\/media\/677375"}],"wp:attachment":[{"href":"https:\/\/www.hashtag.al\/index.php\/wp-json\/wp\/v2\/media?parent=677374"}],"wp:term":[{"taxonomy":"category","embeddable":true,"href":"https:\/\/www.hashtag.al\/index.php\/wp-json\/wp\/v2\/categories?post=677374"},{"taxonomy":"post_tag","embeddable":true,"href":"https:\/\/www.hashtag.al\/index.php\/wp-json\/wp\/v2\/tags?post=677374"}],"curies":[{"name":"wp","href":"https:\/\/api.w.org\/{rel}","templated":true}]}}