{"id":677204,"date":"2024-05-25T13:14:28","date_gmt":"2024-05-25T11:14:28","guid":{"rendered":"https:\/\/www.hashtag.al\/?p=677204"},"modified":"2024-05-25T13:14:28","modified_gmt":"2024-05-25T11:14:28","slug":"goditi-me-thike-ne-qafe-dhe-trup-gruan-52-vjecari-i-penduar-sdoja-ta-qelloja","status":"publish","type":"post","link":"https:\/\/www.hashtag.al\/index.php\/2024\/05\/25\/goditi-me-thike-ne-qafe-dhe-trup-gruan-52-vjecari-i-penduar-sdoja-ta-qelloja\/","title":{"rendered":"Goditi me thik\u00eb n\u00eb qaf\u00eb dhe trup gruan, 52-vje\u00e7ari i penduar: S\u2019doja ta q\u00eblloja","gt_translate_keys":[{"key":"rendered","format":"text"}]},"content":{"rendered":"<p style=\"text-align: left;\"><span style=\"color: #000000;\"><img loading=\"lazy\" decoding=\"async\" class=\"size-full wp-image-677205 aligncenter\" src=\"https:\/\/www.hashtag.al\/wp-content\/uploads\/2024\/05\/gjykata-e-tiranes-478x350-1.jpg\" alt=\"\" width=\"478\" height=\"350\" srcset=\"https:\/\/www.hashtag.al\/wp-content\/uploads\/2024\/05\/gjykata-e-tiranes-478x350-1.jpg 478w, https:\/\/www.hashtag.al\/wp-content\/uploads\/2024\/05\/gjykata-e-tiranes-478x350-1-300x220.jpg 300w\" sizes=\"auto, (max-width: 478px) 100vw, 478px\" \/><\/span><\/p>\n<p style=\"text-align: left;\"><span style=\"color: #000000;\">\u201cArrest me burg\u201d p\u00ebr 52-vje\u00e7arin Jakup Shahu, i cili plagosi me thik\u00eb n\u00eb qaf\u00eb dhe trup bashk\u00ebshorten e tij. Vendimi u dha sot nga Gjykata e Tiran\u00ebs.<\/span><\/p>\n<p style=\"text-align: left;\"><span style=\"color: #000000;\">Ngjarja ndodhi pak dit\u00eb m\u00eb par\u00eb n\u00eb Tiran\u00eb, ku e plagosur mbeti Edlira Shahu. 52-vje\u00e7ari tha para togave t\u00eb zeza se ishte penduar p\u00ebr krimin n\u00eb fjal\u00eb. <em>\u201cNuk doja ta q\u00eblloja, por u nxeha. E q\u00ebllova n\u00eb debat e sip\u00ebr\u201d,<\/em> m\u00ebsohet t\u00eb jet\u00eb shprehur ai n\u00eb gjykat\u00eb.<\/span><\/p>\n<p style=\"text-align: left;\"><span style=\"color: #000000;\">M\u00ebsohet se gruaja, sipas informacioneve q\u00eb dha edhe prokurori i \u00e7\u00ebshtjes, ndodhet n\u00eb gjendje t\u00eb r\u00ebnd\u00eb p\u00ebr jet\u00ebn, p\u00ebr shkak t\u00eb 3 goditjeve q\u00eb ka marr\u00eb me thik\u00eb. Kujtojm\u00eb se 52-vje\u00e7ari ka qen\u00eb i d\u00ebnuar edhe me her\u00ebt p\u00ebr vrasje.<\/span><\/p>\n","protected":false,"gt_translate_keys":[{"key":"rendered","format":"html"}]},"excerpt":{"rendered":"<p>\u201cArrest me burg\u201d p\u00ebr 52-vje\u00e7arin Jakup Shahu, i cili plagosi me thik\u00eb n\u00eb qaf\u00eb dhe trup bashk\u00ebshorten e tij. Vendimi u dha sot nga Gjykata e Tiran\u00ebs. Ngjarja ndodhi pak dit\u00eb m\u00eb par\u00eb n\u00eb Tiran\u00eb, ku e plagosur mbeti Edlira Shahu. 52-vje\u00e7ari tha para togave t\u00eb zeza se ishte penduar p\u00ebr krimin n\u00eb fjal\u00eb. \u201cNuk [&hellip;]<\/p>\n","protected":false,"gt_translate_keys":[{"key":"rendered","format":"html"}]},"author":4,"featured_media":677205,"comment_status":"closed","ping_status":"open","sticky":false,"template":"","format":"standard","meta":{"footnotes":""},"categories":[65],"tags":[],"class_list":["post-677204","post","type-post","status-publish","format-standard","has-post-thumbnail","hentry","category-lajme"],"gt_translate_keys":[{"key":"link","format":"url"}],"_links":{"self":[{"href":"https:\/\/www.hashtag.al\/index.php\/wp-json\/wp\/v2\/posts\/677204","targetHints":{"allow":["GET"]}}],"collection":[{"href":"https:\/\/www.hashtag.al\/index.php\/wp-json\/wp\/v2\/posts"}],"about":[{"href":"https:\/\/www.hashtag.al\/index.php\/wp-json\/wp\/v2\/types\/post"}],"author":[{"embeddable":true,"href":"https:\/\/www.hashtag.al\/index.php\/wp-json\/wp\/v2\/users\/4"}],"replies":[{"embeddable":true,"href":"https:\/\/www.hashtag.al\/index.php\/wp-json\/wp\/v2\/comments?post=677204"}],"version-history":[{"count":0,"href":"https:\/\/www.hashtag.al\/index.php\/wp-json\/wp\/v2\/posts\/677204\/revisions"}],"wp:featuredmedia":[{"embeddable":true,"href":"https:\/\/www.hashtag.al\/index.php\/wp-json\/wp\/v2\/media\/677205"}],"wp:attachment":[{"href":"https:\/\/www.hashtag.al\/index.php\/wp-json\/wp\/v2\/media?parent=677204"}],"wp:term":[{"taxonomy":"category","embeddable":true,"href":"https:\/\/www.hashtag.al\/index.php\/wp-json\/wp\/v2\/categories?post=677204"},{"taxonomy":"post_tag","embeddable":true,"href":"https:\/\/www.hashtag.al\/index.php\/wp-json\/wp\/v2\/tags?post=677204"}],"curies":[{"name":"wp","href":"https:\/\/api.w.org\/{rel}","templated":true}]}}