{"id":677067,"date":"2024-05-24T15:46:39","date_gmt":"2024-05-24T13:46:39","guid":{"rendered":"https:\/\/www.hashtag.al\/?p=677067"},"modified":"2024-05-24T15:46:39","modified_gmt":"2024-05-24T13:46:39","slug":"akuzoi-babane-per-abuzim-seksual-ekspertiza-pergenjeshtron-vajzen-e-mitura-e-denoncova-se-sme-jepte-telefonin","status":"publish","type":"post","link":"https:\/\/www.hashtag.al\/index.php\/2024\/05\/24\/akuzoi-babane-per-abuzim-seksual-ekspertiza-pergenjeshtron-vajzen-e-mitura-e-denoncova-se-sme-jepte-telefonin\/","title":{"rendered":"Akuzoi baban\u00eb p\u00ebr abuzim seksual, ekspertiza p\u00ebrg\u00ebnjeshtron vajz\u00ebn, e mitura: E denoncova se s\u2019m\u00eb jepte telefonin","gt_translate_keys":[{"key":"rendered","format":"text"}]},"content":{"rendered":"<p><span style=\"color: #000000;\"><a href=\"https:\/\/www.hashtag.al\/wp-content\/uploads\/2024\/05\/policia-dhermi.jpg\"><img loading=\"lazy\" decoding=\"async\" class=\"aligncenter size-full wp-image-675760\" src=\"https:\/\/www.hashtag.al\/wp-content\/uploads\/2024\/05\/policia-dhermi.jpg\" alt=\"\" width=\"640\" height=\"398\" srcset=\"https:\/\/www.hashtag.al\/wp-content\/uploads\/2024\/05\/policia-dhermi.jpg 640w, https:\/\/www.hashtag.al\/wp-content\/uploads\/2024\/05\/policia-dhermi-300x187.jpg 300w\" sizes=\"auto, (max-width: 640px) 100vw, 640px\" \/><\/a><\/span><\/p>\n<p><span style=\"color: #000000;\">Vajza 15-vje\u00e7are, e cila ka akuzuar baban\u00eb e saj p\u00ebr p\u00ebrdhunim ka dal\u00eb nga ekzaminimi mjeko ligjor e pa abuzuar seksualisht.<\/span><\/p>\n<p><span style=\"color: #000000;\">Lajmin e konfirmon gazetarja, Klodjana Haxhiaj, nd\u00ebrsa m\u00ebsohet se vajza n\u00eb gjykat\u00eb ka mohuar akuzat, duke u shprehur se denoncimi e kishte b\u00ebr\u00eb pasi i ati i kishte marr\u00eb telefonin dhe se nuk ia jepte m\u00eb.<\/span><\/p>\n<p><span style=\"color: #000000;\"><strong>Vajza n\u00eb gjykat\u00eb<\/strong>: Babai m\u00eb kishte marr\u00eb telefonin, ndaj e denoncova. G\u00ebnjeva se nuk m\u00eb jepte telefonin babai.<\/span><\/p>\n<p><span style=\"color: #000000;\">Nd\u00ebrkoh\u00eb avokat mbrojt\u00ebs ka b\u00ebr\u00eb me dije se vajza \u00ebsht\u00eb e virgj\u00ebr.<\/span><\/p>\n<p><span style=\"color: #000000;\">Gjykata nuk i ka dh\u00ebn\u00eb urdh\u00ebr mbrojtje vajz\u00ebs dhe n\u00ebn\u00ebs, nd\u00ebrsa n\u00eb seanc\u00eb i kan\u00eb k\u00ebrkuar falje Bledar Rokos dhe k\u00ebrkuan q\u00eb ai t\u00eb lirohej nga burgu dhe akuzat.<\/span><\/p>\n","protected":false,"gt_translate_keys":[{"key":"rendered","format":"html"}]},"excerpt":{"rendered":"<p>Vajza 15-vje\u00e7are, e cila ka akuzuar baban\u00eb e saj p\u00ebr p\u00ebrdhunim ka dal\u00eb nga ekzaminimi mjeko ligjor e pa abuzuar seksualisht. Lajmin e konfirmon gazetarja, Klodjana Haxhiaj, nd\u00ebrsa m\u00ebsohet se vajza n\u00eb gjykat\u00eb ka mohuar akuzat, duke u shprehur se denoncimi e kishte b\u00ebr\u00eb pasi i ati i kishte marr\u00eb telefonin dhe se nuk ia [&hellip;]<\/p>\n","protected":false,"gt_translate_keys":[{"key":"rendered","format":"html"}]},"author":32,"featured_media":675760,"comment_status":"closed","ping_status":"open","sticky":false,"template":"","format":"standard","meta":{"footnotes":""},"categories":[65],"tags":[],"class_list":["post-677067","post","type-post","status-publish","format-standard","has-post-thumbnail","hentry","category-lajme"],"gt_translate_keys":[{"key":"link","format":"url"}],"_links":{"self":[{"href":"https:\/\/www.hashtag.al\/index.php\/wp-json\/wp\/v2\/posts\/677067","targetHints":{"allow":["GET"]}}],"collection":[{"href":"https:\/\/www.hashtag.al\/index.php\/wp-json\/wp\/v2\/posts"}],"about":[{"href":"https:\/\/www.hashtag.al\/index.php\/wp-json\/wp\/v2\/types\/post"}],"author":[{"embeddable":true,"href":"https:\/\/www.hashtag.al\/index.php\/wp-json\/wp\/v2\/users\/32"}],"replies":[{"embeddable":true,"href":"https:\/\/www.hashtag.al\/index.php\/wp-json\/wp\/v2\/comments?post=677067"}],"version-history":[{"count":0,"href":"https:\/\/www.hashtag.al\/index.php\/wp-json\/wp\/v2\/posts\/677067\/revisions"}],"wp:featuredmedia":[{"embeddable":true,"href":"https:\/\/www.hashtag.al\/index.php\/wp-json\/wp\/v2\/media\/675760"}],"wp:attachment":[{"href":"https:\/\/www.hashtag.al\/index.php\/wp-json\/wp\/v2\/media?parent=677067"}],"wp:term":[{"taxonomy":"category","embeddable":true,"href":"https:\/\/www.hashtag.al\/index.php\/wp-json\/wp\/v2\/categories?post=677067"},{"taxonomy":"post_tag","embeddable":true,"href":"https:\/\/www.hashtag.al\/index.php\/wp-json\/wp\/v2\/tags?post=677067"}],"curies":[{"name":"wp","href":"https:\/\/api.w.org\/{rel}","templated":true}]}}