{"id":677053,"date":"2024-05-24T14:29:16","date_gmt":"2024-05-24T12:29:16","guid":{"rendered":"https:\/\/www.hashtag.al\/?p=677053"},"modified":"2024-05-24T14:29:16","modified_gmt":"2024-05-24T12:29:16","slug":"dita-nderkombetare-e-perkujtimit-te-gjenocidit-ne-srebrenice-ne-kalendarin-zyrtar-te-okb-se","status":"publish","type":"post","link":"https:\/\/www.hashtag.al\/index.php\/2024\/05\/24\/dita-nderkombetare-e-perkujtimit-te-gjenocidit-ne-srebrenice-ne-kalendarin-zyrtar-te-okb-se\/","title":{"rendered":"Dita Nd\u00ebrkomb\u00ebtare e P\u00ebrkujtimit t\u00eb Gjenocidit n\u00eb Srebrenic\u00eb n\u00eb kalendarin zyrtar t\u00eb OKB-s\u00eb","gt_translate_keys":[{"key":"rendered","format":"text"}]},"content":{"rendered":"<p><img loading=\"lazy\" decoding=\"async\" class=\"size-full wp-image-677055 aligncenter\" src=\"https:\/\/www.hashtag.al\/wp-content\/uploads\/2024\/05\/srebrenica-1.jpg\" alt=\"\" width=\"857\" height=\"506\" srcset=\"https:\/\/www.hashtag.al\/wp-content\/uploads\/2024\/05\/srebrenica-1.jpg 857w, https:\/\/www.hashtag.al\/wp-content\/uploads\/2024\/05\/srebrenica-1-300x177.jpg 300w, https:\/\/www.hashtag.al\/wp-content\/uploads\/2024\/05\/srebrenica-1-768x453.jpg 768w\" sizes=\"auto, (max-width: 857px) 100vw, 857px\" \/><\/p>\n<p><span style=\"font-weight: 400; color: #000000;\">Dita Nd\u00ebrkomb\u00ebtare e P\u00ebrkujtimit t\u00eb Gjenocidit n\u00eb Srebrenic\u00eb, 11 Korriku, tashm\u00eb \u00ebsht\u00eb sh\u00ebnuar n\u00eb kalendarin zyrtar n\u00eb faqen e OKB-s\u00eb.<\/span><\/p>\n<p><span style=\"font-weight: 400; color: #000000;\">Kjo pasoi pasi rezoluta u miratua nga Asambleja e P\u00ebrgjithshme e OKB-s\u00eb m\u00eb 23 maj.<\/span><\/p>\n<p><img decoding=\"async\" class=\"aligncenter\" src=\"https:\/\/gdb.rferl.org\/01000000-0aff-0242-8227-08dc7bd98a90_w650_r0_s.png\" alt=\"Kalendari i OKB-s\u00eb, maj 2024.\" \/><\/p>\n<p><span style=\"font-weight: 400; color: #000000;\">P\u00ebr Rezolut\u00ebn votuan 84 vende, 19 ishin kund\u00ebr, nd\u00ebrsa 68 abstenuan.<\/span><\/p>\n<p><span style=\"font-weight: 400; color: #000000;\">Kalendari zyrtar i OKB-s\u00eb e rendit 11 Korrikun si &#8220;Dit\u00ebn Nd\u00ebrkomb\u00ebtare t\u00eb Reflektimit dhe P\u00ebrkujtimit t\u00eb Gjenocidit t\u00eb 1995 n\u00eb Srebrenic\u00eb&#8221;.<\/span><\/p>\n<p><span style=\"font-weight: 400; color: #000000;\">Rezoluta i referohet fakteve nga aktgjykimet e Gjykat\u00ebs Nd\u00ebrkomb\u00ebtare Penale p\u00ebr ish-Jugosllavin\u00eb, Gjykat\u00ebs Nd\u00ebrkomb\u00ebtare t\u00eb Drejt\u00ebsis\u00eb dhe gjykatave vendase.<\/span><\/p>\n<p><span style=\"font-weight: 400; color: #000000;\">Nd\u00ebr t\u00eb tjera, ajo b\u00ebn thirrje p\u00ebr &#8220;d\u00ebnimin pa rezerva t\u00eb \u00e7do mohimi t\u00eb gjenocidit n\u00eb Srebrenic\u00eb, si dhe t\u00eb veprimeve q\u00eb i madh\u00ebrojn\u00eb t\u00eb d\u00ebnuarit p\u00ebr krime lufte, p\u00ebrfshir\u00eb edhe ata q\u00eb jan\u00eb p\u00ebrgjegj\u00ebs p\u00ebr gjenocidin&#8221;.<\/span><\/p>\n<p><span style=\"font-weight: 400; color: #000000;\">Miratimi i rezolut\u00ebs u kund\u00ebrshtua m\u00eb s\u00eb shumti nga Serbia dhe Rusia.<\/span><\/p>\n<p><span style=\"font-weight: 400; color: #000000;\">Gjykata Nd\u00ebrkomb\u00ebtare e Drejt\u00ebsis\u00eb n\u00eb Hag\u00eb e karakterizoi krimin n\u00eb Srebrenic\u00eb si gjenocid n\u00eb vitin 2007.<\/span><\/p>\n<p><span style=\"font-weight: 400; color: #000000;\">Beogradi zyrtar dhe autoritetet e entitetit serb t\u00eb Bosnj\u00eb e Hercegovin\u00ebs, Republika S\u00ebrpska, e mohojn\u00eb gjenocidin.<\/span><\/p>\n<p><span style=\"font-weight: 400; color: #000000;\">Forcat serbe n\u00eb k\u00ebt\u00eb rajon lindor t\u00eb Bosnje e Hercegovin\u00ebs vran\u00eb mbi 8.000 burra dhe djem boshnjak\u00eb n\u00eb korrik t\u00eb vitit 1995.<\/span><\/p>\n<p><span style=\"font-weight: 400; color: #000000;\">P\u00ebr gjenocidin e kryer, deri m\u00eb tash, u d\u00ebnuan m\u00eb shum\u00eb se 50 persona me rreth 700 vjet burg.<\/span><\/p>\n<p><span style=\"font-weight: 400; color: #000000;\">N\u00eb mesin e tyre jan\u00eb edhe presidenti i koh\u00ebs s\u00eb luft\u00ebs i Republik\u00ebs S\u00ebrpska, Radovan Karaxhiq, dhe komandanti i p\u00ebrgjithsh\u00ebm i ushtris\u00eb s\u00eb at\u00ebhershme serbe, Ratko Mlladi\u00e7.<\/span><\/p>\n<p><span style=\"color: #000000;\"><span style=\"font-weight: 400;\"><span style=\"color: #ff0000;\">VINI RE:<\/span> Ky material \u00ebsht\u00eb pron\u00ebsi intelektuale e <\/span><span style=\"color: #0000ff;\"><a style=\"color: #0000ff;\" href=\"https:\/\/www.evropaelire.org\/a\/dita-nderkombetare-gjenocid-srebrenice-kalendar-okb\/32962204.html\"><span style=\"font-weight: 400;\">REL<\/span><\/a><\/span><\/span><\/p>\n","protected":false,"gt_translate_keys":[{"key":"rendered","format":"html"}]},"excerpt":{"rendered":"<p>Dita Nd\u00ebrkomb\u00ebtare e P\u00ebrkujtimit t\u00eb Gjenocidit n\u00eb Srebrenic\u00eb, 11 Korriku, tashm\u00eb \u00ebsht\u00eb sh\u00ebnuar n\u00eb kalendarin zyrtar n\u00eb faqen e OKB-s\u00eb. Kjo pasoi pasi rezoluta u miratua nga Asambleja e P\u00ebrgjithshme e OKB-s\u00eb m\u00eb 23 maj. P\u00ebr Rezolut\u00ebn votuan 84 vende, 19 ishin kund\u00ebr, nd\u00ebrsa 68 abstenuan. Kalendari zyrtar i OKB-s\u00eb e rendit 11 Korrikun si [&hellip;]<\/p>\n","protected":false,"gt_translate_keys":[{"key":"rendered","format":"html"}]},"author":4,"featured_media":677055,"comment_status":"closed","ping_status":"open","sticky":false,"template":"","format":"standard","meta":{"footnotes":""},"categories":[6],"tags":[],"class_list":["post-677053","post","type-post","status-publish","format-standard","has-post-thumbnail","hentry","category-nderkombetare"],"gt_translate_keys":[{"key":"link","format":"url"}],"_links":{"self":[{"href":"https:\/\/www.hashtag.al\/index.php\/wp-json\/wp\/v2\/posts\/677053","targetHints":{"allow":["GET"]}}],"collection":[{"href":"https:\/\/www.hashtag.al\/index.php\/wp-json\/wp\/v2\/posts"}],"about":[{"href":"https:\/\/www.hashtag.al\/index.php\/wp-json\/wp\/v2\/types\/post"}],"author":[{"embeddable":true,"href":"https:\/\/www.hashtag.al\/index.php\/wp-json\/wp\/v2\/users\/4"}],"replies":[{"embeddable":true,"href":"https:\/\/www.hashtag.al\/index.php\/wp-json\/wp\/v2\/comments?post=677053"}],"version-history":[{"count":0,"href":"https:\/\/www.hashtag.al\/index.php\/wp-json\/wp\/v2\/posts\/677053\/revisions"}],"wp:featuredmedia":[{"embeddable":true,"href":"https:\/\/www.hashtag.al\/index.php\/wp-json\/wp\/v2\/media\/677055"}],"wp:attachment":[{"href":"https:\/\/www.hashtag.al\/index.php\/wp-json\/wp\/v2\/media?parent=677053"}],"wp:term":[{"taxonomy":"category","embeddable":true,"href":"https:\/\/www.hashtag.al\/index.php\/wp-json\/wp\/v2\/categories?post=677053"},{"taxonomy":"post_tag","embeddable":true,"href":"https:\/\/www.hashtag.al\/index.php\/wp-json\/wp\/v2\/tags?post=677053"}],"curies":[{"name":"wp","href":"https:\/\/api.w.org\/{rel}","templated":true}]}}