{"id":676994,"date":"2024-05-24T11:17:56","date_gmt":"2024-05-24T09:17:56","guid":{"rendered":"https:\/\/www.hashtag.al\/?p=676994"},"modified":"2024-05-24T11:17:56","modified_gmt":"2024-05-24T09:17:56","slug":"meta-shtylle-e-shpopullimit-eshte-braktisja-e-fshatit-dhe-bujqesise-do-heqim-zgjedhen-tatimore","status":"publish","type":"post","link":"https:\/\/www.hashtag.al\/index.php\/2024\/05\/24\/meta-shtylle-e-shpopullimit-eshte-braktisja-e-fshatit-dhe-bujqesise-do-heqim-zgjedhen-tatimore\/","title":{"rendered":"Meta: Shtyll\u00eb e shpopullimit \u00ebsht\u00eb braktisja e fshatit dhe bujq\u00ebsis\u00eb, do heqim zgjedh\u00ebn tatimore","gt_translate_keys":[{"key":"rendered","format":"text"}]},"content":{"rendered":"<p><img loading=\"lazy\" decoding=\"async\" class=\"size-full wp-image-676995 aligncenter\" src=\"https:\/\/www.hashtag.al\/wp-content\/uploads\/2024\/05\/meta-11.jpg\" alt=\"\" width=\"613\" height=\"391\" srcset=\"https:\/\/www.hashtag.al\/wp-content\/uploads\/2024\/05\/meta-11.jpg 613w, https:\/\/www.hashtag.al\/wp-content\/uploads\/2024\/05\/meta-11-300x191.jpg 300w\" sizes=\"auto, (max-width: 613px) 100vw, 613px\" \/><\/p>\n<p><span style=\"font-weight: 400; color: #000000;\">Presidenti i Partis\u00eb s\u00eb Liris\u00eb Ilir Meta, n\u00eb nj\u00eb tryez\u00eb t\u00eb organizuar p\u00ebr bujq\u00ebsin\u00eb, u shpreh se me programin e PL p\u00ebr k\u00ebt\u00eb sektor, synohet t\u00eb goditet shpopullimi, t\u00eb cilin e quajti nj\u00eb axhend\u00eb e q\u00ebllimshme e qeveris\u00eb.<\/span><\/p>\n<p><span style=\"font-weight: 400; color: #000000;\">Ai tha se shtyll\u00eb e shpopullimit \u00ebsht\u00eb braktisja e fshatit dhe bujq\u00ebsis\u00eb e blegtoris\u00eb.<\/span><\/p>\n<p><span style=\"font-weight: 400; color: #000000;\">Presidenti i PL tha se synimi i tij \u00ebsht\u00eb q\u00eb Shqip\u00ebria t\u00eb mos jet\u00eb n\u00ebn qeverisjen globale, por shqiptar\u00ebt t\u00eb qeverisen nga vullneti i tyre.<\/span><\/p>\n<p><span style=\"color: #000000;\"><i><span style=\"font-weight: 400;\">\u201cRama ka b\u00ebr\u00eb nj\u00eb zgjedhje, ideologjike e politike, ka zgjedhur q\u00eb Shqip\u00ebrin\u00eb e shqiptar\u00ebt t\u2019i vendos\u00eb n\u00ebn qeverisjen globale. Ne mendojm\u00eb se duhet t\u00eb qeverisen nga vullneti i tyre p\u00ebr t\u00eb qen\u00eb krenar p\u00ebr at\u00eb q\u00eb jemi e p\u00ebr t\u00eb ruajtur Shqip\u00ebrin\u00eb edhe p\u00ebr shekujt q\u00eb vijn\u00eb sepse globalizmi \u00ebsht\u00eb vdekjeprur\u00ebs p\u00ebr popujt q\u00eb nuk mbrojn\u00eb rr\u00ebnj\u00ebt e tyre.<\/span><\/i><\/span><\/p>\n<p><span style=\"color: #000000;\"><i><span style=\"font-weight: 400;\">P\u00ebrmes programit ton\u00eb i japim nj\u00eb goditje shpopullimit, axhend\u00ebs s\u00eb q\u00ebllimshme t\u00eb Rilindjes q\u00eb ka falimentuar k\u00ebt\u00eb sektor jetik p\u00ebr vendin.<\/span><\/i><\/span><\/p>\n<p><span style=\"color: #000000;\"><i><span style=\"font-weight: 400;\">Shtyll\u00eb e shpopullimit \u00ebsht\u00eb braktisja e fshatit dhe bujq\u00ebsis\u00eb e blegtoris\u00eb.<\/span><\/i><\/span><\/p>\n<p><span style=\"color: #000000;\"><i><span style=\"font-weight: 400;\">Q\u00eb n\u00eb vitin e par\u00eb buxheti do t\u00eb jet\u00eb 30 mln, do t\u00eb heqim zgjedh\u00ebn tatimore.<\/span><\/i><\/span><\/p>\n<p><span style=\"color: #000000;\"><i><span style=\"font-weight: 400;\">Fondet e IPARD p\u00ebrfunduan tek inceneratori q\u00eb tregon armiq\u00ebsin\u00eb e theksuar t\u00eb Rilindjes me bujq\u00ebsin\u00eb.<\/span><\/i><\/span><\/p>\n<p><span style=\"color: #000000;\"><i><span style=\"font-weight: 400;\">Nuk mund t\u00eb krenohet Qeveria me ca bujtina n\u00eb Kolonj\u00eb, kur n\u00eb Kolonj\u00eb \u201cRilindja\u201d i ka d\u00ebbuar kolonjar\u00ebt. Fermer\u00ebt n\u00eb Kolonj\u00eb, n\u00eb Kor\u00e7\u00eb dhe n\u00eb mbar\u00eb vendin po hedhin produktet n\u00eb kanal, po sharrojn\u00eb drur\u00ebt frutore, po mbyllin fermat e po largohen nga Shqip\u00ebria p\u00ebr shkak t\u00eb mos mb\u00ebshtetjes nga Qeveria q\u00eb i ka braktisur bujqit dhe fermer\u00ebt.<\/span><\/i><\/span><\/p>\n<p><span style=\"color: #000000;\"><i><span style=\"font-weight: 400;\">T\u00eb shkojm\u00eb tek \u00e7do shqiptar q\u00eb nuk do ta l\u00ebr\u00eb vendin e tij apo t\u00eb do t\u00eb kthehet, u shpjegojm\u00eb n\u00eb terren programin ton\u00eb p\u00ebr bujq\u00ebsin\u00eb. Jemi nj\u00eb vend me potencial t\u00eb jasht\u00ebzakonsh\u00ebm n\u00eb k\u00ebt\u00eb drejtim\u201d, <\/span><\/i><span style=\"font-weight: 400;\">tha ai.<\/span><\/span><\/p>\n","protected":false,"gt_translate_keys":[{"key":"rendered","format":"html"}]},"excerpt":{"rendered":"<p>Presidenti i Partis\u00eb s\u00eb Liris\u00eb Ilir Meta, n\u00eb nj\u00eb tryez\u00eb t\u00eb organizuar p\u00ebr bujq\u00ebsin\u00eb, u shpreh se me programin e PL p\u00ebr k\u00ebt\u00eb sektor, synohet t\u00eb goditet shpopullimi, t\u00eb cilin e quajti nj\u00eb axhend\u00eb e q\u00ebllimshme e qeveris\u00eb. Ai tha se shtyll\u00eb e shpopullimit \u00ebsht\u00eb braktisja e fshatit dhe bujq\u00ebsis\u00eb e blegtoris\u00eb. Presidenti i PL [&hellip;]<\/p>\n","protected":false,"gt_translate_keys":[{"key":"rendered","format":"html"}]},"author":4,"featured_media":676995,"comment_status":"closed","ping_status":"open","sticky":false,"template":"","format":"standard","meta":{"footnotes":""},"categories":[65],"tags":[],"class_list":["post-676994","post","type-post","status-publish","format-standard","has-post-thumbnail","hentry","category-lajme"],"gt_translate_keys":[{"key":"link","format":"url"}],"_links":{"self":[{"href":"https:\/\/www.hashtag.al\/index.php\/wp-json\/wp\/v2\/posts\/676994","targetHints":{"allow":["GET"]}}],"collection":[{"href":"https:\/\/www.hashtag.al\/index.php\/wp-json\/wp\/v2\/posts"}],"about":[{"href":"https:\/\/www.hashtag.al\/index.php\/wp-json\/wp\/v2\/types\/post"}],"author":[{"embeddable":true,"href":"https:\/\/www.hashtag.al\/index.php\/wp-json\/wp\/v2\/users\/4"}],"replies":[{"embeddable":true,"href":"https:\/\/www.hashtag.al\/index.php\/wp-json\/wp\/v2\/comments?post=676994"}],"version-history":[{"count":0,"href":"https:\/\/www.hashtag.al\/index.php\/wp-json\/wp\/v2\/posts\/676994\/revisions"}],"wp:featuredmedia":[{"embeddable":true,"href":"https:\/\/www.hashtag.al\/index.php\/wp-json\/wp\/v2\/media\/676995"}],"wp:attachment":[{"href":"https:\/\/www.hashtag.al\/index.php\/wp-json\/wp\/v2\/media?parent=676994"}],"wp:term":[{"taxonomy":"category","embeddable":true,"href":"https:\/\/www.hashtag.al\/index.php\/wp-json\/wp\/v2\/categories?post=676994"},{"taxonomy":"post_tag","embeddable":true,"href":"https:\/\/www.hashtag.al\/index.php\/wp-json\/wp\/v2\/tags?post=676994"}],"curies":[{"name":"wp","href":"https:\/\/api.w.org\/{rel}","templated":true}]}}