{"id":676900,"date":"2024-05-23T21:35:17","date_gmt":"2024-05-23T19:35:17","guid":{"rendered":"https:\/\/www.hashtag.al\/?p=676900"},"modified":"2024-05-23T21:35:17","modified_gmt":"2024-05-23T19:35:17","slug":"basha-taksa-e-sheshte-qeverisja-e-vogel-dhe-efektive-jane-pjese-e-planit-tone-te-kalkuluar-deri-ne-detaje","status":"publish","type":"post","link":"https:\/\/www.hashtag.al\/index.php\/2024\/05\/23\/basha-taksa-e-sheshte-qeverisja-e-vogel-dhe-efektive-jane-pjese-e-planit-tone-te-kalkuluar-deri-ne-detaje\/","title":{"rendered":"Basha: Taksa e shesht\u00eb, qeverisja e vog\u00ebl dhe efektive jan\u00eb pjes\u00eb e planit ton\u00eb t\u00eb kalkuluar deri n\u00eb detaje","gt_translate_keys":[{"key":"rendered","format":"text"}]},"content":{"rendered":"<p><span style=\"color: #000000;\"><a style=\"color: #000000;\" href=\"https:\/\/www.hashtag.al\/wp-content\/uploads\/2024\/05\/basha-1.jpg\"><img loading=\"lazy\" decoding=\"async\" class=\"aligncenter size-full wp-image-676901\" src=\"https:\/\/www.hashtag.al\/wp-content\/uploads\/2024\/05\/basha-1.jpg\" alt=\"\" width=\"600\" height=\"450\" srcset=\"https:\/\/www.hashtag.al\/wp-content\/uploads\/2024\/05\/basha-1.jpg 600w, https:\/\/www.hashtag.al\/wp-content\/uploads\/2024\/05\/basha-1-300x225.jpg 300w\" sizes=\"auto, (max-width: 600px) 100vw, 600px\" \/><\/a><\/span><\/p>\n<p><span style=\"color: #000000;\">Kryetari i Partis\u00eb Demokratike (PD), Lulzim Basha, ka zhvilluar sot nj\u00eb takim me nj\u00eb grup ekspert\u00ebsh t\u00eb ekonomis\u00eb, financave dhe energjis\u00eb, n\u00eb kuad\u00ebr t\u00eb finalizimit t\u00eb programit politik t\u00eb PD-s\u00eb. N\u00eb nj\u00eb postim n\u00eb Facebook, Basha ka deklaruar se plani i PD-s\u00eb p\u00ebr t\u00eb transformuar Shqip\u00ebrin\u00eb n\u00eb nj\u00eb vend t\u00eb favorsh\u00ebm p\u00ebr biznes p\u00ebrfshin disa masa kryesore, si taksa e shesht\u00eb dhe qeverisja e vog\u00ebl dhe efektive. Sipas Bash\u00ebs, k\u00ebto politika jan\u00eb t\u00eb kalkuluara deri n\u00eb detaje p\u00ebr t\u00eb p\u00ebrmir\u00ebsuar klim\u00ebn e biznesit n\u00eb vend.<\/span><\/p>\n<p><span style=\"color: #000000;\">N\u00eb postimin e tij, Basha theksoi r\u00ebnd\u00ebsin\u00eb e k\u00ebtyre reformave p\u00ebr t\u00eb t\u00ebrhequr investime dhe p\u00ebr t\u00eb krijuar nj\u00eb mjedis m\u00eb t\u00eb favorsh\u00ebm p\u00ebr zhvillimin ekonomik t\u00eb vendit. Ai vuri n\u00eb dukje se nj\u00eb sistem taksash i thjesht\u00eb dhe qeverisje e efektive do t\u00eb ndihmonin n\u00eb reduktimin e burokracis\u00eb dhe n\u00eb p\u00ebrmir\u00ebsimin e efikasitetit t\u00eb administrat\u00ebs publike.<\/span><\/p>\n<p><span style=\"color: #000000;\">\u201c<em>Me grupin e ekspert\u00ebve t\u00eb ekonomis\u00eb, financave dhe energjis\u00eb vijuam diskutimet p\u00ebr finalizimin e planit ton\u00eb p\u00ebr ta kthyer Shqip\u00ebrin\u00eb n\u00eb rrug\u00ebn e zhvillimit dhe suksesit, p\u00ebr nj\u00eb ekonomi t\u00eb fort\u00eb, vende t\u00eb reja pune me paga t\u00eb larta dhe p\u00ebr ta shnd\u00ebrruar n\u00eb nj\u00eb vend ku i\u2019a vlen t\u00eb b\u00ebsh biznes.<\/em><\/span><\/p>\n<p><span style=\"color: #000000;\"><em>Taksa e shesht\u00eb, qeverisja e vog\u00ebl dhe efektive jan\u00eb pjes\u00eb e planit ton\u00eb t\u00eb kalkuluar deri n\u00eb detaje.<\/em><\/span><\/p>\n<p><span style=\"color: #000000;\"><em>Ne do t\u00eb kemi parashikueshm\u00ebri fiskale e konkurrenc\u00eb t\u00eb ndershme p\u00ebr \u00e7do investitor dhe biznes vendas dhe t\u00eb huaj, sepse k\u00ebshtu mund t\u00eb sigurojm\u00eb m\u00eb shum\u00eb investime, m\u00eb shum\u00eb vende pune, m\u00eb shum\u00eb mund\u00ebsi dhe mir\u00ebqenie p\u00ebr qytetar\u00ebt tan\u00eb<\/em>\u201d-shkruan Basha.<\/span><\/p>\n<p>&nbsp;<\/p>\n","protected":false,"gt_translate_keys":[{"key":"rendered","format":"html"}]},"excerpt":{"rendered":"<p>Kryetari i Partis\u00eb Demokratike (PD), Lulzim Basha, ka zhvilluar sot nj\u00eb takim me nj\u00eb grup ekspert\u00ebsh t\u00eb ekonomis\u00eb, financave dhe energjis\u00eb, n\u00eb kuad\u00ebr t\u00eb finalizimit t\u00eb programit politik t\u00eb PD-s\u00eb. N\u00eb nj\u00eb postim n\u00eb Facebook, Basha ka deklaruar se plani i PD-s\u00eb p\u00ebr t\u00eb transformuar Shqip\u00ebrin\u00eb n\u00eb nj\u00eb vend t\u00eb favorsh\u00ebm p\u00ebr biznes p\u00ebrfshin disa [&hellip;]<\/p>\n","protected":false,"gt_translate_keys":[{"key":"rendered","format":"html"}]},"author":32,"featured_media":676901,"comment_status":"closed","ping_status":"open","sticky":false,"template":"","format":"standard","meta":{"footnotes":""},"categories":[65,13],"tags":[],"class_list":["post-676900","post","type-post","status-publish","format-standard","has-post-thumbnail","hentry","category-lajme","category-te-fundit"],"gt_translate_keys":[{"key":"link","format":"url"}],"_links":{"self":[{"href":"https:\/\/www.hashtag.al\/index.php\/wp-json\/wp\/v2\/posts\/676900","targetHints":{"allow":["GET"]}}],"collection":[{"href":"https:\/\/www.hashtag.al\/index.php\/wp-json\/wp\/v2\/posts"}],"about":[{"href":"https:\/\/www.hashtag.al\/index.php\/wp-json\/wp\/v2\/types\/post"}],"author":[{"embeddable":true,"href":"https:\/\/www.hashtag.al\/index.php\/wp-json\/wp\/v2\/users\/32"}],"replies":[{"embeddable":true,"href":"https:\/\/www.hashtag.al\/index.php\/wp-json\/wp\/v2\/comments?post=676900"}],"version-history":[{"count":0,"href":"https:\/\/www.hashtag.al\/index.php\/wp-json\/wp\/v2\/posts\/676900\/revisions"}],"wp:featuredmedia":[{"embeddable":true,"href":"https:\/\/www.hashtag.al\/index.php\/wp-json\/wp\/v2\/media\/676901"}],"wp:attachment":[{"href":"https:\/\/www.hashtag.al\/index.php\/wp-json\/wp\/v2\/media?parent=676900"}],"wp:term":[{"taxonomy":"category","embeddable":true,"href":"https:\/\/www.hashtag.al\/index.php\/wp-json\/wp\/v2\/categories?post=676900"},{"taxonomy":"post_tag","embeddable":true,"href":"https:\/\/www.hashtag.al\/index.php\/wp-json\/wp\/v2\/tags?post=676900"}],"curies":[{"name":"wp","href":"https:\/\/api.w.org\/{rel}","templated":true}]}}