{"id":676892,"date":"2024-05-23T20:50:16","date_gmt":"2024-05-23T18:50:16","guid":{"rendered":"https:\/\/www.hashtag.al\/?p=676892"},"modified":"2024-05-23T20:50:16","modified_gmt":"2024-05-23T18:50:16","slug":"chelsea-kerkon-me-insistim-araujon","status":"publish","type":"post","link":"https:\/\/www.hashtag.al\/index.php\/2024\/05\/23\/chelsea-kerkon-me-insistim-araujon\/","title":{"rendered":"Chelsea k\u00ebrkon me insistim Araujon","gt_translate_keys":[{"key":"rendered","format":"text"}]},"content":{"rendered":"<p><span style=\"color: #000000;\"><a style=\"color: #000000;\" href=\"https:\/\/www.hashtag.al\/wp-content\/uploads\/2024\/05\/Araujo.jpg\"><img loading=\"lazy\" decoding=\"async\" class=\"aligncenter size-full wp-image-676893\" src=\"https:\/\/www.hashtag.al\/wp-content\/uploads\/2024\/05\/Araujo.jpg\" alt=\"\" width=\"1300\" height=\"732\" srcset=\"https:\/\/www.hashtag.al\/wp-content\/uploads\/2024\/05\/Araujo.jpg 1300w, https:\/\/www.hashtag.al\/wp-content\/uploads\/2024\/05\/Araujo-300x169.jpg 300w, https:\/\/www.hashtag.al\/wp-content\/uploads\/2024\/05\/Araujo-1024x577.jpg 1024w, https:\/\/www.hashtag.al\/wp-content\/uploads\/2024\/05\/Araujo-768x432.jpg 768w\" sizes=\"auto, (max-width: 1300px) 100vw, 1300px\" \/><\/a><\/span><\/p>\n<p><span style=\"color: #000000;\">Vazhdon t\u00eb flitet p\u00ebr t\u00eb ardhmen e Ronald Araujos.<\/span><\/p>\n<p><span style=\"color: #000000;\">Nuk jan\u00eb t\u00eb pakt\u00eb ata q\u00eb vazhdojn\u00eb t\u00eb ndjekin situat\u00ebn e mbrojt\u00ebsit uruguaian, i cili ka nj\u00eb kontrat\u00eb t\u00eb vlefshme me klubin e Barcelon\u00ebs deri n\u00eb vitin 2026, por pa b\u00ebr\u00eb progres t\u00eb konsideruesh\u00ebm n\u00eb rinovimin e tij.<\/span><\/p>\n<p><span style=\"color: #000000;\">Nj\u00eb \u2018stand by\u2019 q\u00eb tashm\u00eb po zgjat disa muaj nuk po kalon pa u v\u00ebn\u00eb re n\u00eb merkato dhe\u00a0Chelsea\u00a0ka hyr\u00eb n\u00eb sken\u00eb p\u00ebr t\u00eb tentuar t\u00eb n\u00ebnshkruaj\u00eb me qend\u00ebrmbrojt\u00ebsin 25-vje\u00e7ar uruguajan.<\/span><\/p>\n<p><span style=\"color: #000000;\">Klubi londinez, i gjashti n\u00eb\u00a0Premierlig\u00ebn\u00a0e p\u00ebrfunduar s\u00eb fundmi, do t\u00eb garoj\u00eb n\u00eb\u00a0Lig\u00ebn e Konferenc\u00ebs\u00a0sezonin e ardhsh\u00ebm ose n\u00eb\u00a0Lig\u00ebn e Evrop\u00ebs\u00a0n\u00ebse Manchester United fiton Kup\u00ebn FA k\u00ebt\u00eb t\u00eb shtun\u00eb kund\u00ebr\u00a0Manchester Cityt.<\/span><\/p>\n<p><span style=\"color: #000000;\">N\u00eb\u00a0Stamford Bridge\u00a0ata njoftuan t\u00eb mart\u00ebn se\u00a0Mauricio Pochettino\u00a0nuk do t\u00eb jet\u00eb trajner sezonin e ardhsh\u00ebm, por Chelsea tashm\u00eb i ka d\u00ebrguar nj\u00eb ofert\u00eb\u00a0Araujos\u00a0, cilido qoft\u00eb pasardh\u00ebsi i argjentinasit n\u00eb pankin\u00ebn \u2018blu\u2019.<\/span><\/p>\n<p><span style=\"color: #000000;\">Kampioni i Evrop\u00ebs i vitit 2021 po k\u00ebrkon nj\u00eb z\u00ebvend\u00ebsues t\u00eb profilit t\u00eb lart\u00eb p\u00ebr\u00a0Thiago Silvan, i cili njoftoi largimin e tij n\u00eb fund t\u00eb prillit pas kat\u00ebr sezonesh.<\/span><\/p>\n<p><span style=\"color: #000000;\">Pavar\u00ebsisht 39 viteve t\u00eb tij, braziliani ka qen\u00eb nj\u00eb pjes\u00eb e padiskutueshme n\u00eb mbrojtjen e\u00a0Chelseat, duke luajtur 31 ndeshje n\u00eb lig\u00eb, 28 prej tyre n\u00eb nj\u00ebmb\u00ebdhjet\u00ebshen startuese.<\/span><\/p>\n<p><span style=\"color: #000000;\">N\u00eb Barcelon\u00eb pati l\u00ebvizje n\u00eb shkurt dhe mars p\u00ebr t\u2019i b\u00ebr\u00eb t\u00eb qart\u00eb ofert\u00ebn Araujo p\u00ebr t\u00eb zgjatur kontrat\u00ebn e vlefshme nga prilli 2022 me nj\u00eb klauzol\u00eb lirimi prej 1 miliard euro.<\/span><\/p>\n<p><span style=\"color: #000000;\">Vet\u00eb\u00a0presidenti Joan Laporta u kujdes personalisht q\u00eb propozimi t\u2019i arrinte lojtarit direkt pa nd\u00ebrmjet\u00ebs, por gjith\u00e7ka mbetet e nj\u00ebjt\u00eb dhe e ardhmja e Araujos mbetet n\u00eb pik\u00ebpyetje.<\/span><\/p>\n","protected":false,"gt_translate_keys":[{"key":"rendered","format":"html"}]},"excerpt":{"rendered":"<p>Vazhdon t\u00eb flitet p\u00ebr t\u00eb ardhmen e Ronald Araujos. Nuk jan\u00eb t\u00eb pakt\u00eb ata q\u00eb vazhdojn\u00eb t\u00eb ndjekin situat\u00ebn e mbrojt\u00ebsit uruguaian, i cili ka nj\u00eb kontrat\u00eb t\u00eb vlefshme me klubin e Barcelon\u00ebs deri n\u00eb vitin 2026, por pa b\u00ebr\u00eb progres t\u00eb konsideruesh\u00ebm n\u00eb rinovimin e tij. Nj\u00eb \u2018stand by\u2019 q\u00eb tashm\u00eb po zgjat disa [&hellip;]<\/p>\n","protected":false,"gt_translate_keys":[{"key":"rendered","format":"html"}]},"author":32,"featured_media":676893,"comment_status":"closed","ping_status":"open","sticky":false,"template":"","format":"standard","meta":{"footnotes":""},"categories":[134,13],"tags":[],"class_list":["post-676892","post","type-post","status-publish","format-standard","has-post-thumbnail","hentry","category-sport","category-te-fundit"],"gt_translate_keys":[{"key":"link","format":"url"}],"_links":{"self":[{"href":"https:\/\/www.hashtag.al\/index.php\/wp-json\/wp\/v2\/posts\/676892","targetHints":{"allow":["GET"]}}],"collection":[{"href":"https:\/\/www.hashtag.al\/index.php\/wp-json\/wp\/v2\/posts"}],"about":[{"href":"https:\/\/www.hashtag.al\/index.php\/wp-json\/wp\/v2\/types\/post"}],"author":[{"embeddable":true,"href":"https:\/\/www.hashtag.al\/index.php\/wp-json\/wp\/v2\/users\/32"}],"replies":[{"embeddable":true,"href":"https:\/\/www.hashtag.al\/index.php\/wp-json\/wp\/v2\/comments?post=676892"}],"version-history":[{"count":0,"href":"https:\/\/www.hashtag.al\/index.php\/wp-json\/wp\/v2\/posts\/676892\/revisions"}],"wp:featuredmedia":[{"embeddable":true,"href":"https:\/\/www.hashtag.al\/index.php\/wp-json\/wp\/v2\/media\/676893"}],"wp:attachment":[{"href":"https:\/\/www.hashtag.al\/index.php\/wp-json\/wp\/v2\/media?parent=676892"}],"wp:term":[{"taxonomy":"category","embeddable":true,"href":"https:\/\/www.hashtag.al\/index.php\/wp-json\/wp\/v2\/categories?post=676892"},{"taxonomy":"post_tag","embeddable":true,"href":"https:\/\/www.hashtag.al\/index.php\/wp-json\/wp\/v2\/tags?post=676892"}],"curies":[{"name":"wp","href":"https:\/\/api.w.org\/{rel}","templated":true}]}}