{"id":676867,"date":"2024-05-23T18:41:15","date_gmt":"2024-05-23T16:41:15","guid":{"rendered":"https:\/\/www.hashtag.al\/?p=676867"},"modified":"2024-05-23T18:41:15","modified_gmt":"2024-05-23T16:41:15","slug":"gjykata-e-larte-rrezon-rekursin-e-berishes-dhe-malltezit-per-masen-e-sigurise","status":"publish","type":"post","link":"https:\/\/www.hashtag.al\/index.php\/2024\/05\/23\/gjykata-e-larte-rrezon-rekursin-e-berishes-dhe-malltezit-per-masen-e-sigurise\/","title":{"rendered":"Gjykata e Lart\u00eb rr\u00ebzon rekursin e Berish\u00ebs dhe Malltezit p\u00ebr mas\u00ebn e siguris\u00eb","gt_translate_keys":[{"key":"rendered","format":"text"}]},"content":{"rendered":"<p><img loading=\"lazy\" decoding=\"async\" class=\"aligncenter size-full wp-image-667665\" src=\"https:\/\/www.hashtag.al\/wp-content\/uploads\/2024\/04\/berisha.jpg\" alt=\"\" width=\"970\" height=\"528\" srcset=\"https:\/\/www.hashtag.al\/wp-content\/uploads\/2024\/04\/berisha.jpg 970w, https:\/\/www.hashtag.al\/wp-content\/uploads\/2024\/04\/berisha-300x163.jpg 300w, https:\/\/www.hashtag.al\/wp-content\/uploads\/2024\/04\/berisha-768x418.jpg 768w\" sizes=\"auto, (max-width: 970px) 100vw, 970px\" \/><\/p>\n<p><span style=\"color: #000000;\">Gjykata e Lart\u00eb ka rr\u00ebzuar sot rekursin e kreut t\u00eb Rithemelimit Berisha, i cili kishte apeluar vendimin e Apelit t\u00eb GJykaty\u00ebs s\u00eb Posa\u00e7me i cili nuk e lejonte t\u00eb shkonte n\u00eb Kuvend.<\/span><\/p>\n<p><span style=\"color: #000000;\">Ish-kryeministri Berisha ndodhet n\u00eb arrest sht\u00ebpie q\u00eb prej 30 dhjetorit 2023 pasi po hetohet p\u00ebr privatizimin e ish-kompleksit sportive Partizani.<\/span><\/p>\n<p><span style=\"color: #000000;\">Gjykata e Larta ka rr\u00ebzuar edhe rekursin e dh\u00ebndrit t\u00eb Berish\u00ebs, Jamarb\u00ebr Malltezi, i cili \u00ebsht\u00eb n\u00eb arrest sht\u00ebpie pasi po hetohet p\u00ebr t\u00eb nj\u00ebjt\u00ebn \u00e7\u00ebshtje si Berisha. <\/span><\/p>\n<p><span style=\"color: #000000;\">Edhe Malltezi k\u00ebrkonte heqjen e arrestit n\u00eb sht\u00ebpi, ku ndodhet q\u00eb prej 21 n\u00ebntorit 2023. P\u00ebrmes avokatit t\u00eb tij Gjokutaj, Berisha, i ka cil\u00ebsuar politike akuzat ndaj tij duke l\u00ebshuar akuza t\u00eb ashpra ndaj SPAK-ut e kreut t\u00eb tij Dumani. <\/span><\/p>\n<p><span style=\"color: #000000;\">Sipas Gjokutajt,\u00a0 ecuria e procesit t\u00eb Berish\u00ebs n\u00eb Gjykat\u00ebn e Posa\u00e7me varet nga kryeministri Rama, i cili sipas tij kontrollon SPAK-un e GJKKO-n\u00eb. <\/span><\/p>\n<p><span style=\"color: #000000;\">Ai ka k\u00ebrkuar prej koh\u00ebsh p\u00ebrjashtimin e gjyqtares t\u00eb Gjykat\u00ebs s\u00eb Posa\u00e7me, Irena Gjoka, p\u00ebr t\u00eb cil\u00ebn prokuroria ka nisur hetim pasi akuzohet se ka falsifikuar formularin e dor\u00ebzuar gjat\u00eb kandidimit p\u00ebr nj\u00eb vend n\u00eb Gjykat\u00ebn e Posa\u00e7me duke fshehur nj\u00eb d\u00ebnim nga drejt\u00ebsia greke.<\/span><\/p>\n","protected":false,"gt_translate_keys":[{"key":"rendered","format":"html"}]},"excerpt":{"rendered":"<p>Gjykata e Lart\u00eb ka rr\u00ebzuar sot rekursin e kreut t\u00eb Rithemelimit Berisha, i cili kishte apeluar vendimin e Apelit t\u00eb GJykaty\u00ebs s\u00eb Posa\u00e7me i cili nuk e lejonte t\u00eb shkonte n\u00eb Kuvend. Ish-kryeministri Berisha ndodhet n\u00eb arrest sht\u00ebpie q\u00eb prej 30 dhjetorit 2023 pasi po hetohet p\u00ebr privatizimin e ish-kompleksit sportive Partizani. Gjykata e Larta [&hellip;]<\/p>\n","protected":false,"gt_translate_keys":[{"key":"rendered","format":"html"}]},"author":51,"featured_media":671809,"comment_status":"closed","ping_status":"open","sticky":false,"template":"","format":"standard","meta":{"footnotes":""},"categories":[65],"tags":[],"class_list":["post-676867","post","type-post","status-publish","format-standard","has-post-thumbnail","hentry","category-lajme"],"gt_translate_keys":[{"key":"link","format":"url"}],"_links":{"self":[{"href":"https:\/\/www.hashtag.al\/index.php\/wp-json\/wp\/v2\/posts\/676867","targetHints":{"allow":["GET"]}}],"collection":[{"href":"https:\/\/www.hashtag.al\/index.php\/wp-json\/wp\/v2\/posts"}],"about":[{"href":"https:\/\/www.hashtag.al\/index.php\/wp-json\/wp\/v2\/types\/post"}],"author":[{"embeddable":true,"href":"https:\/\/www.hashtag.al\/index.php\/wp-json\/wp\/v2\/users\/51"}],"replies":[{"embeddable":true,"href":"https:\/\/www.hashtag.al\/index.php\/wp-json\/wp\/v2\/comments?post=676867"}],"version-history":[{"count":0,"href":"https:\/\/www.hashtag.al\/index.php\/wp-json\/wp\/v2\/posts\/676867\/revisions"}],"wp:featuredmedia":[{"embeddable":true,"href":"https:\/\/www.hashtag.al\/index.php\/wp-json\/wp\/v2\/media\/671809"}],"wp:attachment":[{"href":"https:\/\/www.hashtag.al\/index.php\/wp-json\/wp\/v2\/media?parent=676867"}],"wp:term":[{"taxonomy":"category","embeddable":true,"href":"https:\/\/www.hashtag.al\/index.php\/wp-json\/wp\/v2\/categories?post=676867"},{"taxonomy":"post_tag","embeddable":true,"href":"https:\/\/www.hashtag.al\/index.php\/wp-json\/wp\/v2\/tags?post=676867"}],"curies":[{"name":"wp","href":"https:\/\/api.w.org\/{rel}","templated":true}]}}