{"id":676669,"date":"2024-05-22T21:15:48","date_gmt":"2024-05-22T19:15:48","guid":{"rendered":"https:\/\/www.hashtag.al\/?p=676669"},"modified":"2024-05-22T21:15:48","modified_gmt":"2024-05-22T19:15:48","slug":"qazim-laci-feston-ne-fushe-sparta-e-prages-fiton-kupen-e-cekise","status":"publish","type":"post","link":"https:\/\/www.hashtag.al\/index.php\/2024\/05\/22\/qazim-laci-feston-ne-fushe-sparta-e-prages-fiton-kupen-e-cekise\/","title":{"rendered":"Qazim La\u00e7i feston n\u00eb fush\u00eb, Sparta e Prag\u00ebs fiton Kup\u00ebn e \u00c7ekis\u00eb","gt_translate_keys":[{"key":"rendered","format":"text"}]},"content":{"rendered":"<p style=\"text-align: left;\"><span style=\"color: #000000;\"><img loading=\"lazy\" decoding=\"async\" class=\"size-full wp-image-676670 aligncenter\" src=\"https:\/\/www.hashtag.al\/wp-content\/uploads\/2024\/05\/qazim-744x450-1.png\" alt=\"\" width=\"744\" height=\"450\" srcset=\"https:\/\/www.hashtag.al\/wp-content\/uploads\/2024\/05\/qazim-744x450-1.png 744w, https:\/\/www.hashtag.al\/wp-content\/uploads\/2024\/05\/qazim-744x450-1-300x181.png 300w\" sizes=\"auto, (max-width: 744px) 100vw, 744px\" \/><\/span><\/p>\n<p style=\"text-align: left;\"><span style=\"color: #000000;\">Sparta e Prag\u00ebs ka triumfuar 1-2 ndaj Plzen, n\u00eb finalen e Kup\u00ebs s\u00eb \u00c7ekis\u00eb. N\u00eb Doosan Arena (Plzen), ndesha u luajt me rit\u00ebm t\u00eb lart\u00eb, edhe pse n\u00eb pjes\u00ebn e par\u00eb mungoi goli.<\/span><\/p>\n<p style=\"text-align: left;\"><span style=\"color: #000000;\">N\u00eb pjes\u00ebn e dyt\u00eb, autogoli i Dueh kaloi Spart\u00ebn n\u00eb ep\u00ebrsi, nd\u00ebrsa pak m\u00eb\u00a0 von\u00eb Chory vendosi ekuilibrat. N\u00eb shtes\u00eb, Sparta siguroi suksesin me golin e Birmancevic. <\/span><\/p>\n<p style=\"text-align: left;\"><span style=\"color: #000000;\">28-vje\u00e7ari shqiptar, Qazim La\u00e7i ishte titullar n\u00eb k\u00ebt\u00eb takim p\u00ebr skuadr\u00ebn e Priske. Mesfushori kuqezi i Spart\u00ebs s\u00eb Prag\u00ebs luajti 90 minuta.<\/span><\/p>\n","protected":false,"gt_translate_keys":[{"key":"rendered","format":"html"}]},"excerpt":{"rendered":"<p>Sparta e Prag\u00ebs ka triumfuar 1-2 ndaj Plzen, n\u00eb finalen e Kup\u00ebs s\u00eb \u00c7ekis\u00eb. N\u00eb Doosan Arena (Plzen), ndesha u luajt me rit\u00ebm t\u00eb lart\u00eb, edhe pse n\u00eb pjes\u00ebn e par\u00eb mungoi goli. N\u00eb pjes\u00ebn e dyt\u00eb, autogoli i Dueh kaloi Spart\u00ebn n\u00eb ep\u00ebrsi, nd\u00ebrsa pak m\u00eb\u00a0 von\u00eb Chory vendosi ekuilibrat. N\u00eb shtes\u00eb, Sparta siguroi [&hellip;]<\/p>\n","protected":false,"gt_translate_keys":[{"key":"rendered","format":"html"}]},"author":4,"featured_media":676670,"comment_status":"closed","ping_status":"open","sticky":false,"template":"","format":"standard","meta":{"footnotes":""},"categories":[1],"tags":[],"class_list":["post-676669","post","type-post","status-publish","format-standard","has-post-thumbnail","hentry","category-uncategorized"],"gt_translate_keys":[{"key":"link","format":"url"}],"_links":{"self":[{"href":"https:\/\/www.hashtag.al\/index.php\/wp-json\/wp\/v2\/posts\/676669","targetHints":{"allow":["GET"]}}],"collection":[{"href":"https:\/\/www.hashtag.al\/index.php\/wp-json\/wp\/v2\/posts"}],"about":[{"href":"https:\/\/www.hashtag.al\/index.php\/wp-json\/wp\/v2\/types\/post"}],"author":[{"embeddable":true,"href":"https:\/\/www.hashtag.al\/index.php\/wp-json\/wp\/v2\/users\/4"}],"replies":[{"embeddable":true,"href":"https:\/\/www.hashtag.al\/index.php\/wp-json\/wp\/v2\/comments?post=676669"}],"version-history":[{"count":0,"href":"https:\/\/www.hashtag.al\/index.php\/wp-json\/wp\/v2\/posts\/676669\/revisions"}],"wp:featuredmedia":[{"embeddable":true,"href":"https:\/\/www.hashtag.al\/index.php\/wp-json\/wp\/v2\/media\/676670"}],"wp:attachment":[{"href":"https:\/\/www.hashtag.al\/index.php\/wp-json\/wp\/v2\/media?parent=676669"}],"wp:term":[{"taxonomy":"category","embeddable":true,"href":"https:\/\/www.hashtag.al\/index.php\/wp-json\/wp\/v2\/categories?post=676669"},{"taxonomy":"post_tag","embeddable":true,"href":"https:\/\/www.hashtag.al\/index.php\/wp-json\/wp\/v2\/tags?post=676669"}],"curies":[{"name":"wp","href":"https:\/\/api.w.org\/{rel}","templated":true}]}}