{"id":676647,"date":"2024-05-22T19:24:46","date_gmt":"2024-05-22T17:24:46","guid":{"rendered":"https:\/\/www.hashtag.al\/?p=676647"},"modified":"2024-05-22T19:24:46","modified_gmt":"2024-05-22T17:24:46","slug":"klubi-shqiptar-shkruan-historine-kualifikohet-per-ne-conference-league","status":"publish","type":"post","link":"https:\/\/www.hashtag.al\/index.php\/2024\/05\/22\/klubi-shqiptar-shkruan-historine-kualifikohet-per-ne-conference-league\/","title":{"rendered":"Klubi shqiptar shkruan historin\u00eb, kualifikohet p\u00ebr n\u00eb Conference League","gt_translate_keys":[{"key":"rendered","format":"text"}]},"content":{"rendered":"<p style=\"text-align: left;\"><img loading=\"lazy\" decoding=\"async\" class=\"size-full wp-image-676649 aligncenter\" src=\"https:\/\/www.hashtag.al\/wp-content\/uploads\/2024\/05\/IMG_6605.jpeg\" alt=\"\" width=\"935\" height=\"485\" srcset=\"https:\/\/www.hashtag.al\/wp-content\/uploads\/2024\/05\/IMG_6605.jpeg 935w, https:\/\/www.hashtag.al\/wp-content\/uploads\/2024\/05\/IMG_6605-300x156.jpeg 300w, https:\/\/www.hashtag.al\/wp-content\/uploads\/2024\/05\/IMG_6605-768x398.jpeg 768w\" sizes=\"auto, (max-width: 935px) 100vw, 935px\" \/><br \/>\n<span style=\"color: #000000;\">Historit\u00eb jan\u00eb b\u00ebr\u00eb p\u00ebr t\u2019u shkruajtur. Malisheva ia doli t\u00eb kualifikohej p\u00ebr n\u00eb Conference League (kualifikuese), pasi Ballkani mundi n\u00eb finalen e Kup\u00ebs skuadr\u00ebn e Prishtin\u00ebs. Vet\u00eb klubi kosovar, Malisheva, ka b\u00ebr\u00eb nj\u00eb postim n\u00eb rrjetet sociale, ku shkruan se skuadra do b\u00ebj\u00eb maksimumin.<\/span><\/p>\n<p style=\"text-align: left;\"><span style=\"color: #000000;\"><strong>Postimi:<\/strong><\/span><\/p>\n<div class=\"mobile_ad ad_bottom_space\" style=\"text-align: left;\">\n<div id=\"beacon_55e9d7b42e\"><span style=\"color: #000000;\">NE B\u00cbM\u00cb HISTORI! Jemi t\u00eb emocionuar q\u00eb FC Malisheva \u00ebsht\u00eb kualifikuar n\u00eb UEFA Conference League p\u00ebr edicionin 2024-2025 p\u00ebr her\u00eb t\u00eb par\u00eb ndonj\u00ebher\u00eb! Kjo \u00ebsht\u00eb nj\u00eb arritje e r\u00ebnd\u00ebsishme q\u00eb pasqyron p\u00ebrkushtimin, pun\u00ebn e palodhur dhe pasionin e \u00e7do an\u00ebtari t\u00eb ekipit ton\u00eb. Nga seancat st\u00ebrvitore e deri tek ndeshjet, \u00e7do hap i k\u00ebtij rrug\u00ebtimi ka qen\u00eb i mbushur me vendosm\u00ebri dhe k\u00ebmb\u00ebngulje. Kemi kap\u00ebrcyer sfidat, kemi shtyr\u00eb kufijt\u00eb tan\u00eb dhe kemi dal\u00eb m\u00eb t\u00eb fort\u00eb se kurr\u00eb m\u00eb par\u00eb. Ne duam t\u00eb fal\u00ebnderojm\u00eb nga zemra fansat tan\u00eb dhe t\u00eb gjith\u00eb qytetar\u00ebt e Malishev\u00ebs q\u00eb na kan\u00eb mb\u00ebshtetur n\u00eb \u00e7do hap t\u00eb rrug\u00ebs. Inkurajimi juaj i pal\u00ebkundur ka qen\u00eb forca jon\u00eb l\u00ebviz\u00ebse dhe ne mezi presim t\u2019ju b\u00ebjm\u00eb krenar\u00eb n\u00eb sken\u00ebn evropiane. Trajner\u00ebve tan\u00eb, stafit dhe t\u00eb gjith\u00ebve n\u00eb prapasken\u00eb, faleminderit p\u00ebr mb\u00ebshtetjen dhe besimin tuaj t\u00eb pafund n\u00eb ekipin ton\u00eb. Udh\u00ebzimi juaj ka qen\u00eb i dobish\u00ebm p\u00ebr t\u00eb na ndihmuar t\u00eb arrijm\u00eb k\u00ebt\u00eb moment historik.<\/span><\/div>\n<\/div>\n<div class=\"mobile_ad ad_bottom_space\" style=\"text-align: left;\">\n<p><span style=\"color: #000000;\">Tani, \u00ebsht\u00eb koha ta prezantojm\u00eb FC Malishev\u00ebn me<\/span><\/p>\n<\/div>\n<p style=\"text-align: left;\"><span style=\"color: #000000;\">Historit\u00eb jan\u00eb b\u00ebr\u00eb p\u00ebr t\u2019u shkruajtur. Malisheva ia doli t\u00eb kualifikohej p\u00ebr n\u00eb Conference League (kualifikuese), pasi Ballkani mundi n\u00eb finalen e Kup\u00ebs skuadr\u00ebn e Prishtin\u00ebs. Vet\u00eb klubi kosovar, Malisheva, ka b\u00ebr\u00eb nj\u00eb postim n\u00eb rrjetet sociale, ku shkruan se skuadra do b\u00ebj\u00eb maksimumin.<\/span><\/p>\n","protected":false,"gt_translate_keys":[{"key":"rendered","format":"html"}]},"excerpt":{"rendered":"<p>Historit\u00eb jan\u00eb b\u00ebr\u00eb p\u00ebr t\u2019u shkruajtur. Malisheva ia doli t\u00eb kualifikohej p\u00ebr n\u00eb Conference League (kualifikuese), pasi Ballkani mundi n\u00eb finalen e Kup\u00ebs skuadr\u00ebn e Prishtin\u00ebs. Vet\u00eb klubi kosovar, Malisheva, ka b\u00ebr\u00eb nj\u00eb postim n\u00eb rrjetet sociale, ku shkruan se skuadra do b\u00ebj\u00eb maksimumin. Postimi: NE B\u00cbM\u00cb HISTORI! Jemi t\u00eb emocionuar q\u00eb FC Malisheva \u00ebsht\u00eb [&hellip;]<\/p>\n","protected":false,"gt_translate_keys":[{"key":"rendered","format":"html"}]},"author":4,"featured_media":676649,"comment_status":"closed","ping_status":"open","sticky":false,"template":"","format":"standard","meta":{"footnotes":""},"categories":[134],"tags":[],"class_list":["post-676647","post","type-post","status-publish","format-standard","has-post-thumbnail","hentry","category-sport"],"gt_translate_keys":[{"key":"link","format":"url"}],"_links":{"self":[{"href":"https:\/\/www.hashtag.al\/index.php\/wp-json\/wp\/v2\/posts\/676647","targetHints":{"allow":["GET"]}}],"collection":[{"href":"https:\/\/www.hashtag.al\/index.php\/wp-json\/wp\/v2\/posts"}],"about":[{"href":"https:\/\/www.hashtag.al\/index.php\/wp-json\/wp\/v2\/types\/post"}],"author":[{"embeddable":true,"href":"https:\/\/www.hashtag.al\/index.php\/wp-json\/wp\/v2\/users\/4"}],"replies":[{"embeddable":true,"href":"https:\/\/www.hashtag.al\/index.php\/wp-json\/wp\/v2\/comments?post=676647"}],"version-history":[{"count":0,"href":"https:\/\/www.hashtag.al\/index.php\/wp-json\/wp\/v2\/posts\/676647\/revisions"}],"wp:featuredmedia":[{"embeddable":true,"href":"https:\/\/www.hashtag.al\/index.php\/wp-json\/wp\/v2\/media\/676649"}],"wp:attachment":[{"href":"https:\/\/www.hashtag.al\/index.php\/wp-json\/wp\/v2\/media?parent=676647"}],"wp:term":[{"taxonomy":"category","embeddable":true,"href":"https:\/\/www.hashtag.al\/index.php\/wp-json\/wp\/v2\/categories?post=676647"},{"taxonomy":"post_tag","embeddable":true,"href":"https:\/\/www.hashtag.al\/index.php\/wp-json\/wp\/v2\/tags?post=676647"}],"curies":[{"name":"wp","href":"https:\/\/api.w.org\/{rel}","templated":true}]}}