{"id":676592,"date":"2024-05-22T15:18:08","date_gmt":"2024-05-22T13:18:08","guid":{"rendered":"https:\/\/www.hashtag.al\/?p=676592"},"modified":"2024-05-22T15:18:08","modified_gmt":"2024-05-22T13:18:08","slug":"vasili-raportimi-i-spak-ut-ne-kuvend-tango-mes-rilindasish","status":"publish","type":"post","link":"https:\/\/www.hashtag.al\/index.php\/2024\/05\/22\/vasili-raportimi-i-spak-ut-ne-kuvend-tango-mes-rilindasish\/","title":{"rendered":"Vasili: Raportimi i SPAK-ut n\u00eb Kuvend, tango mes rilindasish","gt_translate_keys":[{"key":"rendered","format":"text"}]},"content":{"rendered":"<p><a href=\"https:\/\/www.hashtag.al\/wp-content\/uploads\/2024\/03\/auto_petrit-vasili41661793744.jpg\"><img loading=\"lazy\" decoding=\"async\" class=\"aligncenter size-full wp-image-661432\" src=\"https:\/\/www.hashtag.al\/wp-content\/uploads\/2024\/03\/auto_petrit-vasili41661793744.jpg\" alt=\"\" width=\"900\" height=\"537\" srcset=\"https:\/\/www.hashtag.al\/wp-content\/uploads\/2024\/03\/auto_petrit-vasili41661793744.jpg 900w, https:\/\/www.hashtag.al\/wp-content\/uploads\/2024\/03\/auto_petrit-vasili41661793744-300x179.jpg 300w, https:\/\/www.hashtag.al\/wp-content\/uploads\/2024\/03\/auto_petrit-vasili41661793744-768x458.jpg 768w\" sizes=\"auto, (max-width: 900px) 100vw, 900px\" \/><\/a><\/p>\n<p><span style=\"color: #000000;\">N\u00ebnkryetari i Partis\u00eb s\u00eb Liris\u00eb, Petrit Vasili, e ka cil\u00ebsuar si tango mes rilindasish raportimin e kreut t\u00eb SPAK-ut, Altin Dumani, n\u00eb Komisionin e Ligjeve.<\/span><\/p>\n<p><span style=\"color: #000000;\">P\u00ebrmes nj\u00eb postimi n\u00eb rrjetet sociale, Vasili shkruan se SPAK garantoi q\u00eb do ta mbroj\u00eb Edi Ram\u00ebn me mish e me shpirt.<\/span><\/p>\n<p><span style=\"color: #000000;\"><em>\u201cKuvendor\u00ebt rilindas lumturohen q\u00eb SPAK-ut i duhen 100 vjet p\u00ebr t\u00eb thirrur Ram\u00ebn q\u00eb ka n\u00eb kurriz 1001 afera mafioze.\u00a0 Kuvendor\u00ebt rilindas vet\u00ebm \u201cmahniten\u201d nga SPAK-u q\u00eb i duhen kat\u00ebr vjet p\u00ebr t\u00eb thirrur p\u00ebr muhabet Veliajn.<\/em><\/span><\/p>\n<p><span style=\"color: #000000;\"><em>SPAK-u amniston krimet zgjedhore t\u00eb Ram\u00ebs, ministrave, deputet\u00ebve, drejtor\u00ebve t\u00eb policis\u00eb dhe deputet\u00ebt rilindas e admirojn\u00eb\u201d,<\/em> shkruan Vasili.<\/span><\/p>\n<p>&nbsp;<\/p>\n<p><span style=\"color: #000000;\">Postimi nga Vasili<\/span><\/p>\n<p><span style=\"color: #000000;\"><em>Raportimi i SPAK ne Kuvend, tango mes rilindasish!<\/em><\/span><\/p>\n<p><span style=\"color: #000000;\"><em>SPAK po raporton ne Kuvend, thene ndryshe po pijne nje kafe mes rilindasish.<\/em><\/span><\/p>\n<p><span style=\"color: #000000;\"><em>SPAK-u ju garanton qe do ta mbroje Edi Ramen me mish e me shpirt.<\/em><\/span><\/p>\n<p><span style=\"color: #000000;\"><em>Keta deputetet rilindas i garantojne SPAK-ut mbeshtetje, lavderime, perdellime, perqafime.<\/em><\/span><\/p>\n<p><span style=\"color: #000000;\"><em>SPAK-u ju kerkon deputeteve zgjatje mandatesh dhe vende te mira ne gjyqesor, e te tjera e te tjera dhurata per vete.<\/em><\/span><\/p>\n<p><span style=\"color: #000000;\"><em>Dhe i meriton dhuratat SPAK ndaj:<\/em><\/span><\/p>\n<p><span style=\"color: #000000;\"><em>Kuvendoret rilindas lumturohen qe SPAK-ut i duhen 100 vjet per te thirrur Ramen qe ka ne kurriz 1001 afera mafioze.<\/em><\/span><\/p>\n<p><span style=\"color: #000000;\"><em>Kuvendoret rilindas vetem \u201cmahniten\u201d nga SPAK-u qe i duhen kater vjet per te thirrur per muhabet Veliajn.<\/em><\/span><\/p>\n<p><span style=\"color: #000000;\"><em>SPAK-u amniston krimet zgjedhore te Rames, ministrave, deputeteve, drejtoreve te policise dhe deputetet rilindas e admirojne.<\/em><\/span><\/p>\n<p><span style=\"color: #000000;\"><em>Dhe tango mes tyre vazhdon\u2026..<\/em><\/span><\/p>\n","protected":false,"gt_translate_keys":[{"key":"rendered","format":"html"}]},"excerpt":{"rendered":"<p>N\u00ebnkryetari i Partis\u00eb s\u00eb Liris\u00eb, Petrit Vasili, e ka cil\u00ebsuar si tango mes rilindasish raportimin e kreut t\u00eb SPAK-ut, Altin Dumani, n\u00eb Komisionin e Ligjeve. P\u00ebrmes nj\u00eb postimi n\u00eb rrjetet sociale, Vasili shkruan se SPAK garantoi q\u00eb do ta mbroj\u00eb Edi Ram\u00ebn me mish e me shpirt. \u201cKuvendor\u00ebt rilindas lumturohen q\u00eb SPAK-ut i duhen 100 [&hellip;]<\/p>\n","protected":false,"gt_translate_keys":[{"key":"rendered","format":"html"}]},"author":32,"featured_media":661432,"comment_status":"closed","ping_status":"open","sticky":false,"template":"","format":"standard","meta":{"footnotes":""},"categories":[65],"tags":[],"class_list":["post-676592","post","type-post","status-publish","format-standard","has-post-thumbnail","hentry","category-lajme"],"gt_translate_keys":[{"key":"link","format":"url"}],"_links":{"self":[{"href":"https:\/\/www.hashtag.al\/index.php\/wp-json\/wp\/v2\/posts\/676592","targetHints":{"allow":["GET"]}}],"collection":[{"href":"https:\/\/www.hashtag.al\/index.php\/wp-json\/wp\/v2\/posts"}],"about":[{"href":"https:\/\/www.hashtag.al\/index.php\/wp-json\/wp\/v2\/types\/post"}],"author":[{"embeddable":true,"href":"https:\/\/www.hashtag.al\/index.php\/wp-json\/wp\/v2\/users\/32"}],"replies":[{"embeddable":true,"href":"https:\/\/www.hashtag.al\/index.php\/wp-json\/wp\/v2\/comments?post=676592"}],"version-history":[{"count":0,"href":"https:\/\/www.hashtag.al\/index.php\/wp-json\/wp\/v2\/posts\/676592\/revisions"}],"wp:featuredmedia":[{"embeddable":true,"href":"https:\/\/www.hashtag.al\/index.php\/wp-json\/wp\/v2\/media\/661432"}],"wp:attachment":[{"href":"https:\/\/www.hashtag.al\/index.php\/wp-json\/wp\/v2\/media?parent=676592"}],"wp:term":[{"taxonomy":"category","embeddable":true,"href":"https:\/\/www.hashtag.al\/index.php\/wp-json\/wp\/v2\/categories?post=676592"},{"taxonomy":"post_tag","embeddable":true,"href":"https:\/\/www.hashtag.al\/index.php\/wp-json\/wp\/v2\/tags?post=676592"}],"curies":[{"name":"wp","href":"https:\/\/api.w.org\/{rel}","templated":true}]}}