{"id":676586,"date":"2024-05-22T14:57:46","date_gmt":"2024-05-22T12:57:46","guid":{"rendered":"https:\/\/www.hashtag.al\/?p=676586"},"modified":"2024-05-22T14:57:46","modified_gmt":"2024-05-22T12:57:46","slug":"cfare-rendesie-ka-njohja-e-shtetit-palestinez-nga-spanja-irlanda-dhe-norvegjia","status":"publish","type":"post","link":"https:\/\/www.hashtag.al\/index.php\/2024\/05\/22\/cfare-rendesie-ka-njohja-e-shtetit-palestinez-nga-spanja-irlanda-dhe-norvegjia\/","title":{"rendered":"\u00c7far\u00eb r\u00ebnd\u00ebsie ka njohja e shtetit palestinez nga Spanja, Irlanda dhe Norvegjia?","gt_translate_keys":[{"key":"rendered","format":"text"}]},"content":{"rendered":"<p><span style=\"color: #000000;\"><a href=\"https:\/\/www.hashtag.al\/wp-content\/uploads\/2024\/05\/Screenshot-2024-05-22-143357.png\"><img loading=\"lazy\" decoding=\"async\" class=\"aligncenter size-full wp-image-676587\" src=\"https:\/\/www.hashtag.al\/wp-content\/uploads\/2024\/05\/Screenshot-2024-05-22-143357.png\" alt=\"\" width=\"688\" height=\"407\" srcset=\"https:\/\/www.hashtag.al\/wp-content\/uploads\/2024\/05\/Screenshot-2024-05-22-143357.png 688w, https:\/\/www.hashtag.al\/wp-content\/uploads\/2024\/05\/Screenshot-2024-05-22-143357-300x177.png 300w\" sizes=\"auto, (max-width: 688px) 100vw, 688px\" \/><\/a><\/span><\/p>\n<p><span style=\"color: #000000;\">Spanja, Irlanda dhe Norvegjia than\u00eb t\u00eb m\u00ebrkur\u00ebn se do ta njohin shtetin palestinez m\u00eb 28 maj, nj\u00eb hap drejt nj\u00eb aspirate t\u00eb gjat\u00eb palestineze q\u00eb erdhi mes zem\u00ebrimit nd\u00ebrkomb\u00ebtar p\u00ebr numrin e viktimave civile dhe kriz\u00ebn humanitare n\u00eb Rripin e Gaz\u00ebs pas ofensiv\u00ebs s\u00eb Izraelit.<\/span><\/p>\n<p><span style=\"color: #000000;\">Vendimet e trefishta dhe pothuajse t\u00eb nj\u00ebkohshme mund t\u00eb rezultojn\u00eb vrull p\u00ebr njohjen e nj\u00eb shteti palestinez nga vendet e tjera t\u00eb BE-s\u00eb dhe mund t\u00eb nxisin hapa t\u00eb m\u00ebtejsh\u00ebm n\u00eb Kombet e Bashkuara, duke thelluar izolimin e Izraelit.<\/span><\/p>\n<p><span style=\"color: #000000;\">Shembullin mund ta ndjekin Malta dhe Sllovenia, t\u00eb cilat gjithashtu jan\u00eb n\u00eb mesin e 27 vendeve t\u00eb Bashkimit Evropian. Rreth 140 nga 190 shtete an\u00ebtare t\u00eb OKB-s\u00eb e kan\u00eb njohur tashm\u00eb nj\u00eb shtet palestinez.<\/span><\/p>\n<p>&nbsp;<\/p>\n<p><span style=\"color: #000000;\"><strong>Pse ka r\u00ebnd\u00ebsi<\/strong><\/span><\/p>\n<p><span style=\"color: #000000;\">Vendimi i OKB-s\u00eb i vitit 1948 q\u00eb krijoi Izraelin, parashikonte nj\u00eb shtet fqinj palestinez, por rreth 70 vjet m\u00eb von\u00eb kontrolli i territoreve palestineze mbetet i ndar\u00eb dhe ofertat p\u00ebr an\u00ebtar\u00ebsim n\u00eb OKB jan\u00eb mohuar.<\/span><\/p>\n<p><span style=\"color: #000000;\">Shtetet e Bashkuara, Britania dhe vende t\u00eb tjera per\u00ebndimore kan\u00eb mb\u00ebshtetur iden\u00eb e nj\u00eb shteti t\u00eb pavarur palestinez q\u00eb ekziston p\u00ebrkrah Izraelit si nj\u00eb zgjidhje p\u00ebr konfliktin m\u00eb t\u00eb v\u00ebshtir\u00eb t\u00eb Lindjes s\u00eb Mesme, por k\u00ebmb\u00ebngulin se shtet\u00ebsia palestineze duhet t\u00eb vij\u00eb si pjes\u00eb e nj\u00eb zgjidhjeje t\u00eb negociuar. Negociata thelb\u00ebsore nuk ka pasur q\u00eb nga viti 2009.<\/span><\/p>\n<p><span style=\"color: #000000;\">Megjith\u00ebse vendet e BE-s\u00eb dhe Norvegjia nuk do ta njohin nj\u00eb shtet ekzistues, vet\u00ebm mund\u00ebsin\u00eb p\u00ebr nj\u00eb t\u00eb till\u00eb, simbolika ndihmon n\u00eb ngritjen e pozit\u00ebs n\u00eb nivel nd\u00ebrkomb\u00ebtar t\u00eb palestinez\u00ebve dhe shton presionin mbi Izraelin p\u00ebr t\u00eb hapur negociatat p\u00ebr p\u00ebrfundimin e luft\u00ebs.<\/span><\/p>\n<p><span style=\"color: #000000;\">Gjithashtu, ky hap i jep r\u00ebnd\u00ebsi shtes\u00eb \u00e7\u00ebshtjes s\u00eb Lindjes s\u00eb Mesme p\u00ebrpara zgjedhjeve t\u00eb qershorit p\u00ebr Parlamentin Evropian, kur rreth 370 milion\u00eb njer\u00ebz kan\u00eb t\u00eb drejt\u00eb t\u00eb votojn\u00eb teksa nj\u00eb rritje e madhe e s\u00eb djatht\u00ebs ekstreme \u00ebsht\u00eb n\u00eb sken\u00eb.<\/span><\/p>\n<p>&nbsp;<\/p>\n<p><span style=\"color: #000000;\"><strong>Pse tani?<\/strong><\/span><\/p>\n<p><span style=\"color: #000000;\">Presioni diplomatik ndaj Izraelit \u00ebsht\u00eb rritur teksa beteja me Hamasin \u2013 i shpallur grup terrorist nga Shtetet e Bashkuara dhe Bashkimi Evropian \u2013 ka hyr\u00eb n\u00eb muajin e saj t\u00eb tet\u00eb. Asambleja e P\u00ebrgjithshme e OKB-s\u00eb votoi me nj\u00eb diferenc\u00eb t\u00eb konsiderueshme m\u00eb 11 maj p\u00ebr t\u2019i dh\u00ebn\u00eb \u201ct\u00eb drejta dhe privilegje\u201d t\u00eb reja Palestin\u00ebs n\u00eb shenj\u00eb t\u00eb mb\u00ebshtetjes n\u00eb rritje nd\u00ebrkomb\u00ebtare p\u00ebr nj\u00eb votim p\u00ebr an\u00ebtar\u00ebsimin.<\/span><\/p>\n<p><span style=\"color: #000000;\">Udh\u00ebheq\u00ebsit e Spanj\u00ebs, Irland\u00ebs, Malt\u00ebs dhe Sllovenis\u00eb than\u00eb n\u00eb mars se po e shqyrtonin njohjen e nj\u00eb shteti palestinez si \u201cnj\u00eb kontribut pozitiv\u201d drejt p\u00ebrfundimit t\u00eb luft\u00ebs. Kryeministri spanjoll, Pedro Sanchez, s\u00eb fundmi kishte deklaruar:<\/span><\/p>\n<p><span style=\"color: #000000;\"><em>\u201cUn\u00eb e b\u00ebj k\u00ebt\u00eb p\u00ebr bindje morale, p\u00ebr nj\u00eb kauz\u00eb t\u00eb drejt\u00eb dhe sepse kjo \u00ebsht\u00eb m\u00ebnyra e vetme q\u00eb t\u00eb dyja shtetet, Izraeli dhe Palestina, t\u00eb jetojn\u00eb s\u00eb bashku n\u00eb paqe\u201d.<\/em><\/span><\/p>\n<p>&nbsp;<\/p>\n<p><span style=\"color: #000000;\"><strong>\u00c7far\u00eb implikimesh mund t\u00eb sjell\u00eb njohja?<\/strong><\/span><\/p>\n<p><span style=\"color: #000000;\">Edhe pse dhjet\u00ebra vende e kan\u00eb njohur Palestin\u00ebn, asnj\u00eb nga fuqit\u00eb kryesore per\u00ebndimore nuk e ka b\u00ebr\u00eb k\u00ebt\u00eb dhe \u00ebsht\u00eb i paqart\u00eb ndryshimi q\u00eb mund t\u00eb sjell\u00eb l\u00ebvizja e k\u00ebtyre tri vendeve.<\/span><\/p>\n<p><span style=\"color: #000000;\">Megjithat\u00eb, njohja e tyre do t\u00eb sh\u00ebnonte nj\u00eb arritje t\u00eb r\u00ebnd\u00ebsishme p\u00ebr palestinez\u00ebt, t\u00eb cil\u00ebt besojn\u00eb se kjo i jep legjitimitet nd\u00ebrkomb\u00ebtar luft\u00ebs s\u00eb tyre. Pak ka t\u00eb ngjar\u00eb t\u00eb ndryshojn\u00eb gj\u00ebrat n\u00eb terren n\u00eb nj\u00eb afat t\u00eb shkurt\u00ebr. Bisedimet p\u00ebr paqe kan\u00eb ngecur dhe Qeveria e vij\u00ebs s\u00eb ashp\u00ebr e Izraelit refuzon ta ndryshoj\u00eb q\u00ebndrimin e saj kund\u00ebr shtet\u00ebsis\u00eb palestineze.<\/span><\/p>\n<p>&nbsp;<\/p>\n<p><span style=\"color: #000000;\"><strong>Cila \u00ebsht\u00eb p\u00ebrgjigjja e Izraelit?<\/strong><\/span><\/p>\n<p><span style=\"color: #000000;\">Izraeli reagoi menj\u00ebher\u00eb t\u00eb m\u00ebrkur\u00ebn duke t\u00ebrhequr ambasador\u00ebt e tij nga Irlanda dhe Norvegjia.<\/span><\/p>\n<p><span style=\"color: #000000;\">Qeveria izraelite kritikoi bisedimet p\u00ebr pavar\u00ebsin\u00eb e Palestin\u00ebs duke i quajtur si nj\u00eb \u201cshp\u00ebrblim\u201d p\u00ebr sulmin e Hamasit n\u00eb jug t\u00eb Izraelit m\u00eb 7 tetor, i cili vrau 1200 njer\u00ebz dhe \u00e7oi n\u00eb rr\u00ebmbimin e mbi 250 t\u00eb tjer\u00ebve. Ajo kund\u00ebrshton \u00e7do l\u00ebvizje p\u00ebr t\u00eb legjitimuar palestinez\u00ebt nd\u00ebrkomb\u00ebtarisht.<\/span><\/p>\n<p><span style=\"color: #000000;\">Hapa si ata t\u00eb tri vendeve evropiane t\u00eb m\u00ebrkur\u00ebn, do t\u00eb forcojn\u00eb pozicionin palestinez dhe do t\u00eb d\u00ebmtojn\u00eb procesin e negociatave, thot\u00eb Izraeli, duke k\u00ebmb\u00ebngulur se t\u00eb gjitha \u00e7\u00ebshtjet duhet t\u00eb zgjidhen p\u00ebrmes negociatave.<\/span><\/p>\n<p><span style=\"color: #000000;\">Izraeli shpesh u p\u00ebrgjigjet vendimeve t\u00eb vendeve t\u00eb huaja q\u00eb konsiderohen se shkojn\u00eb kund\u00ebr interesave t\u00eb tij, duke thirrur ambasador\u00ebt e k\u00ebtyre vendeve dhe gjithashtu duke nd\u00ebshkuar palestinez\u00ebt p\u00ebrmes masave t\u00eb tilla si ngrirja e transfereve t\u00eb taksave p\u00ebr Autoritetin Palestinez me para t\u00eb gatshme.<\/span><\/p>\n<p>&nbsp;<\/p>\n<p><span style=\"color: #000000;\"><strong>Kush e njeh Palestin\u00ebn si shtet?<\/strong><\/span><\/p>\n<p><span style=\"color: #000000;\">Rreth 140 vende e kan\u00eb njohur tashm\u00eb shtetin palestinez, apo m\u00eb shum\u00eb se dy t\u00eb tretat e vendeve an\u00ebtare t\u00eb Kombeve t\u00eb Bashkuara.<\/span><\/p>\n<p><span style=\"color: #000000;\">Disa fuqi t\u00eb m\u00ebdha kan\u00eb treguar se q\u00ebndrimi i tyre mund t\u00eb jet\u00eb duke evoluar mes protestave p\u00ebr pasojat e ofensiv\u00ebs s\u00eb Izraelit n\u00eb Gaza, e cila ka vrar\u00eb m\u00eb shum\u00eb se 35.000 palestinez\u00eb sipas Ministris\u00eb s\u00eb Sh\u00ebndet\u00ebsis\u00eb t\u00eb Gaz\u00ebs. Ministria nuk b\u00ebn dallim midis joluft\u00ebtar\u00ebve dhe luft\u00ebtar\u00ebve n\u00eb num\u00ebrimin e saj.<\/span><\/p>\n<p><span style=\"color: #000000;\">Sekretari i Jasht\u00ebm britanik, David Cameron, tha se njohja e Palestin\u00ebs nuk mund t\u00eb vij\u00eb derisa Hamasi t\u00eb mbetet n\u00eb Gaza, por se kjo mund t\u00eb ndodh\u00eb derisa negociatat izraelite me lider\u00ebt palestinez\u00eb jan\u00eb n\u00eb zhvillim e sip\u00ebr. Presidenti francez, Emmanuel Macron, tha n\u00eb shkurt se nuk \u00ebsht\u00eb \u201ctabu\u201d q\u00eb Franca ta njoh\u00eb shtetin palestinez.\/<span style=\"color: #0000ff;\">AP-<\/span> <span style=\"color: #0000ff;\"><a style=\"color: #0000ff;\" href=\"https:\/\/www.evropaelire.org\/a\/njohja-e-shtetit-palestinez-rendesia-\/32958996.html\">REL<\/a><\/span><\/span><\/p>\n","protected":false,"gt_translate_keys":[{"key":"rendered","format":"html"}]},"excerpt":{"rendered":"<p>Spanja, Irlanda dhe Norvegjia than\u00eb t\u00eb m\u00ebrkur\u00ebn se do ta njohin shtetin palestinez m\u00eb 28 maj, nj\u00eb hap drejt nj\u00eb aspirate t\u00eb gjat\u00eb palestineze q\u00eb erdhi mes zem\u00ebrimit nd\u00ebrkomb\u00ebtar p\u00ebr numrin e viktimave civile dhe kriz\u00ebn humanitare n\u00eb Rripin e Gaz\u00ebs pas ofensiv\u00ebs s\u00eb Izraelit. Vendimet e trefishta dhe pothuajse t\u00eb nj\u00ebkohshme mund t\u00eb rezultojn\u00eb [&hellip;]<\/p>\n","protected":false,"gt_translate_keys":[{"key":"rendered","format":"html"}]},"author":32,"featured_media":676587,"comment_status":"closed","ping_status":"open","sticky":false,"template":"","format":"standard","meta":{"footnotes":""},"categories":[6],"tags":[],"class_list":["post-676586","post","type-post","status-publish","format-standard","has-post-thumbnail","hentry","category-nderkombetare"],"gt_translate_keys":[{"key":"link","format":"url"}],"_links":{"self":[{"href":"https:\/\/www.hashtag.al\/index.php\/wp-json\/wp\/v2\/posts\/676586","targetHints":{"allow":["GET"]}}],"collection":[{"href":"https:\/\/www.hashtag.al\/index.php\/wp-json\/wp\/v2\/posts"}],"about":[{"href":"https:\/\/www.hashtag.al\/index.php\/wp-json\/wp\/v2\/types\/post"}],"author":[{"embeddable":true,"href":"https:\/\/www.hashtag.al\/index.php\/wp-json\/wp\/v2\/users\/32"}],"replies":[{"embeddable":true,"href":"https:\/\/www.hashtag.al\/index.php\/wp-json\/wp\/v2\/comments?post=676586"}],"version-history":[{"count":0,"href":"https:\/\/www.hashtag.al\/index.php\/wp-json\/wp\/v2\/posts\/676586\/revisions"}],"wp:featuredmedia":[{"embeddable":true,"href":"https:\/\/www.hashtag.al\/index.php\/wp-json\/wp\/v2\/media\/676587"}],"wp:attachment":[{"href":"https:\/\/www.hashtag.al\/index.php\/wp-json\/wp\/v2\/media?parent=676586"}],"wp:term":[{"taxonomy":"category","embeddable":true,"href":"https:\/\/www.hashtag.al\/index.php\/wp-json\/wp\/v2\/categories?post=676586"},{"taxonomy":"post_tag","embeddable":true,"href":"https:\/\/www.hashtag.al\/index.php\/wp-json\/wp\/v2\/tags?post=676586"}],"curies":[{"name":"wp","href":"https:\/\/api.w.org\/{rel}","templated":true}]}}