{"id":676579,"date":"2024-05-22T14:18:22","date_gmt":"2024-05-22T12:18:22","guid":{"rendered":"https:\/\/www.hashtag.al\/?p=676579"},"modified":"2024-05-22T14:18:22","modified_gmt":"2024-05-22T12:18:22","slug":"inceneratori-i-tiranes-dumani-hetime-intensive-zero-para-shkon-per-pronaret","status":"publish","type":"post","link":"https:\/\/www.hashtag.al\/index.php\/2024\/05\/22\/inceneratori-i-tiranes-dumani-hetime-intensive-zero-para-shkon-per-pronaret\/","title":{"rendered":"Inceneratori i Tiran\u00ebs, Dumani: Hetime intensive, zero para shkon p\u00ebr pronar\u00ebt","gt_translate_keys":[{"key":"rendered","format":"text"}]},"content":{"rendered":"<p><img loading=\"lazy\" decoding=\"async\" class=\"size-full wp-image-676580 aligncenter\" src=\"https:\/\/www.hashtag.al\/wp-content\/uploads\/2024\/05\/1716374242_dumani.jpg\" alt=\"\" width=\"780\" height=\"440\" srcset=\"https:\/\/www.hashtag.al\/wp-content\/uploads\/2024\/05\/1716374242_dumani.jpg 780w, https:\/\/www.hashtag.al\/wp-content\/uploads\/2024\/05\/1716374242_dumani-300x169.jpg 300w, https:\/\/www.hashtag.al\/wp-content\/uploads\/2024\/05\/1716374242_dumani-768x433.jpg 768w\" sizes=\"auto, (max-width: 780px) 100vw, 780px\" \/><\/p>\n<p><span style=\"font-weight: 400; color: #000000;\">Kreu i SPAK, Altin Dumani deklaroi n\u00eb Komisionin e Ligjeve se po b\u00ebhen hetime investime p\u00ebr Inceneratorin e Tiran\u00ebs. Dumani tha se asnj\u00eb para nuk shkon p\u00ebr pronar\u00ebt, por shkojn\u00eb tek Agjencia e Administrimit t\u00eb Pasurive t\u00eb Sekuestruara dhe t\u00eb Konfiskuara<\/span><\/p>\n<p><span style=\"color: #000000;\"><i><span style=\"font-weight: 400;\">\u201cQ\u00eb nga muaji gusht \u00ebsht\u00eb sekuestruar dhe \u00e7do para shko n\u00eb llogari t\u00eb Agjencis\u00eb s\u00eb Administrimit t\u00eb Pasurive t\u00eb Sekuestruara dhe t\u00eb Sekuestruara, zero para shkon te pronar\u00ebt. Shkon te Agjencia e Administrimit t\u00eb Pasurive t\u00eb Sekuestruara dhe t\u00eb Konfiskuara\u201d, <\/span><\/i><span style=\"font-weight: 400;\">tha Dumani.\u00a0<\/span><\/span><\/p>\n","protected":false,"gt_translate_keys":[{"key":"rendered","format":"html"}]},"excerpt":{"rendered":"<p>Kreu i SPAK, Altin Dumani deklaroi n\u00eb Komisionin e Ligjeve se po b\u00ebhen hetime investime p\u00ebr Inceneratorin e Tiran\u00ebs. Dumani tha se asnj\u00eb para nuk shkon p\u00ebr pronar\u00ebt, por shkojn\u00eb tek Agjencia e Administrimit t\u00eb Pasurive t\u00eb Sekuestruara dhe t\u00eb Konfiskuara \u201cQ\u00eb nga muaji gusht \u00ebsht\u00eb sekuestruar dhe \u00e7do para shko n\u00eb llogari t\u00eb Agjencis\u00eb [&hellip;]<\/p>\n","protected":false,"gt_translate_keys":[{"key":"rendered","format":"html"}]},"author":4,"featured_media":676580,"comment_status":"closed","ping_status":"open","sticky":false,"template":"","format":"standard","meta":{"footnotes":""},"categories":[65],"tags":[],"class_list":["post-676579","post","type-post","status-publish","format-standard","has-post-thumbnail","hentry","category-lajme"],"gt_translate_keys":[{"key":"link","format":"url"}],"_links":{"self":[{"href":"https:\/\/www.hashtag.al\/index.php\/wp-json\/wp\/v2\/posts\/676579","targetHints":{"allow":["GET"]}}],"collection":[{"href":"https:\/\/www.hashtag.al\/index.php\/wp-json\/wp\/v2\/posts"}],"about":[{"href":"https:\/\/www.hashtag.al\/index.php\/wp-json\/wp\/v2\/types\/post"}],"author":[{"embeddable":true,"href":"https:\/\/www.hashtag.al\/index.php\/wp-json\/wp\/v2\/users\/4"}],"replies":[{"embeddable":true,"href":"https:\/\/www.hashtag.al\/index.php\/wp-json\/wp\/v2\/comments?post=676579"}],"version-history":[{"count":0,"href":"https:\/\/www.hashtag.al\/index.php\/wp-json\/wp\/v2\/posts\/676579\/revisions"}],"wp:featuredmedia":[{"embeddable":true,"href":"https:\/\/www.hashtag.al\/index.php\/wp-json\/wp\/v2\/media\/676580"}],"wp:attachment":[{"href":"https:\/\/www.hashtag.al\/index.php\/wp-json\/wp\/v2\/media?parent=676579"}],"wp:term":[{"taxonomy":"category","embeddable":true,"href":"https:\/\/www.hashtag.al\/index.php\/wp-json\/wp\/v2\/categories?post=676579"},{"taxonomy":"post_tag","embeddable":true,"href":"https:\/\/www.hashtag.al\/index.php\/wp-json\/wp\/v2\/tags?post=676579"}],"curies":[{"name":"wp","href":"https:\/\/api.w.org\/{rel}","templated":true}]}}