{"id":676555,"date":"2024-05-22T12:57:29","date_gmt":"2024-05-22T10:57:29","guid":{"rendered":"https:\/\/www.hashtag.al\/?p=676555"},"modified":"2024-05-22T12:57:29","modified_gmt":"2024-05-22T10:57:29","slug":"rama-me-cameron-folem-per-emigrimin-e-paligjshem-do-i-shkojem-deri-ne-rrenje-ketij-problemi","status":"publish","type":"post","link":"https:\/\/www.hashtag.al\/index.php\/2024\/05\/22\/rama-me-cameron-folem-per-emigrimin-e-paligjshem-do-i-shkojem-deri-ne-rrenje-ketij-problemi\/","title":{"rendered":"Rama me Cameron: Fol\u00ebm p\u00ebr emigrimin e paligjsh\u00ebm, do i shkoj\u00ebm deri n\u00eb \u2018rr\u00ebnj\u00eb\u2019 k\u00ebtij problemi","gt_translate_keys":[{"key":"rendered","format":"text"}]},"content":{"rendered":"<p><img loading=\"lazy\" decoding=\"async\" class=\"size-full wp-image-676556 aligncenter\" src=\"https:\/\/www.hashtag.al\/wp-content\/uploads\/2024\/05\/1716374554_ramacameron.jpg\" alt=\"\" width=\"780\" height=\"440\" srcset=\"https:\/\/www.hashtag.al\/wp-content\/uploads\/2024\/05\/1716374554_ramacameron.jpg 780w, https:\/\/www.hashtag.al\/wp-content\/uploads\/2024\/05\/1716374554_ramacameron-300x169.jpg 300w, https:\/\/www.hashtag.al\/wp-content\/uploads\/2024\/05\/1716374554_ramacameron-768x433.jpg 768w\" sizes=\"auto, (max-width: 780px) 100vw, 780px\" \/><\/p>\n<p>&nbsp;<\/p>\n<p><span style=\"font-weight: 400; color: #000000;\">Kryeministri Edi Rama n\u00eb takim me sekretarin e jasht\u00ebm Britanik tha se kan\u00eb diskutuar edhe p\u00ebr problematik\u00ebn e emigracionit t\u00eb paligjsh\u00ebm. Rama tha se do t\u2019i shkojn\u00eb deri n\u00eb rr\u00ebnj\u00eb k\u00ebtij problemi.<\/span><\/p>\n<p><span style=\"color: #000000;\"><i><span style=\"font-weight: 400;\">\u201cKemi folur edhe padyshim p\u00ebr projektin apo programin e p\u00ebrbashk\u00ebt t\u00eb luft\u00ebs kund\u00ebr trafikut t\u00eb paligjsh\u00ebm t\u00eb qenieve njer\u00ebzore dhe patjet\u00ebr q\u00eb jemi shum\u00eb t\u00eb k\u00ebnaqur me rezultat e arritura, por operacioni yn\u00eb i p\u00ebrbashk\u00ebt do vazhdoj\u00eb, gatishm\u00ebria n\u00eb dekurajimin e flukseve t\u00eb k\u00ebtij trafiku do t\u00eb jet\u00eb maksimale edhe n\u00eb vazhdim. Natyrisht lidhet edhe me vullnetin e p\u00ebrbashk\u00ebt p\u00ebr t\u2019i shkuar n\u00eb rr\u00ebnj\u00eb k\u00ebtij problemi\u201d, <\/span><\/i><span style=\"font-weight: 400;\">u shpreh Rama.<\/span><\/span><\/p>\n","protected":false,"gt_translate_keys":[{"key":"rendered","format":"html"}]},"excerpt":{"rendered":"<p>&nbsp; Kryeministri Edi Rama n\u00eb takim me sekretarin e jasht\u00ebm Britanik tha se kan\u00eb diskutuar edhe p\u00ebr problematik\u00ebn e emigracionit t\u00eb paligjsh\u00ebm. Rama tha se do t\u2019i shkojn\u00eb deri n\u00eb rr\u00ebnj\u00eb k\u00ebtij problemi. \u201cKemi folur edhe padyshim p\u00ebr projektin apo programin e p\u00ebrbashk\u00ebt t\u00eb luft\u00ebs kund\u00ebr trafikut t\u00eb paligjsh\u00ebm t\u00eb qenieve njer\u00ebzore dhe patjet\u00ebr q\u00eb [&hellip;]<\/p>\n","protected":false,"gt_translate_keys":[{"key":"rendered","format":"html"}]},"author":4,"featured_media":676556,"comment_status":"closed","ping_status":"open","sticky":false,"template":"","format":"standard","meta":{"footnotes":""},"categories":[65],"tags":[],"class_list":["post-676555","post","type-post","status-publish","format-standard","has-post-thumbnail","hentry","category-lajme"],"gt_translate_keys":[{"key":"link","format":"url"}],"_links":{"self":[{"href":"https:\/\/www.hashtag.al\/index.php\/wp-json\/wp\/v2\/posts\/676555","targetHints":{"allow":["GET"]}}],"collection":[{"href":"https:\/\/www.hashtag.al\/index.php\/wp-json\/wp\/v2\/posts"}],"about":[{"href":"https:\/\/www.hashtag.al\/index.php\/wp-json\/wp\/v2\/types\/post"}],"author":[{"embeddable":true,"href":"https:\/\/www.hashtag.al\/index.php\/wp-json\/wp\/v2\/users\/4"}],"replies":[{"embeddable":true,"href":"https:\/\/www.hashtag.al\/index.php\/wp-json\/wp\/v2\/comments?post=676555"}],"version-history":[{"count":0,"href":"https:\/\/www.hashtag.al\/index.php\/wp-json\/wp\/v2\/posts\/676555\/revisions"}],"wp:featuredmedia":[{"embeddable":true,"href":"https:\/\/www.hashtag.al\/index.php\/wp-json\/wp\/v2\/media\/676556"}],"wp:attachment":[{"href":"https:\/\/www.hashtag.al\/index.php\/wp-json\/wp\/v2\/media?parent=676555"}],"wp:term":[{"taxonomy":"category","embeddable":true,"href":"https:\/\/www.hashtag.al\/index.php\/wp-json\/wp\/v2\/categories?post=676555"},{"taxonomy":"post_tag","embeddable":true,"href":"https:\/\/www.hashtag.al\/index.php\/wp-json\/wp\/v2\/tags?post=676555"}],"curies":[{"name":"wp","href":"https:\/\/api.w.org\/{rel}","templated":true}]}}