{"id":676246,"date":"2024-05-21T09:51:03","date_gmt":"2024-05-21T07:51:03","guid":{"rendered":"https:\/\/www.hashtag.al\/?p=676246"},"modified":"2024-05-21T09:53:55","modified_gmt":"2024-05-21T07:53:55","slug":"zelensky-shtyn-aleatet-te-shtojne-ndihmen-dhe-perfshirjen-ne-lufte-ndaj-rusise","status":"publish","type":"post","link":"https:\/\/www.hashtag.al\/index.php\/2024\/05\/21\/zelensky-shtyn-aleatet-te-shtojne-ndihmen-dhe-perfshirjen-ne-lufte-ndaj-rusise\/","title":{"rendered":"Zelensky shtyn aleat\u00ebt t\u00eb shtojn\u00eb ndihm\u00ebn dhe p\u00ebrfshirjen n\u00eb luft\u00eb ndaj Rusis\u00eb","gt_translate_keys":[{"key":"rendered","format":"text"}]},"content":{"rendered":"<p><span style=\"color: #000000;\"><img loading=\"lazy\" decoding=\"async\" class=\"aligncenter size-full wp-image-676247\" src=\"https:\/\/www.hashtag.al\/wp-content\/uploads\/2024\/05\/zele.jpg\" alt=\"\" width=\"960\" height=\"653\" srcset=\"https:\/\/www.hashtag.al\/wp-content\/uploads\/2024\/05\/zele.jpg 960w, https:\/\/www.hashtag.al\/wp-content\/uploads\/2024\/05\/zele-300x204.jpg 300w, https:\/\/www.hashtag.al\/wp-content\/uploads\/2024\/05\/zele-768x522.jpg 768w\" sizes=\"auto, (max-width: 960px) 100vw, 960px\" \/><\/span><\/p>\n<p><span style=\"color: #000000;\">Aleat\u00ebt per\u00ebndimor\u00eb po marrin shum\u00eb koh\u00eb p\u00ebr t\u00eb marr\u00eb vendime ky\u00e7e p\u00ebr mb\u00ebshtetjen ushtarake p\u00ebr Ukrain\u00ebn, tha presidenti Volodymyr Zelensky p\u00ebr Reuters n\u00eb nj\u00eb intervist\u00eb ekskluzive n\u00eb Kiev t\u00eb h\u00ebn\u00ebn.<\/span><\/p>\n<p><span style=\"color: #000000;\">Ai tha gjithashtu se po i shtynte partner\u00ebt t\u00eb p\u00ebrfshiheshin m\u00eb drejtp\u00ebrdrejt n\u00eb luft\u00eb duke ndihmuar n\u00eb p\u00ebrgjimin e raketave ruse mbi Ukrain\u00eb dhe duke lejuar Kievin t\u00eb p\u00ebrdor\u00eb arm\u00eb per\u00ebndimore kund\u00ebr pajisjeve ushtarake t\u00eb armikut q\u00eb ndodhen pran\u00eb kufirit.<\/span><\/p>\n<p><span style=\"color: #000000;\">Thirrja p\u00ebr t\u00eb p\u00ebrshpejtuar ndihm\u00ebn dhe shtyrjen e t\u00eb ashtuquajturave &#8220;vijat e kuqe&#8221; t\u00eb p\u00ebrfshirjes n\u00eb konflikt pasqyron presionin n\u00eb rritje me t\u00eb cilat forcat ukrainase p\u00ebrballen n\u00eb frontin mbi 1000 km n\u00eb verilindje, lindje dhe jug t\u00eb vendit.<\/span><\/p>\n<p><span style=\"color: #000000;\">Zelensky, i veshur me bluz\u00ebn dhe pantallonat e tij t\u00eb njohura ngjyr\u00eb kaki, tha se gjendja n\u00eb fush\u00ebn e betej\u00ebs ishte &#8220;nj\u00eb nga m\u00eb t\u00eb v\u00ebshtirat&#8221; q\u00eb ai kishte njohur q\u00eb nga fillimi i pushtimit n\u00eb shkall\u00eb t\u00eb gjer\u00eb nga ana e Rusis\u00eb n\u00eb shkurt 2022.<\/span><\/p>\n<p><span style=\"color: #000000;\">N\u00eb jav\u00ebt e fundit, trupat e Mosk\u00ebs kan\u00eb b\u00ebr\u00eb sulme n\u00eb verilindje t\u00eb Ukrain\u00ebs, duke testuar m\u00eb tej mbrojtjen tashm\u00eb t\u00eb shtrir\u00eb t\u00eb Kievit. N\u00eb t\u00eb nj\u00ebjt\u00ebn koh\u00eb, Rusia ka marr\u00eb territore n\u00eb rajonin lindor t\u00eb Donbasit n\u00eb beteja ndonj\u00ebher\u00eb t\u00eb ashpra.<\/span><\/p>\n<p><span style=\"color: #000000;\"><em>&#8220;Nj\u00eb val\u00eb luftimesh shum\u00eb e fuqishme po ndodh n\u00eb Donbas&#8230; Askush nuk e v\u00ebren se n\u00eb t\u00eb v\u00ebrtet\u00eb ka m\u00eb shum\u00eb beteja n\u00eb lindje t\u00eb vendit, ve\u00e7an\u00ebrisht n\u00eb drejtimin Donbas: Kurakhove, Pokrovsk, Chasiv Yar.&#8221;<\/em><\/span><\/p>\n<p><span style=\"color: #000000;\">Ai shtoi megjithat\u00eb se gjendja n\u00eb veri t\u00eb Kharkivit ishte tani &#8220;n\u00ebn kontroll&#8221;.<\/span><\/p>\n<p><span style=\"color: #000000;\">46-vje\u00e7ari po fliste n\u00eb p\u00ebrvjetorin e pest\u00eb t\u00eb zgjedhjes s\u00eb tij si president. Ai nuk ka marr\u00eb pjes\u00eb n\u00eb zgjedhje p\u00ebr shkak t\u00eb gjendjes ushtarake t\u00eb vendosur p\u00ebr shkak t\u00eb pushtimit.<\/span><\/p>\n<p><span style=\"color: #000000;\">Zelensky b\u00ebri thirrje p\u00ebrs\u00ebri p\u00ebr ndihm\u00eb m\u00eb t\u00eb shpejt\u00eb ushtarake nga Shtetet e Bashkuara dhe partner\u00ebt e tjer\u00eb. Arm\u00ebt dhe municionet nga nj\u00eb paket\u00eb e miratuar s\u00eb fundmi nga SHBA po mb\u00ebrrijn\u00eb tani n\u00eb Ukrain\u00eb, por ajo u vonua me muaj p\u00ebr shkak t\u00eb grindjeve t\u00eb brendshme politike.<\/span><\/p>\n<p><span style=\"color: #000000;\"><em>\u201c\u00c7do vendim t\u00eb cilin e marrim t\u00eb gjith\u00eb s\u00eb bashku, vjen me vones\u00eb rreth nj\u00eb vit\u201d<\/em>, tha Zelenskiy.<\/span><\/p>\n<p><span style=\"color: #000000;\"><em>&#8220;Por gj\u00ebrat jan\u00eb k\u00ebshtu: b\u00ebjm\u00eb nj\u00eb hap t\u00eb madh p\u00ebrpara, por p\u00ebrpara k\u00ebsaj kemi b\u00ebr\u00eb dy hapa prapa. Duhet t\u00eb ndryshojm\u00eb pak paradigm\u00ebn.&#8221;<\/em><\/span><\/p>\n<p><span style=\"color: #000000;\"><img loading=\"lazy\" decoding=\"async\" class=\"aligncenter size-full wp-image-676248\" src=\"https:\/\/www.hashtag.al\/wp-content\/uploads\/2024\/05\/https___cloudfront-us-east-2.images.arcpublishing.com_reuters_IAKNMCDOUFK7DHYA3WLG2AMPZ4.jpg\" alt=\"\" width=\"960\" height=\"645\" srcset=\"https:\/\/www.hashtag.al\/wp-content\/uploads\/2024\/05\/https___cloudfront-us-east-2.images.arcpublishing.com_reuters_IAKNMCDOUFK7DHYA3WLG2AMPZ4.jpg 960w, https:\/\/www.hashtag.al\/wp-content\/uploads\/2024\/05\/https___cloudfront-us-east-2.images.arcpublishing.com_reuters_IAKNMCDOUFK7DHYA3WLG2AMPZ4-300x202.jpg 300w, https:\/\/www.hashtag.al\/wp-content\/uploads\/2024\/05\/https___cloudfront-us-east-2.images.arcpublishing.com_reuters_IAKNMCDOUFK7DHYA3WLG2AMPZ4-768x516.jpg 768w\" sizes=\"auto, (max-width: 960px) 100vw, 960px\" \/><\/span><\/p>\n<p><span style=\"color: #000000;\"><strong>Rrezik p\u00ebrshkall\u00ebzimi<\/strong><\/span><\/p>\n<p><span style=\"color: #000000;\">Zelensky tha se ai d\u00ebshironte q\u00eb partner\u00ebt e tij t\u00eb p\u00ebrfshiheshin m\u00eb drejtp\u00ebrdrejt n\u00eb luft\u00eb, por kuptoi se ata ishin t\u00eb kujdessh\u00ebm n\u00eb antagonizimin e Rusis\u00eb.<\/span><\/p>\n<p><span style=\"color: #000000;\"><em>\u201c\u00cbsht\u00eb \u00e7\u00ebshtje vullneti.&#8221;<\/em><\/span><\/p>\n<p><span style=\"color: #000000;\"><em>\u201cPor t\u00eb gjith\u00eb thon\u00eb nj\u00eb fjal\u00eb q\u00eb ting\u00ebllon nj\u00ebsoj n\u00eb \u00e7do gjuh\u00eb: t\u00eb gjith\u00eb kan\u00eb frik\u00eb nga p\u00ebrshkall\u00ebzimi. T\u00eb gjith\u00eb jan\u00eb m\u00ebsuar me faktin se ukrainasit po vdesin, kjo nuk p\u00ebrb\u00ebn p\u00ebrshkall\u00ebzim p\u00ebr njer\u00ebzit.&#8221;<\/em><\/span><\/p>\n<p><span style=\"color: #000000;\">Ai propozoi q\u00eb forcat e armatosura t\u00eb vendeve fqinje t\u00eb NATO-s t\u00eb kapnin e shkat\u00ebrronin n\u00eb aj\u00ebr raketat ruse q\u00eb hidhen mbi territorin ukrainas p\u00ebr t\u00eb ndihmuar Kievin t\u00eb mbrohej.<\/span><\/p>\n<p><span style=\"color: #000000;\">Rusia ka gjuajtur mij\u00ebra raketa dhe drone n\u00eb Ukrain\u00eb q\u00eb nga fillimi i luft\u00ebs dhe mbrojtja ajrore \u00ebsht\u00eb nj\u00eb prioritet p\u00ebr Kievin.<\/span><\/p>\n<p><span style=\"color: #000000;\"><em>&#8220;Rus\u00ebt p\u00ebrdorin 300 avion\u00eb n\u00eb territorin e Ukrain\u00ebs. Na duhen t\u00eb pakt\u00ebn 120, 130 avion\u00eb p\u00ebr t\u00eb b\u00ebr\u00eb nj\u00ebfar\u00eb reziztence n\u00eb qiell,&#8221;<\/em> tha ai.<\/span><\/p>\n<p><span style=\"color: #000000;\">Ukraina \u00ebsht\u00eb duke pritur p\u00ebr dor\u00ebzimin e avion\u00ebve F-16 t\u00eb projektuar nga SHBA-ja, t\u00eb cil\u00ebt ende nuk jan\u00eb p\u00ebrdorur.<\/span><\/p>\n<p><span style=\"color: #000000;\">Ai tha se n\u00ebse vendet nuk mund t\u00eb furnizonin avion\u00ebt menj\u00ebher\u00eb, ata mund t&#8217;i fluturonin ato nga shtetet fqinje t\u00eb NATO-s dhe t\u00eb rr\u00ebzonin raketat ruse.<\/span><\/p>\n<p><span style=\"color: #000000;\">Udh\u00ebheq\u00ebsi ukrainas tha gjithashtu se Kievi po negocionte me partner\u00ebt nd\u00ebrkomb\u00ebtar\u00eb p\u00ebr t\u00eb p\u00ebrdorur arm\u00ebt e tyre p\u00ebr t\u00eb goditur pajisjet ushtarake ruse n\u00eb thell\u00ebsi t\u00eb territorit rus.<\/span><\/p>\n<p><span style=\"color: #000000;\"><em>\u201cDeri tani nuk ka asgj\u00eb pozitive\u201d<\/em>, tha ai.<\/span><\/p>\n<p><span style=\"color: #000000;\">Presidenti rus Putin ka t\u00eb ngjar\u00eb t&#8217;i konsideroj\u00eb zhvillime t\u00eb tilla si p\u00ebrshkall\u00ebzuese. Ai e konsideron luft\u00ebn si pjes\u00eb t\u00eb nj\u00eb beteje ekzistenciale me nj\u00eb Per\u00ebndim n\u00eb r\u00ebnie dhe dekadent, p\u00ebr t\u00eb cilin ai thot\u00eb se posht\u00ebroi Rusin\u00eb pas r\u00ebnies s\u00eb Murit t\u00eb Berlinit n\u00eb vitin 1989, duke shkelur at\u00eb q\u00eb ai e konsideron sfer\u00ebn e ndikimit t\u00eb Mosk\u00ebs, duke p\u00ebrfshir\u00eb Ukrain\u00ebn.<\/span><\/p>\n<p><span style=\"color: #000000;\">Ukraina dhe Per\u00ebndimi e kund\u00ebrshtojn\u00eb nj\u00eb interpretim t\u00eb till\u00eb, duke e quajtur pushtimin nj\u00eb rr\u00ebmbim toke t\u00eb paprovokuar.<\/span><\/p>\n<p><span style=\"color: #000000;\">Zelensky p\u00ebrs\u00ebriti se ai nuk kishte thyer marr\u00ebveshjet me aleat\u00ebt p\u00ebr t\u00eb mos p\u00ebrdorur arm\u00ebt e tyre brenda Rusis\u00eb.<\/span><\/p>\n<p><span style=\"color: #000000;\"><em>&#8220;Ne nuk mund t\u00eb rrezikojm\u00eb t\u00eb gjith\u00eb v\u00ebllimin e arm\u00ebve.&#8221;<\/em><\/span><\/p>\n<p><img loading=\"lazy\" decoding=\"async\" class=\"aligncenter size-full wp-image-675649\" src=\"https:\/\/www.hashtag.al\/wp-content\/uploads\/2024\/05\/ukraine3-675x450-1.jpg\" alt=\"\" width=\"675\" height=\"450\" srcset=\"https:\/\/www.hashtag.al\/wp-content\/uploads\/2024\/05\/ukraine3-675x450-1.jpg 675w, https:\/\/www.hashtag.al\/wp-content\/uploads\/2024\/05\/ukraine3-675x450-1-300x200.jpg 300w\" sizes=\"auto, (max-width: 675px) 100vw, 675px\" \/><\/p>\n<p><span style=\"color: #000000;\"><strong>Skena nd\u00ebrkomb\u00ebtare<\/strong><\/span><\/p>\n<p><span style=\"color: #000000;\">Ukraina po p\u00ebrgatitet p\u00ebr bisedime nd\u00ebrkomb\u00ebtare n\u00eb Zvic\u00ebr muajin e ardhsh\u00ebm, ku Rusia nuk \u00ebsht\u00eb e ftuar t\u00eb marr\u00eb pjes\u00eb dhe q\u00eb synojn\u00eb t\u00eb unifikojn\u00eb dhe forcojn\u00eb opinionin kund\u00ebr Mosk\u00ebs.<\/span><\/p>\n<p><span style=\"color: #000000;\">Putin ka th\u00ebn\u00eb se bisedimet mund t&#8217;i shnd\u00ebrrojn\u00eb k\u00ebrkesat e Ukrain\u00ebs p\u00ebr nj\u00eb t\u00ebrheqje ruse n\u00eb nj\u00eb ultimatum p\u00ebr Rusin\u00eb, nj\u00eb strategji q\u00eb ai tha se do d\u00ebshtonte. Zelensky tha se ishte thelb\u00ebsore q\u00eb t\u00eb mblidheshin sa m\u00eb shum\u00eb vende rreth tryez\u00ebs.<\/span><\/p>\n<p><span style=\"color: #000000;\"><em>&#8220;N\u00eb k\u00ebt\u00eb m\u00ebnyr\u00eb Rusia do duhet t&#8217;i p\u00ebrgjigjet shumic\u00ebs s\u00eb bot\u00ebs, jo Ukrain\u00ebs. Askush nuk thot\u00eb se nes\u00ebr Rusia do pajtohet me k\u00ebt\u00eb gj\u00eb, por \u00ebsht\u00eb e r\u00ebnd\u00ebsishme q\u00eb ne t\u00eb kemi nism\u00ebn.&#8221;<\/em><\/span><\/p>\n<p><span style=\"color: #000000;\">Pekini ende nuk ka th\u00ebn\u00eb n\u00ebse do marr\u00eb pjes\u00eb, megjith\u00ebse presidenti kinez Xi Jinping dhe Putin u takuan jav\u00ebn e kaluar n\u00eb Kin\u00eb dhe u zotuan p\u00ebr nj\u00eb &#8220;epok\u00eb t\u00eb re&#8221; partneriteti midis dy rival\u00ebve m\u00eb t\u00eb fuqish\u00ebm t\u00eb Shteteve t\u00eb Bashkuara.<\/span><\/p>\n<p><span style=\"color: #000000;\"><em>&#8220;\u00cbsht\u00eb shum\u00eb e r\u00ebnd\u00ebsishme q\u00eb Kina t\u00eb jet\u00eb atje,&#8221;<\/em> tha Zelensky.<\/span><\/p>\n<p><span style=\"color: #000000;\"><em>\u201cSepse n\u00eb parim, pas k\u00ebtij samiti, b\u00ebhet e qart\u00eb se kush d\u00ebshiron t&#8217;i jap\u00eb fund luft\u00ebs dhe kush d\u00ebshiron t\u00eb mbetet n\u00eb marr\u00ebdh\u00ebnie t\u00eb forta me Federat\u00ebn Ruse.\u201d<\/em><\/span><\/p>\n<p><span style=\"color: #000000;\">P\u00ebr sa i p\u00ebrket politik\u00ebs s\u00eb SHBA-s\u00eb, ai u p\u00ebrpoq t\u00eb shuante shqet\u00ebsimet se \u00e7do fitore e kandidatit republikan Donald Trump n\u00eb zgjedhjet e n\u00ebntorit mund t\u00eb sjell\u00eb telashe p\u00ebr Ukrain\u00ebn. Trump \u00ebsht\u00eb nj\u00eb skeptik i ndihm\u00ebs n\u00eb Ukrain\u00eb, i cili ka theksuar politikat &#8220;Amerika e para&#8221;.<\/span><\/p>\n<p><span style=\"color: #000000;\"><em>\u201cNuk besoj se republikan\u00ebt jan\u00eb kund\u00ebr mb\u00ebshtetjes p\u00ebr Ukrain\u00ebn, por disa mesazhe q\u00eb vijn\u00eb nga ana e tyre ngren\u00eb shqet\u00ebsime\u201d.<\/em><\/span><\/p>\n<p><span style=\"color: #000000;\">Zelensky, nj\u00eb ish-komedian, tha se do t&#8217;i linte t\u00eb tjer\u00ebt t\u00eb gjykonin paraqitjen e tij si udh\u00ebheq\u00ebs i nj\u00eb vendi n\u00eb luft\u00eb, por ai shprehu mir\u00ebnjohjen e tij p\u00ebr popullin ukrainas p\u00ebr stoicizmin e tij p\u00ebrball\u00eb fatkeq\u00ebsive.<\/span><\/p>\n<p><span style=\"color: #000000;\">Ai k\u00ebmb\u00ebnguli gjithashtu se Ukraina ende ta fitoj\u00eb ende luft\u00ebn, pavar\u00ebsisht pengesave n\u00eb muajt e fundit.<\/span><\/p>\n<p><span style=\"color: #000000;\"><em>&#8220;Un\u00eb mendoj se ne duhet t\u00eb ecim n\u00eb k\u00ebt\u00eb rrug\u00eb deri n\u00eb fund, mund\u00ebsisht nj\u00eb rrug\u00eb fitimtare,&#8221;<\/em> tha ai. <em>&#8220;Edhe pse sot njer\u00ebzit e shohin disi skeptik fjal\u00ebn &#8220;fitore&#8221;, e kuptoj se \u00ebsht\u00eb e v\u00ebshtir\u00eb, sepse \u00ebsht\u00eb e gjat\u00eb.&#8221;<\/em><\/span><\/p>\n<p><span style=\"color: #000000;\"><span style=\"color: #ff0000;\"><strong>VINI RE<\/strong><\/span>: Ky material \u00ebsht\u00eb pron\u00ebsi intelektuale e <span style=\"color: #0000ff;\"><a style=\"color: #0000ff;\" href=\"https:\/\/www.reuters.com\/world\/europe\/western-aid-ukraine-too-slow-risks-us-election-limited-zelenskiy-2024-05-20\/\">Reuters<\/a><\/span><\/span><\/p>\n<p><span style=\"color: #000000;\">P\u00ebrgatiti p\u00ebr <span style=\"color: #0000ff;\">Hashtag.al,<\/span> Klodian Manjani<\/span><\/p>\n<p>&nbsp;<\/p>\n","protected":false,"gt_translate_keys":[{"key":"rendered","format":"html"}]},"excerpt":{"rendered":"<p>Aleat\u00ebt per\u00ebndimor\u00eb po marrin shum\u00eb koh\u00eb p\u00ebr t\u00eb marr\u00eb vendime ky\u00e7e p\u00ebr mb\u00ebshtetjen ushtarake p\u00ebr Ukrain\u00ebn, tha presidenti Volodymyr Zelensky p\u00ebr Reuters n\u00eb nj\u00eb intervist\u00eb ekskluzive n\u00eb Kiev t\u00eb h\u00ebn\u00ebn. Ai tha gjithashtu se po i shtynte partner\u00ebt t\u00eb p\u00ebrfshiheshin m\u00eb drejtp\u00ebrdrejt n\u00eb luft\u00eb duke ndihmuar n\u00eb p\u00ebrgjimin e raketave ruse mbi Ukrain\u00eb dhe duke [&hellip;]<\/p>\n","protected":false,"gt_translate_keys":[{"key":"rendered","format":"html"}]},"author":51,"featured_media":676247,"comment_status":"closed","ping_status":"open","sticky":false,"template":"","format":"standard","meta":{"footnotes":""},"categories":[22],"tags":[],"class_list":["post-676246","post","type-post","status-publish","format-standard","has-post-thumbnail","hentry","category-ballina"],"gt_translate_keys":[{"key":"link","format":"url"}],"_links":{"self":[{"href":"https:\/\/www.hashtag.al\/index.php\/wp-json\/wp\/v2\/posts\/676246","targetHints":{"allow":["GET"]}}],"collection":[{"href":"https:\/\/www.hashtag.al\/index.php\/wp-json\/wp\/v2\/posts"}],"about":[{"href":"https:\/\/www.hashtag.al\/index.php\/wp-json\/wp\/v2\/types\/post"}],"author":[{"embeddable":true,"href":"https:\/\/www.hashtag.al\/index.php\/wp-json\/wp\/v2\/users\/51"}],"replies":[{"embeddable":true,"href":"https:\/\/www.hashtag.al\/index.php\/wp-json\/wp\/v2\/comments?post=676246"}],"version-history":[{"count":0,"href":"https:\/\/www.hashtag.al\/index.php\/wp-json\/wp\/v2\/posts\/676246\/revisions"}],"wp:featuredmedia":[{"embeddable":true,"href":"https:\/\/www.hashtag.al\/index.php\/wp-json\/wp\/v2\/media\/676247"}],"wp:attachment":[{"href":"https:\/\/www.hashtag.al\/index.php\/wp-json\/wp\/v2\/media?parent=676246"}],"wp:term":[{"taxonomy":"category","embeddable":true,"href":"https:\/\/www.hashtag.al\/index.php\/wp-json\/wp\/v2\/categories?post=676246"},{"taxonomy":"post_tag","embeddable":true,"href":"https:\/\/www.hashtag.al\/index.php\/wp-json\/wp\/v2\/tags?post=676246"}],"curies":[{"name":"wp","href":"https:\/\/api.w.org\/{rel}","templated":true}]}}