{"id":676211,"date":"2024-05-21T07:41:07","date_gmt":"2024-05-21T05:41:07","guid":{"rendered":"https:\/\/www.hashtag.al\/?p=676211"},"modified":"2024-05-21T07:41:07","modified_gmt":"2024-05-21T05:41:07","slug":"themeluesi-i-wikileaks-assange-lejohet-te-apeloje-ekstradimin-ne-shba","status":"publish","type":"post","link":"https:\/\/www.hashtag.al\/index.php\/2024\/05\/21\/themeluesi-i-wikileaks-assange-lejohet-te-apeloje-ekstradimin-ne-shba\/","title":{"rendered":"Themeluesi i WikiLeaks Assange lejohet t\u00eb apeloj\u00eb ekstradimin n\u00eb SHBA","gt_translate_keys":[{"key":"rendered","format":"text"}]},"content":{"rendered":"<p><img loading=\"lazy\" decoding=\"async\" class=\"aligncenter size-full wp-image-676212\" src=\"https:\/\/www.hashtag.al\/wp-content\/uploads\/2024\/05\/https___cloudfront-us-east-2.images.arcpublishing.com_reuters_DJN2U47IVZJ5JDNYN5JZCMZ73I.jpg\" alt=\"\" width=\"960\" height=\"640\" srcset=\"https:\/\/www.hashtag.al\/wp-content\/uploads\/2024\/05\/https___cloudfront-us-east-2.images.arcpublishing.com_reuters_DJN2U47IVZJ5JDNYN5JZCMZ73I.jpg 960w, https:\/\/www.hashtag.al\/wp-content\/uploads\/2024\/05\/https___cloudfront-us-east-2.images.arcpublishing.com_reuters_DJN2U47IVZJ5JDNYN5JZCMZ73I-300x200.jpg 300w, https:\/\/www.hashtag.al\/wp-content\/uploads\/2024\/05\/https___cloudfront-us-east-2.images.arcpublishing.com_reuters_DJN2U47IVZJ5JDNYN5JZCMZ73I-768x512.jpg 768w\" sizes=\"auto, (max-width: 960px) 100vw, 960px\" \/><\/p>\n<p><span style=\"color: #000000;\">Themeluesit t\u00eb WikiLeaks, Julian Assange, iu dha leja t\u00eb h\u00ebn\u00ebn p\u00ebr t\u00eb apeluar kund\u00ebr ekstradimit n\u00eb Shtetet e Bashkuara, pasi argumentoi n\u00eb Gjykat\u00ebn e Lart\u00eb t\u00eb Londr\u00ebs se ai mund t\u00eb mos jet\u00eb n\u00eb gjendje t\u00eb mb\u00ebshtetet n\u00eb t\u00eb drejt\u00ebn e tij p\u00ebr lirin\u00eb e fjal\u00ebs n\u00eb nj\u00eb gjykat\u00eb amerikane.<\/span><\/p>\n<p><span style=\"color: #000000;\">Assange, i lindur n\u00eb Australi, 52 vje\u00e7, k\u00ebrkohet n\u00eb SHBA me 18 akuza, pothuajse t\u00eb gjitha sipas Aktit t\u00eb Spiunazhit, n\u00eb lidhje me publikimin e madh t\u00eb dokumenteve sekrete amerikane nga WikiLeaks &#8211; shkeljet m\u00eb t\u00eb m\u00ebdha t\u00eb siguris\u00eb n\u00eb llojin e tyre n\u00eb historin\u00eb ushtarake t\u00eb SHBA-s\u00eb.<\/span><\/p>\n<p><span style=\"color: #000000;\">Gjykata e Lart\u00eb e Britanis\u00eb i kishte dh\u00ebn\u00eb n\u00eb mars lejen e p\u00ebrkohshme p\u00ebr t\u00eb apeluar me arsyetimin se ai mund t\u00eb diskriminohej si shtetas i huaj, por nj\u00ebkoh\u00ebsisht ftoi SHBA-n\u00eb t\u00eb dor\u00ebzonte garanci.<\/span><\/p>\n<p><span style=\"color: #000000;\">Pas seanc\u00ebs d\u00ebgjimore t\u00eb s\u00eb h\u00ebn\u00ebs, dy gjyqtar\u00eb t\u00eb lart\u00eb than\u00eb se argumenti i Assange se ai mund t\u00eb mos ishte n\u00eb gjendje t\u00eb mb\u00ebshtetej n\u00eb t\u00eb drejt\u00ebn e Amendamentit t\u00eb Par\u00eb t\u00eb SHBA-s\u00eb p\u00ebr lirin\u00eb e fjal\u00ebs meritonte nj\u00eb apel t\u00eb plot\u00eb &#8211; i cili nuk ka gjasa t\u00eb mbahet p\u00ebr muaj t\u00eb t\u00ebr\u00eb.<\/span><\/p>\n<p><img loading=\"lazy\" decoding=\"async\" class=\"aligncenter size-full wp-image-676213\" src=\"https:\/\/www.hashtag.al\/wp-content\/uploads\/2024\/05\/https___cloudfront-us-east-2.images.arcpublishing.com_reuters_32NZR3ZKMZKG7FD3247D3WFB7U.jpg\" alt=\"\" width=\"960\" height=\"639\" srcset=\"https:\/\/www.hashtag.al\/wp-content\/uploads\/2024\/05\/https___cloudfront-us-east-2.images.arcpublishing.com_reuters_32NZR3ZKMZKG7FD3247D3WFB7U.jpg 960w, https:\/\/www.hashtag.al\/wp-content\/uploads\/2024\/05\/https___cloudfront-us-east-2.images.arcpublishing.com_reuters_32NZR3ZKMZKG7FD3247D3WFB7U-300x200.jpg 300w, https:\/\/www.hashtag.al\/wp-content\/uploads\/2024\/05\/https___cloudfront-us-east-2.images.arcpublishing.com_reuters_32NZR3ZKMZKG7FD3247D3WFB7U-768x511.jpg 768w\" sizes=\"auto, (max-width: 960px) 100vw, 960px\" \/><\/p>\n<p><span style=\"color: #000000;\">Lajmi shkaktoi brohoritje dhe k\u00ebng\u00eb nga qindra mb\u00ebshtet\u00ebs q\u00eb ishin mbledhur jasht\u00eb gjykat\u00ebs duke lidhur shirita t\u00eb verdh\u00eb n\u00eb kangjellat e hekurta e duke mbajtur pankarta teksa th\u00ebrrisnin <em>&#8220;Liro, liro Julian Assange&#8221;.<\/em><\/span><\/p>\n<p><span style=\"color: #000000;\">Vet\u00eb Assange nuk ishte i pranish\u00ebm, p\u00ebr arsye sh\u00ebndet\u00ebsore sipas avokatit. Por gruaja e tij Stella, e cila foli me t\u00eb pas vendimit, tha se ai ishte &#8220;qart\u00ebsisht i leht\u00ebsuar&#8221;, pasi nuk mund t\u00eb flinte fare.<\/span><\/p>\n<p><span style=\"color: #000000;\">&#8220;Ne nuk e dim\u00eb se sa do zgjas\u00eb kjo dhe do ket\u00eb padyshim nj\u00eb ndikim t\u00eb madh te ai,&#8221; tha Stella, e cila kishte qen\u00eb n\u00eb seanc\u00ebn n\u00eb gjykat\u00eb me v\u00ebllain dhe baban\u00eb e Assange.<\/span><\/p>\n<p><span style=\"color: #000000;\">Ajo tha se vendimi sh\u00ebnoi nj\u00eb pik\u00eb kthese.<\/span><\/p>\n<p><span style=\"color: #000000;\"><em>\u201cShpresoj q\u00eb administrata e SHBA-s\u00eb ta shikoj\u00eb k\u00ebt\u00eb rast dhe t\u00eb vendos\u00eb se duhet t\u00eb mbyllet\u201d,<\/em> tha ajo. &#8220;Sinjalet jan\u00eb t\u00eb qarta se \u00ebsht\u00eb koha p\u00ebr ta mbyllur at\u00eb.&#8221;<\/span><\/p>\n<p><span style=\"color: #000000;\">Departamenti Amerikan i Drejt\u00ebsis\u00eb nuk pranoi t\u00eb komentoj\u00eb mbi nj\u00eb \u00e7\u00ebshtje gjyq\u00ebsore n\u00eb pritje.<\/span><\/p>\n<p><span style=\"color: #000000;\">N\u00ebse vendimi i s\u00eb h\u00ebn\u00ebs do ishte kund\u00ebr tij, ekipi i Assange tha se ai mund t\u00eb kishte qen\u00eb n\u00eb nj\u00eb aeroplan p\u00ebr n\u00eb SHBA brenda 24 or\u00ebve, duke i dh\u00ebn\u00eb fund m\u00eb shum\u00eb se 13 viteve beteja ligjore n\u00eb Britani.<\/span><\/p>\n<p><span style=\"color: #000000;\">Mund t\u00eb kalojn\u00eb shum\u00eb muaj derisa t\u00eb shqyrtohet apeli dhe m\u00eb pas ai vendim mund t\u00eb merret n\u00eb Gjykat\u00ebn e Lart\u00eb t\u00eb Mbret\u00ebris\u00eb s\u00eb Bashkuar.<\/span><\/p>\n<p><img loading=\"lazy\" decoding=\"async\" class=\"aligncenter size-full wp-image-676214\" src=\"https:\/\/www.hashtag.al\/wp-content\/uploads\/2024\/05\/https___cloudfront-us-east-2.images.arcpublishing.com_reuters_65ORLURC65IWLPANZARRU4VJ4A.jpg\" alt=\"\" width=\"960\" height=\"640\" srcset=\"https:\/\/www.hashtag.al\/wp-content\/uploads\/2024\/05\/https___cloudfront-us-east-2.images.arcpublishing.com_reuters_65ORLURC65IWLPANZARRU4VJ4A.jpg 960w, https:\/\/www.hashtag.al\/wp-content\/uploads\/2024\/05\/https___cloudfront-us-east-2.images.arcpublishing.com_reuters_65ORLURC65IWLPANZARRU4VJ4A-300x200.jpg 300w, https:\/\/www.hashtag.al\/wp-content\/uploads\/2024\/05\/https___cloudfront-us-east-2.images.arcpublishing.com_reuters_65ORLURC65IWLPANZARRU4VJ4A-768x512.jpg 768w\" sizes=\"auto, (max-width: 960px) 100vw, 960px\" \/><\/p>\n<p><span style=\"color: #000000;\"><strong>P\u00ebrfaq\u00ebsuesit amerikan\u00eb d\u00ebshtuan t\u00eb bindin gjyqtar\u00ebt britanik\u00eb p\u00ebr garancit\u00eb e k\u00ebrkuara<\/strong><\/span><\/p>\n<p><span style=\"color: #000000;\">Prokuror\u00ebt amerikan\u00eb i kishin th\u00ebn\u00eb gjykat\u00ebs q\u00eb Assange mund t\u00eb &#8220;k\u00ebrkonte t\u00eb mb\u00ebshtetej&#8221; n\u00eb mbrojtjen e Amendamentit t\u00eb Par\u00eb q\u00eb u jepet qytetar\u00ebve amerikan\u00eb dhe se nuk do diskriminohej p\u00ebr shkak t\u00eb komb\u00ebsis\u00eb s\u00eb tij. Por ekipi i tij ligjor tha se nj\u00eb gjykat\u00eb amerikane nuk do detyrohej nga kjo.<\/span><\/p>\n<p><span style=\"color: #000000;\"><em>&#8220;Ne themi se kjo \u00ebsht\u00eb nj\u00eb garanci e pap\u00ebrshtatshme,&#8221;<\/em> tha avokati i Assange, Ed\u00ebard Fitzgerald para gjyqtar\u00ebve.<\/span><\/p>\n<p><span style=\"color: #000000;\">Nd\u00ebrsa SHBA-ja kishte dh\u00ebn\u00eb garancit\u00eb, ajo e b\u00ebri k\u00ebt\u00eb me nj\u00eb s\u00ebr\u00eb kushtesh. Pala amerikane premtoi t\u00eb mos e vendoste menj\u00ebher\u00eb Assange n\u00eb nj\u00eb burg t\u00eb siguris\u00eb maksimale, por rezervoi t\u00eb drejt\u00ebn p\u00ebr ta b\u00ebr\u00eb k\u00ebt\u00eb bazuar n\u00eb sjelljen e tij.<\/span><\/p>\n<p><span style=\"color: #000000;\">Prokuror\u00ebt amerikan\u00eb deklaruan gjithashtu se themeluesi i WikiLeaks do ishte n\u00eb gjendje t\u00eb mb\u00ebshtetej n\u00eb t\u00eb drejt\u00ebn e Amendamentit t\u00eb Par\u00eb p\u00ebr fjal\u00ebn e lir\u00eb gjat\u00eb gjyqit, por vun\u00eb n\u00eb dukje se zbatueshm\u00ebria e tij do ishte &#8220;ekskluzivisht n\u00eb kompetenc\u00ebn e gjykatave amerikane&#8221;.<\/span><\/p>\n<p><span style=\"color: #000000;\">Gjykata gjithashtu arriti n\u00eb p\u00ebrfundimin se apelimi i Assange duhet t\u00eb zbatohet p\u00ebr t\u00eb 18 pikat, jo vet\u00ebm p\u00ebr tre, si\u00e7 kishin argumentuar prokuror\u00ebt. Megjithat\u00eb, Fitzgerald pranoi nj\u00eb garanci t\u00eb ve\u00e7ant\u00eb t\u00eb SHBA-s\u00eb se Assange nuk do p\u00ebrballej me d\u00ebnimin me vdekje.<\/span><\/p>\n<p><span style=\"color: #000000;\">WikiLeaks publikoi qindra mij\u00ebra dokumente t\u00eb klasifikuara ushtarake amerikane mbi luft\u00ebrat e Uashingtonit n\u00eb Afganistan dhe Irak, s\u00eb bashku me nj\u00eb s\u00ebr\u00eb kabllogramesh diplomatike.<\/span><\/p>\n<p><img loading=\"lazy\" decoding=\"async\" class=\"aligncenter size-full wp-image-676216\" src=\"https:\/\/www.hashtag.al\/wp-content\/uploads\/2024\/05\/https___cloudfront-us-east-2.images.arcpublishing.com_reuters_72QFYQYIANOKZIG7A2ZZ67FORQ.jpg\" alt=\"\" width=\"960\" height=\"670\" srcset=\"https:\/\/www.hashtag.al\/wp-content\/uploads\/2024\/05\/https___cloudfront-us-east-2.images.arcpublishing.com_reuters_72QFYQYIANOKZIG7A2ZZ67FORQ.jpg 960w, https:\/\/www.hashtag.al\/wp-content\/uploads\/2024\/05\/https___cloudfront-us-east-2.images.arcpublishing.com_reuters_72QFYQYIANOKZIG7A2ZZ67FORQ-300x209.jpg 300w, https:\/\/www.hashtag.al\/wp-content\/uploads\/2024\/05\/https___cloudfront-us-east-2.images.arcpublishing.com_reuters_72QFYQYIANOKZIG7A2ZZ67FORQ-768x536.jpg 768w, https:\/\/www.hashtag.al\/wp-content\/uploads\/2024\/05\/https___cloudfront-us-east-2.images.arcpublishing.com_reuters_72QFYQYIANOKZIG7A2ZZ67FORQ-360x252.jpg 360w\" sizes=\"auto, (max-width: 960px) 100vw, 960px\" \/><\/p>\n<p><span style=\"color: #000000;\">N\u00eb prill 2010, ai publikoi nj\u00eb video t\u00eb klasifikuar q\u00eb tregonte nj\u00eb sulm me helikopter t\u00eb vitit 2007 t\u00eb SHBA q\u00eb vrau nj\u00eb duzin\u00eb njer\u00ebz n\u00eb kryeqytetin irakian, Bagdad, p\u00ebrfshir\u00eb dy gazetar\u00eb t\u00eb Reuters.<\/span><\/p>\n<p><span style=\"color: #000000;\">Autoritetet amerikane thon\u00eb se veprimet e Assange me WikiLeaks ishin t\u00eb pamatura, d\u00ebmtuan sigurin\u00eb komb\u00ebtare dhe rrezikuan jet\u00ebn e agjent\u00ebve.<\/span><\/p>\n<p><span style=\"color: #000000;\">Assange u arrestua p\u00ebr her\u00eb t\u00eb par\u00eb n\u00eb Britani n\u00eb vitin 2010 me nj\u00eb urdh\u00ebr suedez mbi akuzat p\u00ebr krime seksuale, t\u00eb cilat m\u00eb von\u00eb u hodh\u00ebn posht\u00eb.<\/span><\/p>\n<p><span style=\"color: #000000;\">Q\u00eb at\u00ebher\u00eb, ai ka qen\u00eb n\u00eb m\u00ebnyra t\u00eb ndryshme n\u00eb arrest sht\u00ebpie, i mbajtur n\u00eb ambasad\u00ebn e Ekuadorit n\u00eb Lond\u00ebr p\u00ebr shtat\u00eb vjet dhe, q\u00eb nga viti 2019, \u00ebsht\u00eb mbajtur n\u00eb burgun e siguris\u00eb s\u00eb lart\u00eb n\u00eb Belmarsh.<\/span><\/p>\n<p><span style=\"color: #000000;\">Ai u martua me bashk\u00ebshorten e tij Stella atje n\u00eb vitin 2022 dhe \u00e7ifti kan\u00eb dy f\u00ebmij\u00eb t\u00eb vegj\u00ebl.<\/span><\/p>\n<p><span style=\"color: #000000;\"><span style=\"color: #ff0000;\"><strong>VINI RE<\/strong><\/span>: Kym atrial \u00ebsht\u00eb pron\u00ebsi inteleketuale e <span style=\"color: #0000ff;\"><a style=\"color: #0000ff;\" href=\"https:\/\/www.reuters.com\/world\/wikileaks-julian-assange-faces-us-extradition-judgment-day-2024-05-19\/\">Reuters<\/a><\/span><\/span><\/p>\n<p><span style=\"color: #000000;\">P\u00ebrgatiti p\u00ebr <span style=\"color: #0000ff;\">Hashtag.al,<\/span> Klodian Manjani<\/span><\/p>\n","protected":false,"gt_translate_keys":[{"key":"rendered","format":"html"}]},"excerpt":{"rendered":"<p>Themeluesit t\u00eb WikiLeaks, Julian Assange, iu dha leja t\u00eb h\u00ebn\u00ebn p\u00ebr t\u00eb apeluar kund\u00ebr ekstradimit n\u00eb Shtetet e Bashkuara, pasi argumentoi n\u00eb Gjykat\u00ebn e Lart\u00eb t\u00eb Londr\u00ebs se ai mund t\u00eb mos jet\u00eb n\u00eb gjendje t\u00eb mb\u00ebshtetet n\u00eb t\u00eb drejt\u00ebn e tij p\u00ebr lirin\u00eb e fjal\u00ebs n\u00eb nj\u00eb gjykat\u00eb amerikane. Assange, i lindur n\u00eb Australi, [&hellip;]<\/p>\n","protected":false,"gt_translate_keys":[{"key":"rendered","format":"html"}]},"author":51,"featured_media":676212,"comment_status":"closed","ping_status":"open","sticky":false,"template":"","format":"standard","meta":{"footnotes":""},"categories":[22],"tags":[],"class_list":["post-676211","post","type-post","status-publish","format-standard","has-post-thumbnail","hentry","category-ballina"],"gt_translate_keys":[{"key":"link","format":"url"}],"_links":{"self":[{"href":"https:\/\/www.hashtag.al\/index.php\/wp-json\/wp\/v2\/posts\/676211","targetHints":{"allow":["GET"]}}],"collection":[{"href":"https:\/\/www.hashtag.al\/index.php\/wp-json\/wp\/v2\/posts"}],"about":[{"href":"https:\/\/www.hashtag.al\/index.php\/wp-json\/wp\/v2\/types\/post"}],"author":[{"embeddable":true,"href":"https:\/\/www.hashtag.al\/index.php\/wp-json\/wp\/v2\/users\/51"}],"replies":[{"embeddable":true,"href":"https:\/\/www.hashtag.al\/index.php\/wp-json\/wp\/v2\/comments?post=676211"}],"version-history":[{"count":0,"href":"https:\/\/www.hashtag.al\/index.php\/wp-json\/wp\/v2\/posts\/676211\/revisions"}],"wp:featuredmedia":[{"embeddable":true,"href":"https:\/\/www.hashtag.al\/index.php\/wp-json\/wp\/v2\/media\/676212"}],"wp:attachment":[{"href":"https:\/\/www.hashtag.al\/index.php\/wp-json\/wp\/v2\/media?parent=676211"}],"wp:term":[{"taxonomy":"category","embeddable":true,"href":"https:\/\/www.hashtag.al\/index.php\/wp-json\/wp\/v2\/categories?post=676211"},{"taxonomy":"post_tag","embeddable":true,"href":"https:\/\/www.hashtag.al\/index.php\/wp-json\/wp\/v2\/tags?post=676211"}],"curies":[{"name":"wp","href":"https:\/\/api.w.org\/{rel}","templated":true}]}}