{"id":676150,"date":"2024-05-20T18:37:19","date_gmt":"2024-05-20T16:37:19","guid":{"rendered":"https:\/\/www.hashtag.al\/?p=676150"},"modified":"2024-05-20T18:37:19","modified_gmt":"2024-05-20T16:37:19","slug":"perjashtohen-dy-efektive-te-policise-se-shtetit-te-perfshire-me-grupe-kriminale","status":"publish","type":"post","link":"https:\/\/www.hashtag.al\/index.php\/2024\/05\/20\/perjashtohen-dy-efektive-te-policise-se-shtetit-te-perfshire-me-grupe-kriminale\/","title":{"rendered":"P\u00ebrjashtohen dy efektiv\u00eb t\u00eb Policis\u00eb s\u00eb Shtetit t\u00eb p\u00ebrfshir\u00eb me grupe kriminale","gt_translate_keys":[{"key":"rendered","format":"text"}]},"content":{"rendered":"<p style=\"text-align: left;\"><span style=\"color: #000000;\"><img loading=\"lazy\" decoding=\"async\" class=\"size-full wp-image-674227 aligncenter\" src=\"https:\/\/www.hashtag.al\/wp-content\/uploads\/2024\/05\/1693655591_policiaetiranes_sd-770x433-1-768x432-1.webp\" alt=\"\" width=\"768\" height=\"432\" srcset=\"https:\/\/www.hashtag.al\/wp-content\/uploads\/2024\/05\/1693655591_policiaetiranes_sd-770x433-1-768x432-1.webp 768w, https:\/\/www.hashtag.al\/wp-content\/uploads\/2024\/05\/1693655591_policiaetiranes_sd-770x433-1-768x432-1-300x169.webp 300w\" sizes=\"auto, (max-width: 768px) 100vw, 768px\" \/><\/span><\/p>\n<p style=\"text-align: left;\"><span style=\"color: #000000;\">P\u00ebrjashtohen nga Policia e Shtetit 2 punonj\u00ebs p\u00ebr veprime korruptive, sjellje t\u00eb r\u00ebnd\u00eb diskretituese, shkelje t\u00eb r\u00ebnd\u00eb t\u00eb atributeve, shkelje t\u00eb kompetencave dhe mosbindje t\u00eb r\u00ebnd\u00eb.<\/span><\/p>\n<p style=\"text-align: left;\"><span style=\"color: #000000;\">Efektiv\u00ebt e p\u00ebrjashtuar jan\u00eb Henerigert Mitri dhe Klodian Shahini<\/span><\/p>\n<p style=\"text-align: left;\"><span style=\"color: #000000;\">Drejtori i P\u00ebrgjithsh\u00ebm i Policis\u00eb s\u00eb Shtetit, Drejtues Madhor Muhamet Rrumbullaku, firmosi mas\u00ebn disiplinore \u201cp\u00ebrjashtim nga policia\u201d p\u00ebr dy punonj\u00ebs, p\u00ebr t\u00eb cil\u00ebt Gjykata e Posa\u00e7me e Shkall\u00ebs s\u00eb Par\u00eb p\u00ebr Korrupsionin dhe Krimin e Organizuar ka caktuar mas\u00eb sigurimi personal. P\u00ebrjashtimi i tyre nga Policia e Shtetit \u00ebsht\u00eb b\u00ebr\u00eb p\u00ebr veprime korruptive, sjellje t\u00eb r\u00ebnd\u00eb diskretituese, shkelje t\u00eb r\u00ebnd\u00eb t\u00eb atributeve, shkelje t\u00eb kompetencave t\u00eb policis\u00eb dhe mosbindje t\u00eb r\u00ebnd\u00eb.<\/span><\/p>\n<p style=\"text-align: left;\"><span style=\"color: #000000;\">Pas firmosjes s\u00eb urdhrave t\u00eb p\u00ebrjashtimit, Drejtori i P\u00ebrgjithsh\u00ebm i Policis\u00eb s\u00eb Shtetit, Drejtues Madhor Muhamet Rrumbullaku, u shpreh:<\/span><\/p>\n<p style=\"text-align: left;\"><span style=\"color: #000000;\">N\u00eb radh\u00ebt e Policis\u00eb s\u00eb Shtetit nuk do t\u00eb ket\u00eb vend p\u00ebr ask\u00ebnd q\u00eb shkel ligjin dhe, m\u00eb keq akoma, bashk\u00ebpunon me grupet kriminale. Fal\u00ebnderoj Prokurorin\u00eb e Posa\u00e7me kund\u00ebr Korrupsionit dhe Krimit t\u00eb Organizuar dhe Byron\u00eb Komb\u00ebtare t\u00eb Hetimit p\u00ebr bashk\u00ebpunimin profesional n\u00eb p\u00ebrpjekjet e p\u00ebrbashk\u00ebta p\u00ebr goditjen e krimit t\u00eb organizuar dhe v\u00ebnien p\u00ebrpara drejt\u00ebsis\u00eb t\u00eb kujtdo q\u00eb tenton t\u2019i shmanget asaj\u201d.<\/span><\/p>\n<p style=\"text-align: left;\"><span style=\"color: #000000;\">Bazuar n\u00eb ligjin 108\/2014 \u201cP\u00ebr Policin\u00eb e Shtetit\u201d dhe Rregulloren e Policis\u00eb s\u00eb Shtetit, u vendos p\u00ebrjashtimi nga policia p\u00ebr:<\/span><\/p>\n<p style=\"text-align: left;\"><span style=\"color: #000000;\">1- Drejtues H. M., me detyr\u00eb shef i Sektorit t\u00eb Analiz\u00ebs s\u00eb Riskut, n\u00eb Drejtorin\u00eb e Menaxhimit dhe Drejtimit, n\u00eb Departamentin p\u00ebr Sigurin\u00eb Publike, pasi m\u00eb dat\u00eb 15.05.2024, Gjykata e Posa\u00e7me e Shkall\u00ebs s\u00eb Par\u00eb p\u00ebr Korrupsionin dhe Krimin e Organizuar ka caktuar ndaj tij mas\u00ebn e sigurimit personal \u201carrest n\u00eb burg\u201d, parashikuar nga neni 238 i Kodit t\u00eb Procedur\u00ebs Penale, i dyshuar p\u00ebr kryerjen e veprave penale \u201ckultivim i bim\u00ebve narkotike, kryer n\u00eb bashk\u00ebpunim\u201d, \u201cgrup i strukturuar kriminal\u201d, \u201cpjes\u00ebmarrje n\u00eb grup t\u00eb strukturuar kriminal\u201d, \u201ckorrupsion pasiv i personave q\u00eb ushtrojn\u00eb funksione publike\u201d, \u201corganizimi ose ushtrimi i veprimtaris\u00eb s\u00eb lojrave t\u00eb fatit n\u00eb kund\u00ebrshtim me ligjin\u201d dhe \u201cshp\u00ebrdorim i detyr\u00ebs\u201d, parashikuar nga nenet 283\/1, 28\/4, 333\/a\/1, 334, 259, 197\/3 dhe 248 t\u00eb Kodit Penal.<\/span><\/p>\n<p style=\"text-align: left;\"><span style=\"color: #000000;\">2 \u2013 Komisar K. SH., me detyr\u00eb shef i Seksionit t\u00eb Policimit n\u00eb Komunitet dhe Sh\u00ebrbimit ndaj t\u00eb Tret\u00ebve, n\u00eb Drejtorin\u00eb Vendore t\u00eb Policis\u00eb, Dib\u00ebr, pasi m\u00eb dat\u00eb 15.05.2024, Gjykata e Posa\u00e7me e Shkall\u00ebs s\u00eb Par\u00eb p\u00ebr Korrupsionin dhe Krimin e Organizuar ka caktuar ndaj tij mas\u00ebn e sigurimit personal \u201carrest n\u00eb burg\u201d, parashikuar nga neni 238 i Kodit t\u00eb Procedur\u00ebs Penale, i dyshuar p\u00ebr kryerjen e veprave penale \u201csigurimi i kushteve dhe i mjeteve p\u00ebr t\u00eb kryer vrasje\u201d, kryer n\u00eb form\u00ebn e ve\u00e7ant\u00eb t\u00eb bashk\u00ebpunimit, at\u00eb t\u00eb grupit t\u00eb strukturuar kriminal, \u201cgrup i strukturuar kriminal\u201d, \u201cpjes\u00ebmarrje n\u00eb grup t\u00eb strukturuar kriminal\u201d dhe \u201ckultivimi i bim\u00ebve narkotike\u201d, kryer n\u00eb form\u00ebn e bashk\u00ebpunimit at\u00eb t\u00eb grupit t\u00eb strukturuar kriminal, parashikuar nga nenet 80, 284, 28\/4, 333\/a\/1 e 334 t\u00eb Kodit Penal.<\/span><\/p>\n","protected":false,"gt_translate_keys":[{"key":"rendered","format":"html"}]},"excerpt":{"rendered":"<p>P\u00ebrjashtohen nga Policia e Shtetit 2 punonj\u00ebs p\u00ebr veprime korruptive, sjellje t\u00eb r\u00ebnd\u00eb diskretituese, shkelje t\u00eb r\u00ebnd\u00eb t\u00eb atributeve, shkelje t\u00eb kompetencave dhe mosbindje t\u00eb r\u00ebnd\u00eb. Efektiv\u00ebt e p\u00ebrjashtuar jan\u00eb Henerigert Mitri dhe Klodian Shahini Drejtori i P\u00ebrgjithsh\u00ebm i Policis\u00eb s\u00eb Shtetit, Drejtues Madhor Muhamet Rrumbullaku, firmosi mas\u00ebn disiplinore \u201cp\u00ebrjashtim nga policia\u201d p\u00ebr dy punonj\u00ebs, [&hellip;]<\/p>\n","protected":false,"gt_translate_keys":[{"key":"rendered","format":"html"}]},"author":4,"featured_media":674227,"comment_status":"closed","ping_status":"open","sticky":false,"template":"","format":"standard","meta":{"footnotes":""},"categories":[65],"tags":[],"class_list":["post-676150","post","type-post","status-publish","format-standard","has-post-thumbnail","hentry","category-lajme"],"gt_translate_keys":[{"key":"link","format":"url"}],"_links":{"self":[{"href":"https:\/\/www.hashtag.al\/index.php\/wp-json\/wp\/v2\/posts\/676150","targetHints":{"allow":["GET"]}}],"collection":[{"href":"https:\/\/www.hashtag.al\/index.php\/wp-json\/wp\/v2\/posts"}],"about":[{"href":"https:\/\/www.hashtag.al\/index.php\/wp-json\/wp\/v2\/types\/post"}],"author":[{"embeddable":true,"href":"https:\/\/www.hashtag.al\/index.php\/wp-json\/wp\/v2\/users\/4"}],"replies":[{"embeddable":true,"href":"https:\/\/www.hashtag.al\/index.php\/wp-json\/wp\/v2\/comments?post=676150"}],"version-history":[{"count":0,"href":"https:\/\/www.hashtag.al\/index.php\/wp-json\/wp\/v2\/posts\/676150\/revisions"}],"wp:featuredmedia":[{"embeddable":true,"href":"https:\/\/www.hashtag.al\/index.php\/wp-json\/wp\/v2\/media\/674227"}],"wp:attachment":[{"href":"https:\/\/www.hashtag.al\/index.php\/wp-json\/wp\/v2\/media?parent=676150"}],"wp:term":[{"taxonomy":"category","embeddable":true,"href":"https:\/\/www.hashtag.al\/index.php\/wp-json\/wp\/v2\/categories?post=676150"},{"taxonomy":"post_tag","embeddable":true,"href":"https:\/\/www.hashtag.al\/index.php\/wp-json\/wp\/v2\/tags?post=676150"}],"curies":[{"name":"wp","href":"https:\/\/api.w.org\/{rel}","templated":true}]}}