{"id":675915,"date":"2024-05-19T18:35:36","date_gmt":"2024-05-19T16:35:36","guid":{"rendered":"https:\/\/www.hashtag.al\/?p=675915"},"modified":"2024-05-19T18:36:01","modified_gmt":"2024-05-19T16:36:01","slug":"dy-te-vdekur-dhe-pese-te-zhdukur-pas-nje-perplasje-me-varke-ne-budapestit","status":"publish","type":"post","link":"https:\/\/www.hashtag.al\/index.php\/2024\/05\/19\/dy-te-vdekur-dhe-pese-te-zhdukur-pas-nje-perplasje-me-varke-ne-budapestit\/","title":{"rendered":"Dy t\u00eb vdekur dhe pes\u00eb t\u00eb zhdukur pas nj\u00eb p\u00ebrplasje me vark\u00eb n\u00eb Budapest","gt_translate_keys":[{"key":"rendered","format":"text"}]},"content":{"rendered":"<p><span style=\"color: #000000;\"><a href=\"https:\/\/www.hashtag.al\/wp-content\/uploads\/2024\/05\/Screenshot-2024-05-19-182601.png\"><img loading=\"lazy\" decoding=\"async\" class=\"aligncenter size-full wp-image-675916\" src=\"https:\/\/www.hashtag.al\/wp-content\/uploads\/2024\/05\/Screenshot-2024-05-19-182601.png\" alt=\"\" width=\"772\" height=\"457\" srcset=\"https:\/\/www.hashtag.al\/wp-content\/uploads\/2024\/05\/Screenshot-2024-05-19-182601.png 772w, https:\/\/www.hashtag.al\/wp-content\/uploads\/2024\/05\/Screenshot-2024-05-19-182601-300x178.png 300w, https:\/\/www.hashtag.al\/wp-content\/uploads\/2024\/05\/Screenshot-2024-05-19-182601-768x455.png 768w\" sizes=\"auto, (max-width: 772px) 100vw, 772px\" \/><\/a><\/span><\/p>\n<p><span style=\"color: #000000;\">Policia hungareze thot\u00eb se dy persona kan\u00eb vdekur dhe pes\u00eb t\u00eb tjer\u00eb jan\u00eb zhdukur pas nj\u00eb p\u00ebrplasjeje me vark\u00eb n\u00eb Danub.<\/span><\/p>\n<p><span style=\"color: #000000;\">Policia hungareze mori nj\u00eb raport von\u00eb t\u00eb shtun\u00ebn mbr\u00ebma se nj\u00eb burr\u00eb ishte gjetur i gjakosur nga koka n\u00eb bregun e lumit pran\u00eb qytetit Ver\u0151ce, rreth 30 milje (50 km) n\u00eb veri t\u00eb kryeqytetit, Budapestit.<\/span><\/p>\n<p><span style=\"color: #000000;\">Trupat e nj\u00eb burri dhe nj\u00eb gruaje u zbuluan m\u00eb von\u00eb aty pran\u00eb, sipas <span style=\"color: #0000ff;\"><a style=\"color: #0000ff;\" href=\"https:\/\/www.theguardian.com\/world\/article\/2024\/may\/19\/dead-and-missing-after-boat-collision-near-budapest-hungary\">The Guardian.<\/a><\/span><\/span><\/p>\n<p><span style=\"color: #000000;\">Disa or\u00eb pasi policia filloi k\u00ebrkimin e saj, ata zbuluan nj\u00eb vark\u00eb t\u00eb d\u00ebmtuar n\u00eb uj\u00eb, t\u00eb cil\u00ebn e t\u00ebrhoq\u00ebn n\u00eb breg. Ata jan\u00eb ende n\u00eb k\u00ebrkim t\u00eb pes\u00eb t\u00eb rriturve \u2013 tre burra dhe dy gra \u2013 q\u00eb besohet se ishin n\u00eb vark\u00eb.<\/span><\/p>\n<p><span style=\"color: #000000;\">Danubi n\u00eb Ver\u0151ce \u00ebsht\u00eb af\u00ebrsisht 460 metra i gjer\u00eb dhe \u00ebsht\u00eb n\u00eb qend\u00ebr t\u00eb nj\u00eb zone t\u00eb quajtur kthesa e Danubit, ku lumi b\u00ebn nj\u00eb kthes\u00eb gjith\u00ebp\u00ebrfshir\u00ebse, gati 90 grad\u00eb n\u00eb jug. Zona \u00ebsht\u00eb nj\u00eb destinacion popullor rekreativ dhe sh\u00ebtit\u00ebs me vark\u00eb dhe \u00ebsht\u00eb n\u00eb nj\u00eb rrug\u00eb q\u00eb shpesh p\u00ebrdoret nga anijet e lundrimit midis Budapestit dhe kryeqytetit austriak, Vjen\u00ebs, 140 milje lart lumit.<\/span><\/p>\n<p><span style=\"color: #000000;\">Aksidenti vdekjeprur\u00ebs vjen pes\u00eb vjet pasi t\u00eb pakt\u00ebn 27 persona u vran\u00eb n\u00eb Budapest kur nj\u00eb anije lundrimi n\u00eb lum\u00eb u p\u00ebrplas me nj\u00eb anije turistike m\u00eb t\u00eb vog\u00ebl, duke e fundosur at\u00eb brenda disa sekondash.<\/span><\/p>\n<p><span style=\"color: #000000;\">Anija turistike Mermaid, me 35 persona q\u00eb ishin kryesisht turist\u00eb t\u00eb Kores\u00eb s\u00eb Jugut, u kap nga pas nga varka shum\u00eb m\u00eb e madhe e lundrimit, Viking Sigyn, n\u00ebn Ur\u00ebn Margaret t\u00eb Budapestit, n\u00eb maj 2019.<\/span><\/p>\n<p><span style=\"color: #000000;\">Kapiteni ukrainas i Viking Sigyn vitin e kaluar u shpall fajtor p\u00ebr neglizhenc\u00eb q\u00eb \u00e7oi n\u00eb nj\u00eb katastrof\u00eb masive fatale dhe u d\u00ebnua me pes\u00eb vjet e gjasht\u00eb muaj burg. Ai ka apeluar kund\u00ebr vendimit.<\/span><\/p>\n<p><span style=\"color: #000000;\">Policia tha t\u00eb diel\u00ebn se kishte nisur nj\u00eb procedim penal ndaj nj\u00eb autori t\u00eb panjohur n\u00ebn dyshimin se ka rrezikuar transportin ujor dhe ka shkaktuar vdekjen e disa personave.<\/span><\/p>\n<p><span style=\"color: #000000;\">Nj\u00eb z\u00ebdh\u00ebn\u00ebs i drejtoris\u00eb s\u00eb p\u00ebrgjithshme p\u00ebr menaxhimin e fatkeq\u00ebsive tha p\u00ebr agjencin\u00eb hungareze t\u00eb lajmeve MTI se nj\u00eb grup prej afro 90 personash nga disa agjenci rajonale p\u00ebr menaxhimin e fatkeq\u00ebsive po kryenin k\u00ebrkimin e personave t\u00eb zhdukur nga toka, uji dhe qielli.<\/span><\/p>\n<p><span style=\"color: #000000;\">Dymb\u00ebdhjet\u00eb varka dhe tre drone u p\u00ebrfshin\u00eb n\u00eb k\u00ebrkim, si dhe dy zhyt\u00ebs shp\u00ebtimi.<\/span><\/p>\n","protected":false,"gt_translate_keys":[{"key":"rendered","format":"html"}]},"excerpt":{"rendered":"<p>Policia hungareze thot\u00eb se dy persona kan\u00eb vdekur dhe pes\u00eb t\u00eb tjer\u00eb jan\u00eb zhdukur pas nj\u00eb p\u00ebrplasjeje me vark\u00eb n\u00eb Danub. Policia hungareze mori nj\u00eb raport von\u00eb t\u00eb shtun\u00ebn mbr\u00ebma se nj\u00eb burr\u00eb ishte gjetur i gjakosur nga koka n\u00eb bregun e lumit pran\u00eb qytetit Ver\u0151ce, rreth 30 milje (50 km) n\u00eb veri t\u00eb kryeqytetit, [&hellip;]<\/p>\n","protected":false,"gt_translate_keys":[{"key":"rendered","format":"html"}]},"author":32,"featured_media":675916,"comment_status":"closed","ping_status":"open","sticky":false,"template":"","format":"standard","meta":{"footnotes":""},"categories":[6],"tags":[],"class_list":["post-675915","post","type-post","status-publish","format-standard","has-post-thumbnail","hentry","category-nderkombetare"],"gt_translate_keys":[{"key":"link","format":"url"}],"_links":{"self":[{"href":"https:\/\/www.hashtag.al\/index.php\/wp-json\/wp\/v2\/posts\/675915","targetHints":{"allow":["GET"]}}],"collection":[{"href":"https:\/\/www.hashtag.al\/index.php\/wp-json\/wp\/v2\/posts"}],"about":[{"href":"https:\/\/www.hashtag.al\/index.php\/wp-json\/wp\/v2\/types\/post"}],"author":[{"embeddable":true,"href":"https:\/\/www.hashtag.al\/index.php\/wp-json\/wp\/v2\/users\/32"}],"replies":[{"embeddable":true,"href":"https:\/\/www.hashtag.al\/index.php\/wp-json\/wp\/v2\/comments?post=675915"}],"version-history":[{"count":0,"href":"https:\/\/www.hashtag.al\/index.php\/wp-json\/wp\/v2\/posts\/675915\/revisions"}],"wp:featuredmedia":[{"embeddable":true,"href":"https:\/\/www.hashtag.al\/index.php\/wp-json\/wp\/v2\/media\/675916"}],"wp:attachment":[{"href":"https:\/\/www.hashtag.al\/index.php\/wp-json\/wp\/v2\/media?parent=675915"}],"wp:term":[{"taxonomy":"category","embeddable":true,"href":"https:\/\/www.hashtag.al\/index.php\/wp-json\/wp\/v2\/categories?post=675915"},{"taxonomy":"post_tag","embeddable":true,"href":"https:\/\/www.hashtag.al\/index.php\/wp-json\/wp\/v2\/tags?post=675915"}],"curies":[{"name":"wp","href":"https:\/\/api.w.org\/{rel}","templated":true}]}}