{"id":675882,"date":"2024-05-19T16:12:52","date_gmt":"2024-05-19T14:12:52","guid":{"rendered":"https:\/\/www.hashtag.al\/?p=675882"},"modified":"2024-05-19T16:13:36","modified_gmt":"2024-05-19T14:13:36","slug":"lushnje-82-vjecari-plagos-te-bijen-me-arme-gjahu-e-me-pas-vrau-veten","status":"publish","type":"post","link":"https:\/\/www.hashtag.al\/index.php\/2024\/05\/19\/lushnje-82-vjecari-plagos-te-bijen-me-arme-gjahu-e-me-pas-vrau-veten\/","title":{"rendered":"Lushnje, 82-vje\u00e7ari plagos t\u00eb bij\u00ebn me arm\u00eb gjahu e m\u00eb pas vret veten","gt_translate_keys":[{"key":"rendered","format":"text"}]},"content":{"rendered":"<p><span style=\"color: #000000;\"><a href=\"https:\/\/www.hashtag.al\/wp-content\/uploads\/2024\/05\/800-0-auto_ambulanca11635955846.webp\"><img loading=\"lazy\" decoding=\"async\" class=\"aligncenter size-full wp-image-672211\" src=\"https:\/\/www.hashtag.al\/wp-content\/uploads\/2024\/05\/800-0-auto_ambulanca11635955846.webp\" alt=\"\" width=\"800\" height=\"516\" srcset=\"https:\/\/www.hashtag.al\/wp-content\/uploads\/2024\/05\/800-0-auto_ambulanca11635955846.webp 800w, https:\/\/www.hashtag.al\/wp-content\/uploads\/2024\/05\/800-0-auto_ambulanca11635955846-300x194.webp 300w, https:\/\/www.hashtag.al\/wp-content\/uploads\/2024\/05\/800-0-auto_ambulanca11635955846-768x495.webp 768w\" sizes=\"auto, (max-width: 800px) 100vw, 800px\" \/><\/a><\/span><\/p>\n<p><span style=\"color: #000000;\">Nj\u00eb ngjarje e r\u00ebnd\u00eb ka ndodhur pak m\u00eb par\u00eb n\u00eb qytetin e Lushnjes, pasi j\u00eb 82-vje\u00e7ar ka plagosur me arm\u00eb gjahu t\u00eb bij\u00ebn e m\u00eb pas ka vrar\u00eb veten.<\/span><\/p>\n<p><span style=\"color: #000000;\">Policia njofton se 40-vje\u00e7arja e plagosur momentalisht \u00ebsht\u00eb n\u00ebn kujdesin e mjek\u00ebve ku po merr ndihm\u00ebn e nevojshme mjek\u00ebsore.<\/span><\/p>\n<p>&nbsp;<\/p>\n<p><span style=\"color: #000000;\">M\u00ebsohet se gjendja e saj \u00ebsht\u00eb e r\u00ebnd\u00eb.<\/span><\/p>\n<p>&nbsp;<\/p>\n<p><span style=\"color: #000000;\">Njoftimi i policis\u00eb:<\/span><\/p>\n<p><span style=\"color: #000000;\"><em>Rreth or\u00ebs 15:15, n\u00eb lagjen \u201c18 Tetori\u201d, Lushnj\u00eb, shtetasi B. M., rreth 82 vje\u00e7, dyshohet se pas nj\u00eb konflikti t\u00eb \u00e7astit, ka plagosur me arm\u00eb gjahu t\u00eb cil\u00ebn e dispononte me leje, vajz\u00ebn e tij, shtetasen R. M., rreth 40 vje\u00e7e, dhe m\u00eb pas dyshohet se ka vrar\u00eb veten.<\/em><\/span><\/p>\n<p><span style=\"color: #000000;\"><em>Shtetasja R. M., ndodhet n\u00eb spitalin e Lushnj\u00ebs, n\u00eb kujdesin e mjek\u00ebve, n\u00eb gjendje t\u00eb r\u00ebnd\u00eb sh\u00ebndet\u00ebsore.<\/em><\/span><\/p>\n<p><span style=\"color: #000000;\"><em>Grupi hetimor vijon pun\u00ebn p\u00ebr sqarimin e rrethanave, dhe dokumentimin e plot\u00eb ligjor t\u00eb k\u00ebtij rasti.<\/em><\/span><\/p>\n","protected":false,"gt_translate_keys":[{"key":"rendered","format":"html"}]},"excerpt":{"rendered":"<p>Nj\u00eb ngjarje e r\u00ebnd\u00eb ka ndodhur pak m\u00eb par\u00eb n\u00eb qytetin e Lushnjes, pasi j\u00eb 82-vje\u00e7ar ka plagosur me arm\u00eb gjahu t\u00eb bij\u00ebn e m\u00eb pas ka vrar\u00eb veten. Policia njofton se 40-vje\u00e7arja e plagosur momentalisht \u00ebsht\u00eb n\u00ebn kujdesin e mjek\u00ebve ku po merr ndihm\u00ebn e nevojshme mjek\u00ebsore. &nbsp; M\u00ebsohet se gjendja e saj \u00ebsht\u00eb [&hellip;]<\/p>\n","protected":false,"gt_translate_keys":[{"key":"rendered","format":"html"}]},"author":32,"featured_media":672211,"comment_status":"closed","ping_status":"open","sticky":false,"template":"","format":"standard","meta":{"footnotes":""},"categories":[65],"tags":[],"class_list":["post-675882","post","type-post","status-publish","format-standard","has-post-thumbnail","hentry","category-lajme"],"gt_translate_keys":[{"key":"link","format":"url"}],"_links":{"self":[{"href":"https:\/\/www.hashtag.al\/index.php\/wp-json\/wp\/v2\/posts\/675882","targetHints":{"allow":["GET"]}}],"collection":[{"href":"https:\/\/www.hashtag.al\/index.php\/wp-json\/wp\/v2\/posts"}],"about":[{"href":"https:\/\/www.hashtag.al\/index.php\/wp-json\/wp\/v2\/types\/post"}],"author":[{"embeddable":true,"href":"https:\/\/www.hashtag.al\/index.php\/wp-json\/wp\/v2\/users\/32"}],"replies":[{"embeddable":true,"href":"https:\/\/www.hashtag.al\/index.php\/wp-json\/wp\/v2\/comments?post=675882"}],"version-history":[{"count":0,"href":"https:\/\/www.hashtag.al\/index.php\/wp-json\/wp\/v2\/posts\/675882\/revisions"}],"wp:featuredmedia":[{"embeddable":true,"href":"https:\/\/www.hashtag.al\/index.php\/wp-json\/wp\/v2\/media\/672211"}],"wp:attachment":[{"href":"https:\/\/www.hashtag.al\/index.php\/wp-json\/wp\/v2\/media?parent=675882"}],"wp:term":[{"taxonomy":"category","embeddable":true,"href":"https:\/\/www.hashtag.al\/index.php\/wp-json\/wp\/v2\/categories?post=675882"},{"taxonomy":"post_tag","embeddable":true,"href":"https:\/\/www.hashtag.al\/index.php\/wp-json\/wp\/v2\/tags?post=675882"}],"curies":[{"name":"wp","href":"https:\/\/api.w.org\/{rel}","templated":true}]}}