{"id":675833,"date":"2024-05-19T11:55:13","date_gmt":"2024-05-19T09:55:13","guid":{"rendered":"https:\/\/www.hashtag.al\/?p=675833"},"modified":"2024-05-19T11:55:13","modified_gmt":"2024-05-19T09:55:13","slug":"u-qellua-me-5-plumba-kryeministri-sllovak-robert-fico-ende-ne-gjendje-te-rende","status":"publish","type":"post","link":"https:\/\/www.hashtag.al\/index.php\/2024\/05\/19\/u-qellua-me-5-plumba-kryeministri-sllovak-robert-fico-ende-ne-gjendje-te-rende\/","title":{"rendered":"U q\u00ebllua me 5 plumba, kryeministri sllovak Robert Fico ende n\u00eb gjendje t\u00eb r\u00ebnd\u00eb","gt_translate_keys":[{"key":"rendered","format":"text"}]},"content":{"rendered":"<p><span style=\"color: #000000;\"><img loading=\"lazy\" decoding=\"async\" class=\"aligncenter wp-image-675834 size-full\" src=\"https:\/\/www.hashtag.al\/wp-content\/uploads\/2024\/05\/slovakia_shooting_03.jpg\" alt=\"\" width=\"1920\" height=\"1280\" srcset=\"https:\/\/www.hashtag.al\/wp-content\/uploads\/2024\/05\/slovakia_shooting_03.jpg 1920w, https:\/\/www.hashtag.al\/wp-content\/uploads\/2024\/05\/slovakia_shooting_03-300x200.jpg 300w, https:\/\/www.hashtag.al\/wp-content\/uploads\/2024\/05\/slovakia_shooting_03-1024x683.jpg 1024w, https:\/\/www.hashtag.al\/wp-content\/uploads\/2024\/05\/slovakia_shooting_03-768x512.jpg 768w, https:\/\/www.hashtag.al\/wp-content\/uploads\/2024\/05\/slovakia_shooting_03-1536x1024.jpg 1536w\" sizes=\"auto, (max-width: 1920px) 100vw, 1920px\" \/><\/span><\/p>\n<p><span style=\"color: #000000;\">Kryeministri sllovak Robert Fico mbetet n\u00eb gjendje t\u00eb r\u00ebnd\u00eb dhe ende p\u00ebrballet me rreziqet e komplikimeve t\u00eb mundshme, por \u00ebsht\u00eb stabilizuar, than\u00eb zyrtar\u00ebt t\u00eb shtun\u00ebn, pas atentatit t\u00eb s\u00eb m\u00ebrkur\u00ebs.<\/span><\/p>\n<p><span style=\"color: #000000;\">Kryeministri, 59-vje\u00e7ar, u q\u00ebllua me pes\u00eb her\u00eb n\u00eb nj\u00eb sulm q\u00eb tronditi Evrop\u00ebn dhe ngriti shqet\u00ebsime p\u00ebr gjendjen e polarizuar t\u00eb politik\u00ebs n\u00eb Sllovaki, nj\u00eb vend i Evrop\u00ebs Qendrore me 5.4 milion\u00eb banor\u00eb.<\/span><\/p>\n<p><span style=\"color: #000000;\"><em>&#8220;Ne nuk kemi fituar ende, kjo \u00ebsht\u00eb e r\u00ebnd\u00ebsishme t\u00eb thuhet,&#8221;<\/em> tha z\u00ebvend\u00ebskryeministri Robert Kaliniak, duke dh\u00ebn\u00eb nj\u00eb p\u00ebrdit\u00ebsim mbi gjendjen e Ficos p\u00ebrpara spitalit n\u00eb qytetin e Banka Bystrica ku po trajtohet kryeministri.<\/span><\/p>\n<p><span style=\"color: #000000;\">Gjykata Penale Sllovake vendosi t\u00eb shtun\u00ebn se i dyshuari, i identifikuar nga prokuror\u00ebt si Juraj C., do q\u00ebndronte n\u00eb paraburgim pasi akuzohej p\u00ebr tentativ\u00eb vrasjeje.<\/span><\/p>\n<p><span style=\"color: #000000;\">Ministri i Brendsh\u00ebm Matus Sutaj Estok ka th\u00ebn\u00eb se sulmuesi i dyshuar, i cili u ndalua n\u00eb vendin e ngjarjes, ka vepruar i vet\u00ebm. I dyshuari kishte marr\u00eb pjes\u00eb m\u00eb par\u00eb n\u00eb protesta anti-qeveritare, tha ai t\u00eb enjten.<\/span><\/p>\n<p><span style=\"color: #000000;\">Kalinak tha se nuk kishte nevoj\u00eb t\u00eb merrej zyrtarisht detyrat zyrtare t\u00eb Ficos nd\u00ebrkoh\u00eb q\u00eb po zhvillohej nj\u00ebfar\u00eb komunikimi me kryeministrin.<\/span><\/p>\n<p><span style=\"color: #000000;\">Fico iu n\u00ebnshtrua nj\u00eb operacioni dyor\u00ebsh t\u00eb premten q\u00eb p\u00ebrmir\u00ebsoi perspektivat p\u00ebr sh\u00ebrimin e tij.<\/span><\/p>\n<p><span style=\"color: #000000;\"><em>\u201cN\u00eb or\u00ebt e para prognoza ishte shum\u00eb, shum\u00eb e keqe, ju e dini q\u00eb t\u00eb sht\u00ebnat n\u00eb bark jan\u00eb n\u00eb thelb fatale, n\u00eb k\u00ebt\u00eb rast mjek\u00ebt arrit\u00ebn ta p\u00ebrmbysin k\u00ebt\u00eb gjendje dhe ta stabilizojn\u00eb m\u00eb tej gjendjen\u201d.<\/em><\/span><\/p>\n<p><span style=\"color: #000000;\">Fico ende p\u00ebrballej me nj\u00eb &#8220;rrezik t\u00eb madh&#8221; komplikimesh, tha Kalinak.<\/span><\/p>\n<p><span style=\"color: #000000;\"><em>\u201cReagimi i organizmit ndaj nj\u00eb plage q\u00ebllimi \u00ebsht\u00eb gjithmon\u00eb shum\u00eb serioz dhe sjell rrezikun e nj\u00eb s\u00ebr\u00eb nd\u00ebrlikimesh, t\u00eb cilat zgjasin 4-5 dit\u00eb, q\u00eb \u00ebsht\u00eb sot dhe nes\u00ebr\u201d.<\/em><\/span><\/p>\n<p><span style=\"color: #000000;\">Ai tha se nuk kishte gjasa q\u00eb Fico t\u00eb transferohej n\u00eb kryeqytetin, Bratislav\u00eb, n\u00eb dit\u00ebt n\u00eb vijim.<\/span><\/p>\n<p><span style=\"color: #000000;\">Rreth 100 mb\u00ebshtet\u00ebs t\u00eb Ficos, disa me lule, u mblodh\u00ebn t\u00eb shtun\u00ebn jasht\u00eb spitalit ku po trajtohej kryeministri.<\/span><\/p>\n<p><span style=\"color: #000000;\">Mediat lokale t\u00eb lajmeve thon\u00eb se i dyshuari \u00ebsht\u00eb nj\u00eb ish-rojtar sigurie 71-vje\u00e7ar n\u00eb nj\u00eb qend\u00ebr tregtare dhe autor i tre koleksioneve me poezi.<\/span><\/p>\n","protected":false,"gt_translate_keys":[{"key":"rendered","format":"html"}]},"excerpt":{"rendered":"<p>Kryeministri sllovak Robert Fico mbetet n\u00eb gjendje t\u00eb r\u00ebnd\u00eb dhe ende p\u00ebrballet me rreziqet e komplikimeve t\u00eb mundshme, por \u00ebsht\u00eb stabilizuar, than\u00eb zyrtar\u00ebt t\u00eb shtun\u00ebn, pas atentatit t\u00eb s\u00eb m\u00ebrkur\u00ebs. Kryeministri, 59-vje\u00e7ar, u q\u00ebllua me pes\u00eb her\u00eb n\u00eb nj\u00eb sulm q\u00eb tronditi Evrop\u00ebn dhe ngriti shqet\u00ebsime p\u00ebr gjendjen e polarizuar t\u00eb politik\u00ebs n\u00eb Sllovaki, nj\u00eb [&hellip;]<\/p>\n","protected":false,"gt_translate_keys":[{"key":"rendered","format":"html"}]},"author":51,"featured_media":675834,"comment_status":"closed","ping_status":"open","sticky":false,"template":"","format":"standard","meta":{"footnotes":""},"categories":[6],"tags":[],"class_list":["post-675833","post","type-post","status-publish","format-standard","has-post-thumbnail","hentry","category-nderkombetare"],"gt_translate_keys":[{"key":"link","format":"url"}],"_links":{"self":[{"href":"https:\/\/www.hashtag.al\/index.php\/wp-json\/wp\/v2\/posts\/675833","targetHints":{"allow":["GET"]}}],"collection":[{"href":"https:\/\/www.hashtag.al\/index.php\/wp-json\/wp\/v2\/posts"}],"about":[{"href":"https:\/\/www.hashtag.al\/index.php\/wp-json\/wp\/v2\/types\/post"}],"author":[{"embeddable":true,"href":"https:\/\/www.hashtag.al\/index.php\/wp-json\/wp\/v2\/users\/51"}],"replies":[{"embeddable":true,"href":"https:\/\/www.hashtag.al\/index.php\/wp-json\/wp\/v2\/comments?post=675833"}],"version-history":[{"count":0,"href":"https:\/\/www.hashtag.al\/index.php\/wp-json\/wp\/v2\/posts\/675833\/revisions"}],"wp:featuredmedia":[{"embeddable":true,"href":"https:\/\/www.hashtag.al\/index.php\/wp-json\/wp\/v2\/media\/675834"}],"wp:attachment":[{"href":"https:\/\/www.hashtag.al\/index.php\/wp-json\/wp\/v2\/media?parent=675833"}],"wp:term":[{"taxonomy":"category","embeddable":true,"href":"https:\/\/www.hashtag.al\/index.php\/wp-json\/wp\/v2\/categories?post=675833"},{"taxonomy":"post_tag","embeddable":true,"href":"https:\/\/www.hashtag.al\/index.php\/wp-json\/wp\/v2\/tags?post=675833"}],"curies":[{"name":"wp","href":"https:\/\/api.w.org\/{rel}","templated":true}]}}