{"id":675779,"date":"2024-05-18T23:04:36","date_gmt":"2024-05-18T21:04:36","guid":{"rendered":"https:\/\/www.hashtag.al\/?p=675779"},"modified":"2024-05-18T23:04:36","modified_gmt":"2024-05-18T21:04:36","slug":"shperthim-me-tritol-ne-nje-banese-ne-fushe-kruje","status":"publish","type":"post","link":"https:\/\/www.hashtag.al\/index.php\/2024\/05\/18\/shperthim-me-tritol-ne-nje-banese-ne-fushe-kruje\/","title":{"rendered":"Shp\u00ebrthim me tritol n\u00eb nj\u00eb banes\u00eb n\u00eb Fush\u00eb Kruj\u00eb","gt_translate_keys":[{"key":"rendered","format":"text"}]},"content":{"rendered":"<p><span style=\"color: #000000;\"><a style=\"color: #000000;\" href=\"https:\/\/www.hashtag.al\/wp-content\/uploads\/2024\/05\/policia-fushe-kruje.jpg\"><img loading=\"lazy\" decoding=\"async\" class=\"aligncenter size-full wp-image-675780\" src=\"https:\/\/www.hashtag.al\/wp-content\/uploads\/2024\/05\/policia-fushe-kruje.jpg\" alt=\"\" width=\"960\" height=\"540\" srcset=\"https:\/\/www.hashtag.al\/wp-content\/uploads\/2024\/05\/policia-fushe-kruje.jpg 960w, https:\/\/www.hashtag.al\/wp-content\/uploads\/2024\/05\/policia-fushe-kruje-300x169.jpg 300w, https:\/\/www.hashtag.al\/wp-content\/uploads\/2024\/05\/policia-fushe-kruje-768x432.jpg 768w\" sizes=\"auto, (max-width: 960px) 100vw, 960px\" \/><\/a><\/span><\/p>\n<p><span style=\"color: #000000;\">Nj\u00eb shp\u00ebrthim \u00ebsht\u00eb regjistruar mbr\u00ebmjen e sotme n\u00eb Arrameras n\u00eb Fush\u00eb Kruj\u00eb.<\/span><\/p>\n<p><span style=\"color: #000000;\">Nj\u00eb sasi l\u00ebnde shp\u00ebrthyese i \u00ebsht\u00eb v\u00ebn\u00eb n\u00eb ambientet e jashtme banes\u00ebs s\u00eb shtetasit Alfred Kurti.<\/span><\/p>\n<p><span style=\"color: #000000;\">Nga shp\u00ebrthimi \u00ebsht\u00eb d\u00ebmtuar vet\u00ebm porta e jashtme e banes\u00ebs.<\/span><\/p>\n<p><span style=\"color: #000000;\"><em>&#8220;M\u00eb dat\u00eb 18.05.2024, rreth or\u00ebs 22:10, n\u00eb Arrameras, n\u00eb ambientet e jashtme t\u00eb banes\u00ebs s\u00eb shtetasit A. K., dyshohet se ka shp\u00ebrthyer nj\u00eb sasi e vog\u00ebl l\u00ebnde plas\u00ebse, dhe si pasoj\u00eb ka vet\u00ebm d\u00ebme materiale (\u00ebsht\u00eb d\u00ebmtuar porta e jashtme)&#8221;, <\/em>njofton policia.<\/span><\/p>\n","protected":false,"gt_translate_keys":[{"key":"rendered","format":"html"}]},"excerpt":{"rendered":"<p>Nj\u00eb shp\u00ebrthim \u00ebsht\u00eb regjistruar mbr\u00ebmjen e sotme n\u00eb Arrameras n\u00eb Fush\u00eb Kruj\u00eb. Nj\u00eb sasi l\u00ebnde shp\u00ebrthyese i \u00ebsht\u00eb v\u00ebn\u00eb n\u00eb ambientet e jashtme banes\u00ebs s\u00eb shtetasit Alfred Kurti. Nga shp\u00ebrthimi \u00ebsht\u00eb d\u00ebmtuar vet\u00ebm porta e jashtme e banes\u00ebs. &#8220;M\u00eb dat\u00eb 18.05.2024, rreth or\u00ebs 22:10, n\u00eb Arrameras, n\u00eb ambientet e jashtme t\u00eb banes\u00ebs s\u00eb shtetasit A. [&hellip;]<\/p>\n","protected":false,"gt_translate_keys":[{"key":"rendered","format":"html"}]},"author":32,"featured_media":675780,"comment_status":"closed","ping_status":"open","sticky":false,"template":"","format":"standard","meta":{"footnotes":""},"categories":[65,13],"tags":[],"class_list":["post-675779","post","type-post","status-publish","format-standard","has-post-thumbnail","hentry","category-lajme","category-te-fundit"],"gt_translate_keys":[{"key":"link","format":"url"}],"_links":{"self":[{"href":"https:\/\/www.hashtag.al\/index.php\/wp-json\/wp\/v2\/posts\/675779","targetHints":{"allow":["GET"]}}],"collection":[{"href":"https:\/\/www.hashtag.al\/index.php\/wp-json\/wp\/v2\/posts"}],"about":[{"href":"https:\/\/www.hashtag.al\/index.php\/wp-json\/wp\/v2\/types\/post"}],"author":[{"embeddable":true,"href":"https:\/\/www.hashtag.al\/index.php\/wp-json\/wp\/v2\/users\/32"}],"replies":[{"embeddable":true,"href":"https:\/\/www.hashtag.al\/index.php\/wp-json\/wp\/v2\/comments?post=675779"}],"version-history":[{"count":0,"href":"https:\/\/www.hashtag.al\/index.php\/wp-json\/wp\/v2\/posts\/675779\/revisions"}],"wp:featuredmedia":[{"embeddable":true,"href":"https:\/\/www.hashtag.al\/index.php\/wp-json\/wp\/v2\/media\/675780"}],"wp:attachment":[{"href":"https:\/\/www.hashtag.al\/index.php\/wp-json\/wp\/v2\/media?parent=675779"}],"wp:term":[{"taxonomy":"category","embeddable":true,"href":"https:\/\/www.hashtag.al\/index.php\/wp-json\/wp\/v2\/categories?post=675779"},{"taxonomy":"post_tag","embeddable":true,"href":"https:\/\/www.hashtag.al\/index.php\/wp-json\/wp\/v2\/tags?post=675779"}],"curies":[{"name":"wp","href":"https:\/\/api.w.org\/{rel}","templated":true}]}}