{"id":675688,"date":"2024-05-18T10:58:27","date_gmt":"2024-05-18T08:58:27","guid":{"rendered":"https:\/\/www.hashtag.al\/?p=675688"},"modified":"2024-05-18T10:58:27","modified_gmt":"2024-05-18T08:58:27","slug":"balla-takim-ne-drejtorine-e-policise-kombetare-te-spanjes-grupe-te-perbashketa-me-interpol-e-europol","status":"publish","type":"post","link":"https:\/\/www.hashtag.al\/index.php\/2024\/05\/18\/balla-takim-ne-drejtorine-e-policise-kombetare-te-spanjes-grupe-te-perbashketa-me-interpol-e-europol\/","title":{"rendered":"Balla takim n\u00eb Drejtorin\u00eb e Policis\u00eb Komb\u00ebtare t\u00eb Spanj\u00ebs: Grupe t\u00eb p\u00ebrbashk\u00ebta me INTERPOL e EUROPOL","gt_translate_keys":[{"key":"rendered","format":"text"}]},"content":{"rendered":"<p style=\"text-align: left;\"><span style=\"color: #000000;\"><img loading=\"lazy\" decoding=\"async\" class=\"size-full wp-image-675689 aligncenter\" src=\"https:\/\/www.hashtag.al\/wp-content\/uploads\/2024\/05\/a94e28d0-ee4f-466c-8cd4-abbfb6081269-600x450-1.jpg\" alt=\"\" width=\"600\" height=\"450\" srcset=\"https:\/\/www.hashtag.al\/wp-content\/uploads\/2024\/05\/a94e28d0-ee4f-466c-8cd4-abbfb6081269-600x450-1.jpg 600w, https:\/\/www.hashtag.al\/wp-content\/uploads\/2024\/05\/a94e28d0-ee4f-466c-8cd4-abbfb6081269-600x450-1-300x225.jpg 300w\" sizes=\"auto, (max-width: 600px) 100vw, 600px\" \/><\/span><\/p>\n<p style=\"text-align: left;\"><span style=\"color: #000000;\">Ministri i Brendsh\u00ebm Taulant Balla gjat\u00eb vizit\u00ebs zyrtare q\u00eb po zhvillon n\u00eb Spanj\u00eb u prit n\u00eb nj\u00eb takim n\u00eb Drejtorin\u00eb e P\u00ebrgjithsh\u00ebm t\u00eb Policis\u00eb Komb\u00ebtare t\u00eb Spanj\u00ebs, ku diskutoi \u00e7\u00ebshtjet e bashk\u00ebpunimit mes dy vendeve p\u00ebr luft\u00ebn kund\u00ebr krimit t\u00eb organizuar dhe fenomeneve t\u00eb tjera kriminale.<\/span><\/p>\n<p style=\"text-align: left;\"><span style=\"color: #000000;\">Gjat\u00eb takimit, ministri Balla vler\u00ebsoi mb\u00ebshtetjen e dh\u00ebn\u00eb nga pala spanjolle p\u00ebr Policin\u00eb e Shtetit dhe agjenci t\u00eb tjera ligjzbatuese, sidomos sa u p\u00ebrket trajnimeve p\u00ebr luft\u00ebn ndaj veprave penale t\u00eb pastrimit t\u00eb parave dhe p\u00ebr rikuperimin e aseteve t\u00eb krimit. Policia e Shtetit ka qen\u00eb nj\u00eb nd\u00ebr p\u00ebrfitueset e projektit t\u00eb drejtuar nga ekspert\u00ebt spanjolle p\u00ebr \u201cluft\u00ebn kund\u00ebr krimit t\u00eb organizuar p\u00ebrmes hetimit financiar. Pala spanjolle ka drejtuar pun\u00ebn edhe p\u00ebr hartimin e nj\u00eb manuali p\u00ebr zbulimin e pastrimit t\u00eb parave dhe rikuperimin e aseteve kriminale.<\/span><\/p>\n<p style=\"text-align: left;\"><span style=\"color: #000000;\">Ministri Balla ka vler\u00ebsuar operacionet e p\u00ebrbashk\u00ebta t\u00eb zhvilluar nd\u00ebrmjet Policis\u00eb Shqiptare dhe Spanjolle, n\u00eb k\u00ebt\u00eb kuad\u00ebr edhe operacionin \u201cAnti-skifter\u201d, i cili ka sh\u00ebnuar rezultate mjaft t\u00eb mira.<\/span><\/p>\n<p style=\"text-align: left;\"><span style=\"color: #000000;\">Balla k\u00ebrkoi q\u00eb bashk\u00ebpunimi mes dy agjencive t\u00eb rritet e thellohet m\u00eb tej, duke ngritur grupe t\u00eb p\u00ebrbashk\u00ebta hetimore p\u00ebr goditjen e aktiviteteve kriminale, n\u00eb bashk\u00ebpunim edhe me INTERPOL dhe EUROPOL.Gjat\u00eb takimit, Ministri Balla ka fal\u00ebnderuar p\u00ebr asistenc\u00ebn e ekspert\u00ebve spanjoll n\u00eb kuad\u00ebr t\u00eb projektit (EU4FOCAL), t\u00eb implementuar nga Agjencia Spanjolle FIIAPP, e mb\u00ebshtetur nga Guardia di Finanza e Italis\u00eb dhe Policia Komb\u00ebtare e Holland\u00ebs, projekt i cili mbyllet n\u00eb maj t\u00eb k\u00ebtij viti. Nj\u00eb nd\u00ebr q\u00ebllimet specifike t\u00eb k\u00ebtij projekti ishte lufta kund\u00ebr krimit t\u00eb organizuar p\u00ebrmes hetimit financiar, t\u00eb mb\u00ebshtetur n\u00eb metoda inteligjente dhe proaktive. Ekspert\u00ebt spanjoll kan\u00eb kontribuar edhe p\u00ebr Institutin e Qenve t\u00eb Policis\u00eb, ku jan\u00eb st\u00ebrvitur kafsh\u00eb p\u00ebr identifikimin e gjurmimin e paras\u00eb \u2018cash\u2019.<\/span><\/p>\n","protected":false,"gt_translate_keys":[{"key":"rendered","format":"html"}]},"excerpt":{"rendered":"<p>Ministri i Brendsh\u00ebm Taulant Balla gjat\u00eb vizit\u00ebs zyrtare q\u00eb po zhvillon n\u00eb Spanj\u00eb u prit n\u00eb nj\u00eb takim n\u00eb Drejtorin\u00eb e P\u00ebrgjithsh\u00ebm t\u00eb Policis\u00eb Komb\u00ebtare t\u00eb Spanj\u00ebs, ku diskutoi \u00e7\u00ebshtjet e bashk\u00ebpunimit mes dy vendeve p\u00ebr luft\u00ebn kund\u00ebr krimit t\u00eb organizuar dhe fenomeneve t\u00eb tjera kriminale. Gjat\u00eb takimit, ministri Balla vler\u00ebsoi mb\u00ebshtetjen e dh\u00ebn\u00eb nga [&hellip;]<\/p>\n","protected":false,"gt_translate_keys":[{"key":"rendered","format":"html"}]},"author":4,"featured_media":675689,"comment_status":"closed","ping_status":"open","sticky":false,"template":"","format":"standard","meta":{"footnotes":""},"categories":[65],"tags":[],"class_list":["post-675688","post","type-post","status-publish","format-standard","has-post-thumbnail","hentry","category-lajme"],"gt_translate_keys":[{"key":"link","format":"url"}],"_links":{"self":[{"href":"https:\/\/www.hashtag.al\/index.php\/wp-json\/wp\/v2\/posts\/675688","targetHints":{"allow":["GET"]}}],"collection":[{"href":"https:\/\/www.hashtag.al\/index.php\/wp-json\/wp\/v2\/posts"}],"about":[{"href":"https:\/\/www.hashtag.al\/index.php\/wp-json\/wp\/v2\/types\/post"}],"author":[{"embeddable":true,"href":"https:\/\/www.hashtag.al\/index.php\/wp-json\/wp\/v2\/users\/4"}],"replies":[{"embeddable":true,"href":"https:\/\/www.hashtag.al\/index.php\/wp-json\/wp\/v2\/comments?post=675688"}],"version-history":[{"count":0,"href":"https:\/\/www.hashtag.al\/index.php\/wp-json\/wp\/v2\/posts\/675688\/revisions"}],"wp:featuredmedia":[{"embeddable":true,"href":"https:\/\/www.hashtag.al\/index.php\/wp-json\/wp\/v2\/media\/675689"}],"wp:attachment":[{"href":"https:\/\/www.hashtag.al\/index.php\/wp-json\/wp\/v2\/media?parent=675688"}],"wp:term":[{"taxonomy":"category","embeddable":true,"href":"https:\/\/www.hashtag.al\/index.php\/wp-json\/wp\/v2\/categories?post=675688"},{"taxonomy":"post_tag","embeddable":true,"href":"https:\/\/www.hashtag.al\/index.php\/wp-json\/wp\/v2\/tags?post=675688"}],"curies":[{"name":"wp","href":"https:\/\/api.w.org\/{rel}","templated":true}]}}