{"id":675553,"date":"2024-05-17T16:22:27","date_gmt":"2024-05-17T14:22:27","guid":{"rendered":"https:\/\/www.hashtag.al\/?p=675553"},"modified":"2024-05-17T16:22:27","modified_gmt":"2024-05-17T14:22:27","slug":"sako-kyc-gojen-pas-daljes-nga-spak-do-ruaj-sekretin-hetimor","status":"publish","type":"post","link":"https:\/\/www.hashtag.al\/index.php\/2024\/05\/17\/sako-kyc-gojen-pas-daljes-nga-spak-do-ruaj-sekretin-hetimor\/","title":{"rendered":"Sako \u201cky\u00e7 goj\u00ebn\u201d pas daljes nga SPAK: Do ruaj sekretin hetimor","gt_translate_keys":[{"key":"rendered","format":"text"}]},"content":{"rendered":"<p><img loading=\"lazy\" decoding=\"async\" class=\"aligncenter size-full wp-image-675554\" src=\"https:\/\/www.hashtag.al\/wp-content\/uploads\/2024\/05\/sako2.png\" alt=\"\" width=\"1289\" height=\"659\" srcset=\"https:\/\/www.hashtag.al\/wp-content\/uploads\/2024\/05\/sako2.png 1289w, https:\/\/www.hashtag.al\/wp-content\/uploads\/2024\/05\/sako2-300x153.png 300w, https:\/\/www.hashtag.al\/wp-content\/uploads\/2024\/05\/sako2-1024x524.png 1024w, https:\/\/www.hashtag.al\/wp-content\/uploads\/2024\/05\/sako2-768x393.png 768w, https:\/\/www.hashtag.al\/wp-content\/uploads\/2024\/05\/sako2-568x290.png 568w\" sizes=\"auto, (max-width: 1289px) 100vw, 1289px\" \/><\/p>\n<p><span style=\"color: #000000;\">Kryebashkiakja e Durr\u00ebsit Emirjana Sako nuk ka dh\u00ebn\u00eb shum\u00eb holl\u00ebsi pas daljes nga SPAK, ku q\u00ebndroi m\u00eb shum\u00eb se dy or\u00eb. <\/span><\/p>\n<p><span style=\"color: #000000;\">Ajo tha se do ruaj\u00eb sekretin hetimor nd\u00ebrsa n\u00ebnvizoi se vajtje nuk kishte t\u00eb b\u00ebnte me detyr\u00ebn si kryebashkiake e Durr\u00ebsit. <\/span><\/p>\n<p><span style=\"color: #000000;\">Sako ka dh\u00ebn\u00eb p\u00ebrgjigje mohuese kur \u00ebsht\u00eb pyetur n\u00ebse \u00ebsht\u00eb thirrur p\u00ebr inceneratorin e Tiran\u00ebs.<\/span><\/p>\n<p><span style=\"color: #000000;\">M\u00eb her\u00ebt n\u00eb SPAK p\u00ebr inceneratorin e Tiran\u00ebs ishte edhe Engj\u00ebll Aga\u00e7i, Sekretar i P\u00ebrgjithsh\u00ebm i K\u00ebshillit t\u00eb Ministrave.<\/span><\/p>\n","protected":false,"gt_translate_keys":[{"key":"rendered","format":"html"}]},"excerpt":{"rendered":"<p>Kryebashkiakja e Durr\u00ebsit Emirjana Sako nuk ka dh\u00ebn\u00eb shum\u00eb holl\u00ebsi pas daljes nga SPAK, ku q\u00ebndroi m\u00eb shum\u00eb se dy or\u00eb. Ajo tha se do ruaj\u00eb sekretin hetimor nd\u00ebrsa n\u00ebnvizoi se vajtje nuk kishte t\u00eb b\u00ebnte me detyr\u00ebn si kryebashkiake e Durr\u00ebsit. Sako ka dh\u00ebn\u00eb p\u00ebrgjigje mohuese kur \u00ebsht\u00eb pyetur n\u00ebse \u00ebsht\u00eb thirrur p\u00ebr inceneratorin [&hellip;]<\/p>\n","protected":false,"gt_translate_keys":[{"key":"rendered","format":"html"}]},"author":51,"featured_media":675554,"comment_status":"closed","ping_status":"open","sticky":false,"template":"","format":"standard","meta":{"footnotes":""},"categories":[65],"tags":[],"class_list":["post-675553","post","type-post","status-publish","format-standard","has-post-thumbnail","hentry","category-lajme"],"gt_translate_keys":[{"key":"link","format":"url"}],"_links":{"self":[{"href":"https:\/\/www.hashtag.al\/index.php\/wp-json\/wp\/v2\/posts\/675553","targetHints":{"allow":["GET"]}}],"collection":[{"href":"https:\/\/www.hashtag.al\/index.php\/wp-json\/wp\/v2\/posts"}],"about":[{"href":"https:\/\/www.hashtag.al\/index.php\/wp-json\/wp\/v2\/types\/post"}],"author":[{"embeddable":true,"href":"https:\/\/www.hashtag.al\/index.php\/wp-json\/wp\/v2\/users\/51"}],"replies":[{"embeddable":true,"href":"https:\/\/www.hashtag.al\/index.php\/wp-json\/wp\/v2\/comments?post=675553"}],"version-history":[{"count":0,"href":"https:\/\/www.hashtag.al\/index.php\/wp-json\/wp\/v2\/posts\/675553\/revisions"}],"wp:featuredmedia":[{"embeddable":true,"href":"https:\/\/www.hashtag.al\/index.php\/wp-json\/wp\/v2\/media\/675554"}],"wp:attachment":[{"href":"https:\/\/www.hashtag.al\/index.php\/wp-json\/wp\/v2\/media?parent=675553"}],"wp:term":[{"taxonomy":"category","embeddable":true,"href":"https:\/\/www.hashtag.al\/index.php\/wp-json\/wp\/v2\/categories?post=675553"},{"taxonomy":"post_tag","embeddable":true,"href":"https:\/\/www.hashtag.al\/index.php\/wp-json\/wp\/v2\/tags?post=675553"}],"curies":[{"name":"wp","href":"https:\/\/api.w.org\/{rel}","templated":true}]}}