{"id":675550,"date":"2024-05-17T16:40:39","date_gmt":"2024-05-17T14:40:39","guid":{"rendered":"https:\/\/www.hashtag.al\/?p=675550"},"modified":"2024-05-17T16:40:39","modified_gmt":"2024-05-17T14:40:39","slug":"4-vjet-nga-shembja-e-teatrit-blushi-krimi-ka-emra-koha-qe-te-japin-llogari-po-afron","status":"publish","type":"post","link":"https:\/\/www.hashtag.al\/index.php\/2024\/05\/17\/4-vjet-nga-shembja-e-teatrit-blushi-krimi-ka-emra-koha-qe-te-japin-llogari-po-afron\/","title":{"rendered":"4 vjet nga shembja e Teatrit, Blushi: Krimi ka emra, koha q\u00eb t\u00eb japin llogari po afron","gt_translate_keys":[{"key":"rendered","format":"text"}]},"content":{"rendered":"<p><img loading=\"lazy\" decoding=\"async\" class=\"size-full wp-image-675551 aligncenter\" src=\"https:\/\/www.hashtag.al\/wp-content\/uploads\/2024\/05\/tedi-blushi-2-763x450-1.jpg\" alt=\"\" width=\"763\" height=\"450\" srcset=\"https:\/\/www.hashtag.al\/wp-content\/uploads\/2024\/05\/tedi-blushi-2-763x450-1.jpg 763w, https:\/\/www.hashtag.al\/wp-content\/uploads\/2024\/05\/tedi-blushi-2-763x450-1-300x177.jpg 300w\" sizes=\"auto, (max-width: 763px) 100vw, 763px\" \/><\/p>\n<p style=\"text-align: left;\"><span style=\"color: #000000;\">Sekretari i P\u00ebrgjithsh\u00ebm i PL-s\u00eb, Tedi Blushi, ka sjell\u00eb n\u00eb v\u00ebmendje shembjen e godin\u00ebs s\u00eb Teatrit Komb\u00ebtar 4 vjet m\u00eb par\u00eb, pas nj\u00eb aksioni t\u00eb dhunsh\u00ebm t\u00eb forcave policore, ndaj nj\u00eb grupi artist\u00ebsh dhe qytetar\u00ebsh q\u00eb tentuan t\u00eb mbronin godin\u00ebn.<\/span><\/p>\n<p style=\"text-align: left;\"><span style=\"color: #000000;\">Blushi n\u00eb reagimin e tij shprehet se sot nuk kemi as \u201cTeat\u00ebr t\u00eb ri\u201d dhe as Drejt\u00ebsi p\u00ebr urdh\u00ebruesit dhe zbatuesit e k\u00ebtij akti kriminal.<\/span><\/p>\n<p style=\"text-align: left;\"><span style=\"color: #000000;\"><strong>Reagimi nga Tedi Blushi<\/strong><\/span><\/p>\n<p style=\"text-align: left;\"><span style=\"color: #000000;\"><em>Si sot, kat\u00ebr vite m\u00eb par\u00eb, n\u00ebp\u00ebrmjet nj\u00eb akti taleban t\u00eb pabes\u00eb, n\u00eb mes t\u00eb err\u00ebsir\u00ebs dhe n\u00eb kulmin e pandemis\u00eb, u shemb barbarisht n\u00eb zem\u00ebr t\u00eb Tiran\u00ebs, godina historike e Teatrit Komb\u00ebtar.<\/em><\/span><\/p>\n<p style=\"text-align: left;\"><span style=\"color: #000000;\"><em>Sot nuk kemi as \u201cTeat\u00ebr t\u00eb ri\u201d dhe as Drejt\u00ebsi p\u00ebr urdh\u00ebruesit dhe zbatuesit e k\u00ebtij akti kriminal!<\/em><\/span><\/p>\n<p style=\"text-align: left;\"><span style=\"color: #000000;\"><em>Nuk ka as p\u00ebrgjigje mbi arsyet e emergjenc\u00ebs t\u00eb shembjes!<\/em><\/span><\/p>\n<p style=\"text-align: left;\"><span style=\"color: #000000;\"><em>Por ky krim ka em\u00ebr dhe mbiem\u00ebr: \u201cPrindi 1\u201d \u2013 Edi Rama dhe \u201cPrindi 2\u201d \u2013 Erion Veliaj!<\/em><\/span><\/p>\n<p style=\"text-align: left;\"><span style=\"color: #000000;\"><em>Koha q\u00eb t\u00eb japin llogari po afron!<\/em><\/span><\/p>\n<p style=\"text-align: left;\"><span style=\"color: #000000;\"><em>Drejt\u00ebsia q\u00eb do t\u00eb shemb\u00eb Tiranin\u00eb do t\u00eb rivendoset mbi rr\u00ebnojat e Teatrit Komb\u00ebtar!<\/em><\/span><\/p>\n<p style=\"text-align: left;\"><span style=\"color: #000000;\"><em>Mir\u00ebnjohje \u201cAleanc\u00ebs p\u00ebr Mbrojtjen e Teatrit\u201d, t\u00eb gjith\u00eb artist\u00ebve jonkonformist\u00eb, gazetar\u00ebve t\u00eb pavarur, intelektual\u00ebve dhe mij\u00ebra qytetar\u00ebve, t\u00eb cil\u00ebt u shnd\u00ebrruan n\u00eb simbole frym\u00ebzuese t\u00eb rezistenc\u00ebs ndaj arbitraritetit, korrupsionit dhe dhun\u00ebs shtet\u00ebrore duke zgjuar nd\u00ebrgjegjen shoq\u00ebrore p\u00ebr rrezikun q\u00eb k\u00ebrc\u00ebnon trash\u00ebgimin\u00eb kulturore komb\u00ebtare nga internacionalja e surrogacis\u00eb.<\/em><\/span><\/p>\n<p style=\"text-align: left;\"><span style=\"color: #000000;\"><em>Teatri Komb\u00ebtar do nd\u00ebrtohet aty ku ishte dhe ashtu si\u00e7 ishte!<\/em><\/span><\/p>\n","protected":false,"gt_translate_keys":[{"key":"rendered","format":"html"}]},"excerpt":{"rendered":"<p>Sekretari i P\u00ebrgjithsh\u00ebm i PL-s\u00eb, Tedi Blushi, ka sjell\u00eb n\u00eb v\u00ebmendje shembjen e godin\u00ebs s\u00eb Teatrit Komb\u00ebtar 4 vjet m\u00eb par\u00eb, pas nj\u00eb aksioni t\u00eb dhunsh\u00ebm t\u00eb forcave policore, ndaj nj\u00eb grupi artist\u00ebsh dhe qytetar\u00ebsh q\u00eb tentuan t\u00eb mbronin godin\u00ebn. Blushi n\u00eb reagimin e tij shprehet se sot nuk kemi as \u201cTeat\u00ebr t\u00eb ri\u201d dhe [&hellip;]<\/p>\n","protected":false,"gt_translate_keys":[{"key":"rendered","format":"html"}]},"author":4,"featured_media":675551,"comment_status":"closed","ping_status":"open","sticky":false,"template":"","format":"standard","meta":{"footnotes":""},"categories":[65],"tags":[],"class_list":["post-675550","post","type-post","status-publish","format-standard","has-post-thumbnail","hentry","category-lajme"],"gt_translate_keys":[{"key":"link","format":"url"}],"_links":{"self":[{"href":"https:\/\/www.hashtag.al\/index.php\/wp-json\/wp\/v2\/posts\/675550","targetHints":{"allow":["GET"]}}],"collection":[{"href":"https:\/\/www.hashtag.al\/index.php\/wp-json\/wp\/v2\/posts"}],"about":[{"href":"https:\/\/www.hashtag.al\/index.php\/wp-json\/wp\/v2\/types\/post"}],"author":[{"embeddable":true,"href":"https:\/\/www.hashtag.al\/index.php\/wp-json\/wp\/v2\/users\/4"}],"replies":[{"embeddable":true,"href":"https:\/\/www.hashtag.al\/index.php\/wp-json\/wp\/v2\/comments?post=675550"}],"version-history":[{"count":0,"href":"https:\/\/www.hashtag.al\/index.php\/wp-json\/wp\/v2\/posts\/675550\/revisions"}],"wp:featuredmedia":[{"embeddable":true,"href":"https:\/\/www.hashtag.al\/index.php\/wp-json\/wp\/v2\/media\/675551"}],"wp:attachment":[{"href":"https:\/\/www.hashtag.al\/index.php\/wp-json\/wp\/v2\/media?parent=675550"}],"wp:term":[{"taxonomy":"category","embeddable":true,"href":"https:\/\/www.hashtag.al\/index.php\/wp-json\/wp\/v2\/categories?post=675550"},{"taxonomy":"post_tag","embeddable":true,"href":"https:\/\/www.hashtag.al\/index.php\/wp-json\/wp\/v2\/tags?post=675550"}],"curies":[{"name":"wp","href":"https:\/\/api.w.org\/{rel}","templated":true}]}}