{"id":675420,"date":"2024-05-17T10:09:16","date_gmt":"2024-05-17T08:09:16","guid":{"rendered":"https:\/\/www.hashtag.al\/?p=675420"},"modified":"2024-05-17T12:55:17","modified_gmt":"2024-05-17T10:55:17","slug":"sekretari-i-pergjithshem-i-kryeministrise-engjell-agaci-paraqitet-ne-spak","status":"publish","type":"post","link":"https:\/\/www.hashtag.al\/index.php\/2024\/05\/17\/sekretari-i-pergjithshem-i-kryeministrise-engjell-agaci-paraqitet-ne-spak\/","title":{"rendered":"Sekretari i P\u00ebrgjithsh\u00ebm i Kryeministris\u00eb, \u00cbngj\u00ebll Aga\u00e7i paraqitet n\u00eb SPAK","gt_translate_keys":[{"key":"rendered","format":"text"}]},"content":{"rendered":"<p><span style=\"color: #000000;\"><a style=\"color: #000000;\" href=\"https:\/\/www.hashtag.al\/wp-content\/uploads\/2024\/05\/engjell-agaci-SPAK.jpg\"><img loading=\"lazy\" decoding=\"async\" class=\"aligncenter size-full wp-image-675421\" src=\"https:\/\/www.hashtag.al\/wp-content\/uploads\/2024\/05\/engjell-agaci-SPAK.jpg\" alt=\"\" width=\"636\" height=\"402\" srcset=\"https:\/\/www.hashtag.al\/wp-content\/uploads\/2024\/05\/engjell-agaci-SPAK.jpg 636w, https:\/\/www.hashtag.al\/wp-content\/uploads\/2024\/05\/engjell-agaci-SPAK-300x190.jpg 300w\" sizes=\"auto, (max-width: 636px) 100vw, 636px\" \/><\/a><\/span><\/p>\n<p><span style=\"color: #000000;\">Engj\u00ebll Aga\u00e7i \u00ebsht\u00eb paraqitur m\u00ebngjesin e sot\u00ebm n\u00eb Ambientet e Prokuroris\u00eb s\u00eb Posa\u00e7me.<\/span><\/p>\n<p><span style=\"color: #000000;\">Kujtojm\u00eb q\u00eb dit\u00ebt e fundit, Prokuroria e Posa\u00e7me ka shtuar n\u00eb m\u00ebnyr\u00eb intensive hetimet p\u00ebr afer\u00ebn e inceneratorit t\u00eb Tiran\u00ebs, ku kryebashkiaku Erion Veliaj dhe zv\/kryeministrja Belinda balluku kan\u00eb dh\u00ebn\u00eb \u201cllogari\u201d p\u00ebrball\u00eb prokuror\u00ebve p\u00ebr at\u00eb q\u00eb quhet si \u201cvjedhja e shekullit\u201d.<\/span><\/p>\n<p><span style=\"color: #000000;\">Kujtojm\u00eb q\u00eb kjo nuk \u00ebsht\u00eb hera e para q\u00eb Engj\u00ebll Aga\u00e7i futet n\u00eb ambientet e Prokuroris\u00eb s\u00eb Posa\u00e7me pasi m\u00eb her\u00ebt ai \u00ebsht\u00eb pyetur edhe p\u00ebr inceneratorin e Fierit dhe t\u00eb Elbasanit.<\/span><\/p>\n<p><span style=\"color: #000000;\">Gjithashtu emri i Engj\u00ebll Aga\u00e7it\u00a0 u p\u00ebrmend gjat\u00eb investigimit n\u00eb dokumentarin e transmetuar n\u00eb \u201cRai 3\u201d ku ai shihet si negociator mes qeveris\u00eb Rama dhe Meloni p\u00ebr marr\u00ebveshjen e refugjat\u00ebve.<\/span><\/p>\n<p><span style=\"color: #000000;\">Boldnews.al m\u00eb her\u00eb ka denoncuar \u201crolin\u201d e Engj\u00ebll Aga\u00e7it n\u00eb afer\u00ebn e incenerator\u00ebve<\/span><\/p>\n<p><span style=\"color: #000000;\">Sekretari i P\u00ebrgjithsh\u00ebm i Kryeministris\u00eb, Engj\u00ebll Aga\u00e7i ka nj\u00eb \u201crol\u201d kryesor n\u00eb afera qindra-milion\u00eb euro e incenerator\u00ebve e cila mb\u00ebrrin deri n\u00eb maj\u00ebn e kupol\u00ebs shtet\u00ebrore.<\/span><\/p>\n<p><span style=\"color: #000000;\">Gjeneza e afer\u00ebs nisi me procedurat p\u00ebr impiantin e p\u00ebrpunimit t\u00eb mbetjeve n\u00eb Elbasan, t\u00eb cilat u pasuan me sip\u00ebrmarrjet e ngjashme n\u00eb Fier dhe Tiran\u00eb.<\/span><\/p>\n<p><span style=\"color: #000000;\">Dokumentat d\u00ebshmojn\u00eb p\u00ebr rolin thelb\u00ebsor t\u00eb z\u00ebvend\u00ebs-kryeministri aktual, Arben Ahmetaj dhe ish-Ministri i Infrastruktur\u00ebs dhe aktualisht Sekretari i P\u00ebrgjithsh\u00ebm i Partis\u00eb Socialiste, Damian Gjiknuri.<\/span><\/p>\n<p><span style=\"color: #000000;\">Por, mbi ta q\u00ebndron emri i \u00cbngj\u00ebll Aga\u00e7it, Sekretar i P\u00ebrgjithsh\u00ebm i K\u00ebshillit t\u00eb Ministrave dhe i konsideruar edhe si \u201ceminenca gri\u201d e kryeministrit Edi Rama.<\/span><\/p>\n<p><span style=\"color: #000000;\">Ai \u00ebsht\u00eb zyrtari q\u00eb mban p\u00ebrgjegj\u00ebsin\u00eb p\u00ebr verifikim e dokumentacionit, procedurave, draft kontratave, p\u00ebrpara se ato t\u00eb kalojn\u00eb p\u00ebr miratim n\u00eb K\u00ebshillin e Ministrave.<\/span><\/p>\n<p><span style=\"color: #000000;\">Afera e inceneratorit, Belinda Balluku mbi 3 or\u00eb n\u00eb SPAK (15 maj)<\/span><\/p>\n<p><span style=\"color: #000000;\">N\u00eb kuad\u00ebr t\u00eb hetimeve t\u00eb zgjeruara, figura t\u00eb r\u00ebnd\u00ebsishme t\u00eb pushtetit qendror (Balluku) dhe lokal (Veliaj) jan\u00eb thirrur p\u00ebr t\u00eb d\u00ebshmuar n\u00eb SPAK p\u00ebr afera qindra miliona euro q\u00eb u jan\u00eb vjedhur taksapaguesve shqiptar\u00eb p\u00ebrmes incenerator\u00ebve.<\/span><\/p>\n<p><span style=\"color: #000000;\">Z\u00ebvend\u00ebskryeministrja dhe nj\u00ebkoh\u00ebsisht ministrja e Energjitik\u00ebs dhe Infrastruktur\u00ebs, Belinda Balluku pasditen e 15 majit p\u00ebr mbi 3 or\u00eb u \u201cmbyll\u201d n\u00eb Prokurorin\u00eb e Posa\u00a2me duke u pyetur nga prokuror\u00ebt p\u00ebr rolin e saj n\u00eb k\u00ebt\u00eb afer\u00eb.<\/span><\/p>\n<p><span style=\"color: #000000;\">N\u00eb nj\u00eb prononcim t\u00eb shkurt\u00ebr p\u00ebr mediat, Balluku b\u00ebri dije se \u00ebsht\u00eb marr\u00eb n\u00eb pyetje nga oficer\u00ebt e BKH-s\u00eb n\u00eb lidhje me inceneratorin e Tiran\u00ebs, si person n\u00eb dijeni t\u00eb hetimit.<\/span><\/p>\n<p><span style=\"color: #000000;\">Balluku deklaroi se drejt\u00ebsia ka pun\u00ebn e saj dhe se e mb\u00ebshtet. Sipas saj, kjo dosje ka b\u00ebr\u00eb pis t\u00eb madh e t\u00eb vog\u00ebl dhe ka ardhur koha t\u00eb zbardhet, p\u00ebr t\u00eb ndar\u00eb t\u00eb mir\u00ebn nga e keqja dhe pun\u00ebn e ndershme nga abuzimi i pafalsh\u00ebm.<\/span><\/p>\n<p><span style=\"color: #000000;\"><em>\u201cIshte nj\u00eb thirrje p\u00ebr dosjen 255, q\u00eb \u00ebsht\u00eb dosja e inceneratorit t\u00eb Tiran\u00ebs. Duhet t\u00eb jepja disa sqarime q\u00eb besoj t\u00eb ken\u00eb sh\u00ebrbyer n\u00eb zbardhjen e k\u00ebsaj dosje. Kjo \u00ebsht\u00eb ndarja e v\u00ebrtet\u00ebt e pushteteve. Qeveria ka pun\u00ebn e saj, parlamenti ka pun\u00ebn e tij dhe drejt\u00ebsia ka pun\u00ebn e saj dhe ne jemi k\u00ebtu p\u00ebr ta mb\u00ebshtetur. Kjo \u00ebsht\u00eb nj\u00eb dosje q\u00eb ka b\u00ebr\u00eb pis t\u00eb madh e t\u00eb vog\u00ebl dhe ka ardhur koha t\u00eb zbardhet, p\u00ebr t\u00eb ndar\u00eb nj\u00ebher\u00eb e mire t\u00eb mir\u00ebn nga e keqja, pun\u00ebn e ndershme nga abuzimi i pafalsh\u00ebm.\u201d \u2013<\/em> tha Balluku p\u00ebr mediat.<\/span><\/p>\n<p><span style=\"color: #000000;\">Me an\u00eb t\u00eb k\u00ebsaj deklarate, Balluku pranon indirekt se inceneratori i Tiran\u00ebs, p\u00ebr t\u00eb cilin jan\u00eb paguar miliona euro dhe nuk ekziston, \u00ebsht\u00eb nj\u00eb abuzim i pafalsh\u00ebm.<\/span><\/p>\n<p><span style=\"color: #000000;\">Flet\u00eb-thirrja ndaj Belinda Ballukut vjen pak koh\u00eb pas asaj ndaj kryebashkiakut Erion Veliaj, i cili d\u00ebshmoi para oficer\u00ebve t\u00eb BKH-s\u00eb n\u00eb lidhje me afer\u00ebn e inceneratorit t\u00eb Tiran\u00ebs.<\/span><\/p>\n<p><span style=\"color: #000000;\">Vlen t\u00eb theksohet fakti se n\u00eb lidhje me inceneratorin e Tiran\u00ebs, Belinda Balluku p\u00ebrmes nj\u00eb shkrese me dat\u00eb 10 korrik 2023, iu drejtua kryebashkiakut Erion Veliaj ku i thot\u00eb shprehimisht se dy an\u00ebtar\u00ebt e Bashkis\u00eb Tiran\u00eb n\u00eb Nj\u00ebsin\u00eb e Zbatimit t\u00eb Projektit (NJZP), kan\u00eb bllokuar prej m\u00eb shum\u00eb se dy vitesh pun\u00ebn e k\u00ebsaj strukture.<\/span><\/p>\n<p><span style=\"color: #000000;\">Si drejtuese e Ministris\u00eb s\u00eb Infrastruktur\u00ebs dhe Energjitik\u00ebs, pasardh\u00ebse e Gjiknurit, Belinda Balluku mban p\u00ebrgjegj\u00ebsi edhe p\u00ebr pagesat ndaj inceneratorit t\u00eb Fierit dhe Elbasanit.<\/span><\/p>\n","protected":false,"gt_translate_keys":[{"key":"rendered","format":"html"}]},"excerpt":{"rendered":"<p>Engj\u00ebll Aga\u00e7i \u00ebsht\u00eb paraqitur m\u00ebngjesin e sot\u00ebm n\u00eb Ambientet e Prokuroris\u00eb s\u00eb Posa\u00e7me. Kujtojm\u00eb q\u00eb dit\u00ebt e fundit, Prokuroria e Posa\u00e7me ka shtuar n\u00eb m\u00ebnyr\u00eb intensive hetimet p\u00ebr afer\u00ebn e inceneratorit t\u00eb Tiran\u00ebs, ku kryebashkiaku Erion Veliaj dhe zv\/kryeministrja Belinda balluku kan\u00eb dh\u00ebn\u00eb \u201cllogari\u201d p\u00ebrball\u00eb prokuror\u00ebve p\u00ebr at\u00eb q\u00eb quhet si \u201cvjedhja e shekullit\u201d. Kujtojm\u00eb [&hellip;]<\/p>\n","protected":false,"gt_translate_keys":[{"key":"rendered","format":"html"}]},"author":32,"featured_media":0,"comment_status":"closed","ping_status":"open","sticky":false,"template":"","format":"standard","meta":{"footnotes":""},"categories":[65],"tags":[],"class_list":["post-675420","post","type-post","status-publish","format-standard","hentry","category-lajme"],"gt_translate_keys":[{"key":"link","format":"url"}],"_links":{"self":[{"href":"https:\/\/www.hashtag.al\/index.php\/wp-json\/wp\/v2\/posts\/675420","targetHints":{"allow":["GET"]}}],"collection":[{"href":"https:\/\/www.hashtag.al\/index.php\/wp-json\/wp\/v2\/posts"}],"about":[{"href":"https:\/\/www.hashtag.al\/index.php\/wp-json\/wp\/v2\/types\/post"}],"author":[{"embeddable":true,"href":"https:\/\/www.hashtag.al\/index.php\/wp-json\/wp\/v2\/users\/32"}],"replies":[{"embeddable":true,"href":"https:\/\/www.hashtag.al\/index.php\/wp-json\/wp\/v2\/comments?post=675420"}],"version-history":[{"count":0,"href":"https:\/\/www.hashtag.al\/index.php\/wp-json\/wp\/v2\/posts\/675420\/revisions"}],"wp:attachment":[{"href":"https:\/\/www.hashtag.al\/index.php\/wp-json\/wp\/v2\/media?parent=675420"}],"wp:term":[{"taxonomy":"category","embeddable":true,"href":"https:\/\/www.hashtag.al\/index.php\/wp-json\/wp\/v2\/categories?post=675420"},{"taxonomy":"post_tag","embeddable":true,"href":"https:\/\/www.hashtag.al\/index.php\/wp-json\/wp\/v2\/tags?post=675420"}],"curies":[{"name":"wp","href":"https:\/\/api.w.org\/{rel}","templated":true}]}}