{"id":675336,"date":"2024-05-16T19:01:45","date_gmt":"2024-05-16T17:01:45","guid":{"rendered":"https:\/\/www.hashtag.al\/?p=675336"},"modified":"2024-05-16T19:01:45","modified_gmt":"2024-05-16T17:01:45","slug":"takimi-i-kotorrit-mes-be-se-dhe-lidereve-te-ballkanit-cfare-perfituan-vendet-per-pershpejtimin-e-reformave","status":"publish","type":"post","link":"https:\/\/www.hashtag.al\/index.php\/2024\/05\/16\/takimi-i-kotorrit-mes-be-se-dhe-lidereve-te-ballkanit-cfare-perfituan-vendet-per-pershpejtimin-e-reformave\/","title":{"rendered":"Takimi i Kotorrit mes BE-s\u00eb dhe lider\u00ebve t\u00eb Ballkanit, \u00e7far\u00eb p\u00ebrfituan vendet p\u00ebr p\u00ebrshpejtimin e reformave","gt_translate_keys":[{"key":"rendered","format":"text"}]},"content":{"rendered":"<p><span style=\"color: #000000;\"><a href=\"https:\/\/www.hashtag.al\/wp-content\/uploads\/2024\/05\/Mali-i-Zi1-770x412-1.jpg\"><img loading=\"lazy\" decoding=\"async\" class=\"aligncenter size-full wp-image-675338\" src=\"https:\/\/www.hashtag.al\/wp-content\/uploads\/2024\/05\/Mali-i-Zi1-770x412-1.jpg\" alt=\"\" width=\"770\" height=\"412\" srcset=\"https:\/\/www.hashtag.al\/wp-content\/uploads\/2024\/05\/Mali-i-Zi1-770x412-1.jpg 770w, https:\/\/www.hashtag.al\/wp-content\/uploads\/2024\/05\/Mali-i-Zi1-770x412-1-300x161.jpg 300w, https:\/\/www.hashtag.al\/wp-content\/uploads\/2024\/05\/Mali-i-Zi1-770x412-1-768x411.jpg 768w\" sizes=\"auto, (max-width: 770px) 100vw, 770px\" \/><\/a><\/span><\/p>\n<p><span style=\"color: #000000;\">N\u00eb qytetin bregdetar t\u00eb Kotorrit, n\u00eb Malin e Zi \u00ebsht\u00eb duke u mbajtur takimi dyditor i Udh\u00ebheq\u00ebsve Rajonal\u00eb t\u00eb Planit t\u00eb Rritjes s\u00eb Ballkanit Per\u00ebndimor, s\u00eb bashku me partner\u00ebt e BE-s\u00eb dhe zyrtar\u00eb t\u00eb lart\u00eb qeveritar\u00eb nga i gjith\u00eb rajoni. N\u00eb k\u00ebt\u00eb takim dy ditor merr pjes\u00eb edhe Ndihm\u00ebs Sekretari i Shteteve t\u00eb Bashkuara p\u00ebr Evrop\u00ebn dhe Euroazin\u00eb, James O\u2019Brien, angazhimi i t\u00eb cilit u p\u00ebrq\u00ebndrua n\u00eb integrimin ekonomik rajonal.<\/span><\/p>\n<p><span style=\"color: #000000;\">K\u00ebshilli i BE-s\u00eb miratoi nj\u00eb plan prej gjasht\u00eb miliard\u00eb eurosh p\u00ebr t\u00eb mb\u00ebshtetur vendet e Ballkanit Per\u00ebndimor me q\u00ebllim t\u00eb p\u00ebrshpejtimit t\u00eb reformave dhe rritjes ekonomike, nga t\u00eb cilat dy miliard\u00eb n\u00eb grante dhe kat\u00ebr n\u00eb kredi t\u00eb favorshme t\u00eb garantuara nga BE, p\u00ebrcjell <span style=\"color: #3366ff;\"><a style=\"color: #3366ff;\" href=\"https:\/\/www.zeriamerikes.com\/a\/7614869.html\">VOA<\/a><\/span>.<\/span><\/p>\n<p><span style=\"color: #000000;\">Ndihm\u00ebs Sekretari p\u00ebr \u00c7\u00ebshtjet Evropiane dhe Euroaziatike James C. O\u2019Brien po merr pjes\u00eb n\u00eb takimin e Udh\u00ebheq\u00ebsve Rajonal\u00eb t\u00eb Planit t\u00eb Rritjes s\u00eb Ballkanit Per\u00ebndimor n\u00eb qytetin bregdetar t\u00eb Kotorrit n\u00eb Mal t\u00eb Zi , s\u00eb bashku me partner\u00ebt e BE-s\u00eb dhe zyrtar\u00eb t\u00eb lart\u00eb qeveritar\u00eb nga i gjith\u00eb rajoni.<\/span><\/p>\n<p><span style=\"color: #000000;\">Angazhimet e tij n\u00eb k\u00ebt\u00eb takim u fokusuan n\u00eb integrimin ekonomik rajonal dhe mund\u00ebsin\u00eb e rritjes t\u00eb ofruar nga Plani i Rritjes s\u00eb Ballkanit Per\u00ebndimor me sloganin \u201cNj\u00eb rajon, vizion i p\u00ebrbashk\u00ebt\u201d, ku do t\u00eb p\u00ebrforcojn\u00eb mb\u00ebshtetjen e fort\u00eb t\u00eb Shteteve t\u00eb Bashkuara p\u00ebr rrug\u00ebn e Ballkanit Per\u00ebndimor drejt an\u00ebtar\u00ebsimit n\u00eb BE.<\/span><\/p>\n<p><span style=\"color: #000000;\">Zoti O\u2019Brien tha se \u201cSHBA mb\u00ebshtet planin zhvillimor q\u00eb ka t\u00eb b\u00ebj\u00eb me 18 milion\u00eb njer\u00ebz p\u00ebr nj\u00eb t\u00eb ardhme m\u00eb t\u00eb mir\u00eb p\u00ebr qytetar\u00ebt dhe vendet e tyre. K\u00ebt\u00eb vit, vendet q\u00eb i p\u00ebrmbushin k\u00ebto reforma do t\u2019i bashkohen tregut unik evropian me \u00e7mime m\u00eb t\u00eb ul\u00ebta, ndoshta n\u00eb 7 %.\u201d<\/span><\/p>\n<p><span style=\"color: #000000;\">Kryeministri i Malit t\u00eb Zi , Milojko Spajiq duke p\u00ebrsh\u00ebndetur pjes\u00ebmarr\u00ebsit tha se n\u00eb kontekstin e sfidave n\u00eb aspektin ekonomik, Mali i Zi \u00ebsht\u00eb i p\u00ebrkushtuar p\u00ebr zhvillimin infrastrukturor n\u00eb p\u00ebrputhje me planin deri n\u00eb vitin 2030.<\/span><\/p>\n<p><span style=\"color: #000000;\">Spajiq tha se \u201c besojm\u00eb q\u00eb investimi tek t\u00eb rinjt\u00eb \u00ebsht\u00eb nj\u00eb investim n\u00eb nj\u00eb t\u00eb ardhme t\u00eb sigurt, ndaj besojm\u00eb se t\u00eb rinjt\u00eb jan\u00eb \u00e7el\u00ebsi i Planit t\u00eb Rritjes p\u00ebr Ballkanin Per\u00ebndimor\u201d. \u201cDuke hapur horizonte t\u00eb reja, jam i sigurt se do t\u2019i afrohemi tregut t\u00eb Bashkimit Evropian. Investimi n\u00eb burimet njer\u00ebzore dhe ruajtja e tyre, do t\u00eb ndihmoj\u00eb n\u00eb arritjen e q\u00ebllimeve objektive t\u00eb p\u00ebrshkruara n\u00eb Planin e Rritjes\u201d, tha Spajiq.<\/span><\/p>\n<p><span style=\"color: #000000;\">Nuk ka m\u00eb justifikime q\u00eb Ballkani Per\u00ebndimor t\u00eb mos jet\u00eb gati p\u00ebr an\u00ebtar\u00ebsim n\u00eb BE, tha komisioneri p\u00ebr Zgjerim Oliver Varhelyi. \u201c<em>Nuk \u00ebsht\u00eb vet\u00ebm nj\u00eb plan p\u00ebr integrimin e rajonit n\u00eb BE, por se ai po zhvillohet vetvetiu. Duhet t\u00eb p\u00ebrfitoni nga mund\u00ebsia q\u00eb ju jep an\u00ebtar\u00ebsimi n\u00eb BE dhe jo vet\u00ebm an\u00ebtar\u00ebsimi, por edhe periudha para an\u00ebtar\u00ebsimit. Mendoj se kjo korniz\u00eb ndihme p\u00ebr Ballkanin Per\u00ebndimor ofron mund\u00ebsi pragmatike. Rajoni ka humbur shum\u00eb mund\u00ebsi, nuk ka koh\u00eb m\u00eb t\u00eb mir\u00eb se tani p\u00ebr t\u00eb filluar pun\u00ebn seriozisht n\u00eb rrug\u00ebn drejt standardit evropian<\/em>\u201d, tha Varhelyi.<\/span><\/p>\n<p><span style=\"color: #000000;\">Kryeministri i Kosov\u00ebs, Albin Kurti gjat\u00eb fjal\u00ebs s\u00eb tij rip\u00ebrsriti q\u00eb Serbia ta njoh\u00eb Kosov\u00ebn dhe ta dor\u00ebzoj\u00eb terroristin Milan Radoj\u00e7iq, i cili sipas tij ishte i p\u00ebrfshir\u00eb n\u00eb sulmin e Banjsk\u00ebs m\u00eb 24 shtator. \u201cMarr\u00ebdh\u00ebniet e mira fqinj\u00ebsore n\u00eb rajonin ton\u00eb jan\u00eb t\u00eb domosdoshme. K\u00ebrkojm\u00eb nga Serbia q\u00eb ta dor\u00ebzoj Milan Radoj\u00e7iqin n\u00eb Kosov\u00eb dhe gjithashtu grupin e tij paramilitar q\u00eb e ka vrar\u00eb rreshterin ton\u00eb Afrim Bunjakun me 24 shtator\u201d, tha Kurti.<\/span><\/p>\n<p><span style=\"color: #000000;\">Ai foli edhe p\u00ebr luft\u00ebn n\u00eb Ukrain\u00eb, e cila sipas tij ka sjell\u00eb shkat\u00ebrrime n\u00eb Ukrain\u00eb dhe ka sjell\u00eb kriza n\u00eb Evrop\u00eb. N\u00eb takimin dyditor\u00eb rajonal t\u00eb Kotorrit marrin pjes\u00eb edhe zyrtar\u00ebt e lart\u00eb nga Shqip\u00ebria, Kosova, Serbia, Maqedonia e Veriut dhe Bosnja e Hercegovina.<\/span><\/p>\n","protected":false,"gt_translate_keys":[{"key":"rendered","format":"html"}]},"excerpt":{"rendered":"<p>N\u00eb qytetin bregdetar t\u00eb Kotorrit, n\u00eb Malin e Zi \u00ebsht\u00eb duke u mbajtur takimi dyditor i Udh\u00ebheq\u00ebsve Rajonal\u00eb t\u00eb Planit t\u00eb Rritjes s\u00eb Ballkanit Per\u00ebndimor, s\u00eb bashku me partner\u00ebt e BE-s\u00eb dhe zyrtar\u00eb t\u00eb lart\u00eb qeveritar\u00eb nga i gjith\u00eb rajoni. N\u00eb k\u00ebt\u00eb takim dy ditor merr pjes\u00eb edhe Ndihm\u00ebs Sekretari i Shteteve t\u00eb Bashkuara p\u00ebr [&hellip;]<\/p>\n","protected":false,"gt_translate_keys":[{"key":"rendered","format":"html"}]},"author":32,"featured_media":675338,"comment_status":"closed","ping_status":"open","sticky":false,"template":"","format":"standard","meta":{"footnotes":""},"categories":[65,13],"tags":[],"class_list":["post-675336","post","type-post","status-publish","format-standard","has-post-thumbnail","hentry","category-lajme","category-te-fundit"],"gt_translate_keys":[{"key":"link","format":"url"}],"_links":{"self":[{"href":"https:\/\/www.hashtag.al\/index.php\/wp-json\/wp\/v2\/posts\/675336","targetHints":{"allow":["GET"]}}],"collection":[{"href":"https:\/\/www.hashtag.al\/index.php\/wp-json\/wp\/v2\/posts"}],"about":[{"href":"https:\/\/www.hashtag.al\/index.php\/wp-json\/wp\/v2\/types\/post"}],"author":[{"embeddable":true,"href":"https:\/\/www.hashtag.al\/index.php\/wp-json\/wp\/v2\/users\/32"}],"replies":[{"embeddable":true,"href":"https:\/\/www.hashtag.al\/index.php\/wp-json\/wp\/v2\/comments?post=675336"}],"version-history":[{"count":0,"href":"https:\/\/www.hashtag.al\/index.php\/wp-json\/wp\/v2\/posts\/675336\/revisions"}],"wp:featuredmedia":[{"embeddable":true,"href":"https:\/\/www.hashtag.al\/index.php\/wp-json\/wp\/v2\/media\/675338"}],"wp:attachment":[{"href":"https:\/\/www.hashtag.al\/index.php\/wp-json\/wp\/v2\/media?parent=675336"}],"wp:term":[{"taxonomy":"category","embeddable":true,"href":"https:\/\/www.hashtag.al\/index.php\/wp-json\/wp\/v2\/categories?post=675336"},{"taxonomy":"post_tag","embeddable":true,"href":"https:\/\/www.hashtag.al\/index.php\/wp-json\/wp\/v2\/tags?post=675336"}],"curies":[{"name":"wp","href":"https:\/\/api.w.org\/{rel}","templated":true}]}}