{"id":675296,"date":"2024-05-16T16:35:55","date_gmt":"2024-05-16T14:35:55","guid":{"rendered":"https:\/\/www.hashtag.al\/?p=675296"},"modified":"2024-05-16T16:35:55","modified_gmt":"2024-05-16T14:35:55","slug":"ama-nis-fushaten-e-edukimit-mediatik-me-prinder-dhe-edukatoret-e-kopshteve-te-tiranes","status":"publish","type":"post","link":"https:\/\/www.hashtag.al\/index.php\/2024\/05\/16\/ama-nis-fushaten-e-edukimit-mediatik-me-prinder-dhe-edukatoret-e-kopshteve-te-tiranes\/","title":{"rendered":"AMA nis fushat\u00ebn e Edukimit Mediatik me prind\u00ebr dhe edukatoret e kopshteve t\u00eb Tiran\u00ebs","gt_translate_keys":[{"key":"rendered","format":"text"}]},"content":{"rendered":"<p><span style=\"color: #000000;\"><a href=\"https:\/\/www.hashtag.al\/wp-content\/uploads\/2024\/05\/26ee9303-398f-4a44-92e2-a6e50cc02a4d-e1715866491218-768x536-1.jpg\"><img loading=\"lazy\" decoding=\"async\" class=\"aligncenter size-full wp-image-675297\" src=\"https:\/\/www.hashtag.al\/wp-content\/uploads\/2024\/05\/26ee9303-398f-4a44-92e2-a6e50cc02a4d-e1715866491218-768x536-1.jpg\" alt=\"\" width=\"768\" height=\"536\" srcset=\"https:\/\/www.hashtag.al\/wp-content\/uploads\/2024\/05\/26ee9303-398f-4a44-92e2-a6e50cc02a4d-e1715866491218-768x536-1.jpg 768w, https:\/\/www.hashtag.al\/wp-content\/uploads\/2024\/05\/26ee9303-398f-4a44-92e2-a6e50cc02a4d-e1715866491218-768x536-1-300x209.jpg 300w, https:\/\/www.hashtag.al\/wp-content\/uploads\/2024\/05\/26ee9303-398f-4a44-92e2-a6e50cc02a4d-e1715866491218-768x536-1-360x252.jpg 360w\" sizes=\"auto, (max-width: 768px) 100vw, 768px\" \/><\/a><\/span><\/p>\n<p><span style=\"color: #000000;\">Autoriteti i Mediave Audiovizive ka hapur faz\u00ebn e dyt\u00eb t\u00eb fushat\u00ebs s\u00eb Edukimit Mediatik.<\/span><\/p>\n<p><span style=\"color: #000000;\">E nisur prej muajsh me nj\u00eb cik\u00ebl videosh informuese dhe orientuese p\u00ebr f\u00ebmij\u00eb dhe t\u00eb rritur, mbi Prind\u00ebrimin Digjital, rreziqet e njohura digjitale, mbrojtja e t\u00eb dh\u00ebnave personale, lojrat, reklamat, blerjet online etj, kjo fushat\u00eb \u00ebsht\u00eb zgjeruar m\u00eb tej dhe ka p\u00ebr objektiv prind\u00ebr, edukatoret e kopshteve dhe f\u00ebmij\u00eb t\u00eb mosh\u00ebs parashkollore.<\/span><\/p>\n<p><span style=\"color: #000000;\">Kjo faz\u00eb e dyt\u00eb e titulluar, \u201cKompetenc\u00eb mediatike p\u00ebr moshat parashkollore\u201d, e hartuar dhe drejtuar nga K\u00ebshilli i Ankesave, nisi sot n\u00eb kopshtin \u201cDuarart\u00ebt\u201d, n\u00eb Nj\u00ebsin\u00eb administrative Nr.5, n\u00eb Tiran\u00eb, ku me prind\u00ebr dhe edukator\u00eb u diskutua p\u00ebr sfidat e prind\u00ebrimit n\u00eb epok\u00ebn digjitale.<\/span><\/p>\n<p><span style=\"color: #000000;\">Fushata \u00ebsht\u00eb konceptuar si nj\u00eb cik\u00ebl bisedash informuese dhe nd\u00ebrgjegj\u00ebsuese me prind\u00ebr dhe edukator\u00eb dhe ka n\u00eb qend\u00ebr t\u00eb v\u00ebmendjes f\u00ebmij\u00ebt parashkollor\u00eb t\u00eb mosh\u00ebs 5-6 vje\u00e7, p\u00ebr shkak t\u00eb ve\u00e7orive t\u00eb zhvillimit t\u00eb tyre moshor dhe nevoj\u00ebs p\u00ebr orientim n\u00eb bot\u00ebn mediatike dhe digjitale, n\u00eb prag t\u00eb nj\u00eb hapi t\u00eb r\u00ebnd\u00ebsish\u00ebm t\u00eb jet\u00ebs s\u00eb tyre, si\u00e7 \u00ebsht\u00eb shkollimi.<\/span><\/p>\n","protected":false,"gt_translate_keys":[{"key":"rendered","format":"html"}]},"excerpt":{"rendered":"<p>Autoriteti i Mediave Audiovizive ka hapur faz\u00ebn e dyt\u00eb t\u00eb fushat\u00ebs s\u00eb Edukimit Mediatik. E nisur prej muajsh me nj\u00eb cik\u00ebl videosh informuese dhe orientuese p\u00ebr f\u00ebmij\u00eb dhe t\u00eb rritur, mbi Prind\u00ebrimin Digjital, rreziqet e njohura digjitale, mbrojtja e t\u00eb dh\u00ebnave personale, lojrat, reklamat, blerjet online etj, kjo fushat\u00eb \u00ebsht\u00eb zgjeruar m\u00eb tej dhe ka [&hellip;]<\/p>\n","protected":false,"gt_translate_keys":[{"key":"rendered","format":"html"}]},"author":32,"featured_media":675297,"comment_status":"closed","ping_status":"open","sticky":false,"template":"","format":"standard","meta":{"footnotes":""},"categories":[65],"tags":[],"class_list":["post-675296","post","type-post","status-publish","format-standard","has-post-thumbnail","hentry","category-lajme"],"gt_translate_keys":[{"key":"link","format":"url"}],"_links":{"self":[{"href":"https:\/\/www.hashtag.al\/index.php\/wp-json\/wp\/v2\/posts\/675296","targetHints":{"allow":["GET"]}}],"collection":[{"href":"https:\/\/www.hashtag.al\/index.php\/wp-json\/wp\/v2\/posts"}],"about":[{"href":"https:\/\/www.hashtag.al\/index.php\/wp-json\/wp\/v2\/types\/post"}],"author":[{"embeddable":true,"href":"https:\/\/www.hashtag.al\/index.php\/wp-json\/wp\/v2\/users\/32"}],"replies":[{"embeddable":true,"href":"https:\/\/www.hashtag.al\/index.php\/wp-json\/wp\/v2\/comments?post=675296"}],"version-history":[{"count":0,"href":"https:\/\/www.hashtag.al\/index.php\/wp-json\/wp\/v2\/posts\/675296\/revisions"}],"wp:featuredmedia":[{"embeddable":true,"href":"https:\/\/www.hashtag.al\/index.php\/wp-json\/wp\/v2\/media\/675297"}],"wp:attachment":[{"href":"https:\/\/www.hashtag.al\/index.php\/wp-json\/wp\/v2\/media?parent=675296"}],"wp:term":[{"taxonomy":"category","embeddable":true,"href":"https:\/\/www.hashtag.al\/index.php\/wp-json\/wp\/v2\/categories?post=675296"},{"taxonomy":"post_tag","embeddable":true,"href":"https:\/\/www.hashtag.al\/index.php\/wp-json\/wp\/v2\/tags?post=675296"}],"curies":[{"name":"wp","href":"https:\/\/api.w.org\/{rel}","templated":true}]}}