{"id":675292,"date":"2024-05-16T16:07:31","date_gmt":"2024-05-16T14:07:31","guid":{"rendered":"https:\/\/www.hashtag.al\/?p=675292"},"modified":"2024-05-16T16:07:31","modified_gmt":"2024-05-16T14:07:31","slug":"rama-besimplote-se-ndertimi-i-ures-qe-lidh-malin-e-zi-dhe-shqiperine-do-nise-brenda-vitit","status":"publish","type":"post","link":"https:\/\/www.hashtag.al\/index.php\/2024\/05\/16\/rama-besimplote-se-ndertimi-i-ures-qe-lidh-malin-e-zi-dhe-shqiperine-do-nise-brenda-vitit\/","title":{"rendered":"Rama: Besimplot\u00eb se nd\u00ebrtimi i Ur\u00ebs q\u00eb lidh Malin e Zi dhe Shqip\u00ebrin\u00eb do nis\u00eb brenda vitit","gt_translate_keys":[{"key":"rendered","format":"text"}]},"content":{"rendered":"<p><span style=\"color: #000000;\"><a href=\"https:\/\/www.hashtag.al\/wp-content\/uploads\/2024\/05\/Rama1-1-770x421-1.jpg\"><img loading=\"lazy\" decoding=\"async\" class=\"aligncenter size-full wp-image-675293\" src=\"https:\/\/www.hashtag.al\/wp-content\/uploads\/2024\/05\/Rama1-1-770x421-1.jpg\" alt=\"\" width=\"770\" height=\"421\" srcset=\"https:\/\/www.hashtag.al\/wp-content\/uploads\/2024\/05\/Rama1-1-770x421-1.jpg 770w, https:\/\/www.hashtag.al\/wp-content\/uploads\/2024\/05\/Rama1-1-770x421-1-300x164.jpg 300w, https:\/\/www.hashtag.al\/wp-content\/uploads\/2024\/05\/Rama1-1-770x421-1-768x420.jpg 768w\" sizes=\"auto, (max-width: 770px) 100vw, 770px\" \/><\/a><\/span><\/p>\n<p><span style=\"color: #000000;\">Vizita n\u00eb Mal t\u00eb Zi n\u00eb kuad\u00ebr t\u00eb Samitit t\u00eb Ballkanit Per\u00ebndimor me BE-n\u00eb, i organizuar nga kryeministri malazez \u00ebsht\u00eb Millojko Spaji\u00e7 u shfryt\u00ebzua nga kryeministri Edi Rama dhe p\u00ebr nj\u00eb takim kontruktiv lidhur me projektet e p\u00ebrbashk\u00ebta mes dy vendeve.<\/span><\/p>\n<p><span style=\"color: #000000;\">Kryeministri Rama u shpreh besimplot\u00eb se brenda vitit nis nd\u00ebrtimi i ur\u00ebs lidh\u00ebse t\u00eb Bun\u00ebs.<\/span><\/p>\n<p><span style=\"color: #000000;\"><em>\u201cPara sesa t\u00eb b\u00ebnim k\u00ebt\u00eb intervist\u00eb dhe pastaj t\u00eb kthehemi n\u00eb Shqip\u00ebri, kam pasur takim me kryeministrin e Malit t\u00eb Zi dhe nj\u00eb ekip q\u00eb ka ardhur enkas p\u00ebr k\u00ebt\u00eb takim nga Tirana p\u00ebr disa tema, p\u00ebr tem\u00ebn e ur\u00ebs q\u00eb lidh t\u00eb dy an\u00ebt e Bun\u00ebs dhe q\u00eb tani \u00ebsht\u00eb n\u00eb faz\u00ebn e futjes n\u00eb procesin e zbatimit. Do t\u00eb ngrihet grupi i p\u00ebrbashk\u00ebt operacional dhe do t\u00eb shpallet gara nd\u00ebrkomb\u00ebtare p\u00ebr nd\u00ebrtimin e ur\u00ebs dhe jemi besimplot\u00eb q\u00eb brenda vitit ne do t\u00eb shohim kantierin e nd\u00ebrtimit t\u00eb ur\u00ebs lidh\u00ebse t\u00eb Bun\u00ebs&#8221; tha Rama gjat\u00eb nj\u00eb bashk\u00ebbisedimi me gazetar\u00ebt shqiptar\u00eb sot n\u00eb Kotorr.\u201d<\/em><\/span><\/p>\n<p><span style=\"color: #000000;\">Gjithashtu\u00a0 mes tyre \u00ebsht\u00eb folur dhe p\u00ebr nj\u00eb operim t\u00eb p\u00ebrbashk\u00ebt t\u00eb lundrimit n\u00eb liqen dhe nj\u00eb projekt t\u00eb p\u00ebrbashk\u00ebt turistik n\u00eb t\u00eb dyja an\u00ebt e Bun\u00ebs.<\/span><\/p>\n<p><span style=\"color: #000000;\"><em>&#8220;E dyta, kemi folur p\u00ebr liqenin sepse nga ana malazeze \u00ebsht\u00eb p\u00ebrfunduar pjesa deri n\u00eb Zogaj, nga ana shqiptare k\u00ebrkohet edhe nj\u00eb pjes\u00eb tjet\u00ebr p\u00ebr ta \u00e7uar deri aty. Do t\u00eb lidhet gjith\u00eb rruga per\u00ebndimore e liqenit dhe kemi folur edhe p\u00ebr nj\u00eb operim t\u00eb p\u00ebrbashk\u00ebt t\u00eb lundrimit n\u00eb liqen. Kemi folur, po ashtu, edhe p\u00ebr nj\u00eb projekt t\u00eb p\u00ebrbashk\u00ebt t\u00eb zhvillimit turistik n\u00eb t\u00eb dyja an\u00ebt e Bun\u00ebs p\u00ebr t\u00eb cilin do t\u00eb angazhojm\u00eb agjencit\u00eb respektive t\u00eb investimeve, s\u00eb bashku me agjencit\u00eb respektive t\u00eb planifikimit urban p\u00ebr t\u00eb shkruar termat e referenc\u00ebs p\u00ebr nj\u00eb konkurs t\u00eb p\u00ebrbashk\u00ebt nd\u00ebrkomb\u00ebtar, ku do t\u00eb th\u00ebrrasim, si\u00e7 b\u00ebjm\u00eb ne n\u00eb Shqip\u00ebri, arkitekt\u00ebt dhe urbanist\u00ebt m\u00eb t\u00eb m\u00ebdhenj ose nd\u00ebr arkitekt\u00ebt dhe urbanist\u00ebt, po themi, t\u00eb Champions League t\u00eb arkitektur\u00ebs dhe urbanistik\u00ebs bashk\u00ebkohore p\u00ebr t\u00eb marr\u00eb pjes\u00eb n\u00eb konkurs dhe kam folur edhe p\u00ebr k\u00ebt\u00eb tem\u00eb t\u00eb \u00e7uditshme e cila vazhdon t\u00eb mos gjej\u00eb zgjidhje, por un\u00eb jam besimplot\u00eb q\u00eb do ta gjejm\u00eb zgjidhjen sepse kryeministri ma ka premtuar&#8221; <\/em>tha Rama.<\/span><\/p>\n","protected":false,"gt_translate_keys":[{"key":"rendered","format":"html"}]},"excerpt":{"rendered":"<p>Vizita n\u00eb Mal t\u00eb Zi n\u00eb kuad\u00ebr t\u00eb Samitit t\u00eb Ballkanit Per\u00ebndimor me BE-n\u00eb, i organizuar nga kryeministri malazez \u00ebsht\u00eb Millojko Spaji\u00e7 u shfryt\u00ebzua nga kryeministri Edi Rama dhe p\u00ebr nj\u00eb takim kontruktiv lidhur me projektet e p\u00ebrbashk\u00ebta mes dy vendeve. Kryeministri Rama u shpreh besimplot\u00eb se brenda vitit nis nd\u00ebrtimi i ur\u00ebs lidh\u00ebse t\u00eb [&hellip;]<\/p>\n","protected":false,"gt_translate_keys":[{"key":"rendered","format":"html"}]},"author":32,"featured_media":675293,"comment_status":"closed","ping_status":"open","sticky":false,"template":"","format":"standard","meta":{"footnotes":""},"categories":[65],"tags":[],"class_list":["post-675292","post","type-post","status-publish","format-standard","has-post-thumbnail","hentry","category-lajme"],"gt_translate_keys":[{"key":"link","format":"url"}],"_links":{"self":[{"href":"https:\/\/www.hashtag.al\/index.php\/wp-json\/wp\/v2\/posts\/675292","targetHints":{"allow":["GET"]}}],"collection":[{"href":"https:\/\/www.hashtag.al\/index.php\/wp-json\/wp\/v2\/posts"}],"about":[{"href":"https:\/\/www.hashtag.al\/index.php\/wp-json\/wp\/v2\/types\/post"}],"author":[{"embeddable":true,"href":"https:\/\/www.hashtag.al\/index.php\/wp-json\/wp\/v2\/users\/32"}],"replies":[{"embeddable":true,"href":"https:\/\/www.hashtag.al\/index.php\/wp-json\/wp\/v2\/comments?post=675292"}],"version-history":[{"count":0,"href":"https:\/\/www.hashtag.al\/index.php\/wp-json\/wp\/v2\/posts\/675292\/revisions"}],"wp:featuredmedia":[{"embeddable":true,"href":"https:\/\/www.hashtag.al\/index.php\/wp-json\/wp\/v2\/media\/675293"}],"wp:attachment":[{"href":"https:\/\/www.hashtag.al\/index.php\/wp-json\/wp\/v2\/media?parent=675292"}],"wp:term":[{"taxonomy":"category","embeddable":true,"href":"https:\/\/www.hashtag.al\/index.php\/wp-json\/wp\/v2\/categories?post=675292"},{"taxonomy":"post_tag","embeddable":true,"href":"https:\/\/www.hashtag.al\/index.php\/wp-json\/wp\/v2\/tags?post=675292"}],"curies":[{"name":"wp","href":"https:\/\/api.w.org\/{rel}","templated":true}]}}