{"id":674916,"date":"2024-05-15T07:42:58","date_gmt":"2024-05-15T05:42:58","guid":{"rendered":"https:\/\/www.hashtag.al\/?p=674916"},"modified":"2024-05-15T07:42:58","modified_gmt":"2024-05-15T05:42:58","slug":"protesta-te-ashpra-ne-armeni-kunder-kryeministrit-dhjetera-te-arrestuar-video","status":"publish","type":"post","link":"https:\/\/www.hashtag.al\/index.php\/2024\/05\/15\/protesta-te-ashpra-ne-armeni-kunder-kryeministrit-dhjetera-te-arrestuar-video\/","title":{"rendered":"Protesta t\u00eb ashpra n\u00eb Armeni kund\u00ebr kryeministrit, dhjet\u00ebra t\u00eb arrestuar (Video)","gt_translate_keys":[{"key":"rendered","format":"text"}]},"content":{"rendered":"<p><img loading=\"lazy\" decoding=\"async\" class=\"aligncenter size-full wp-image-674917\" src=\"https:\/\/www.hashtag.al\/wp-content\/uploads\/2024\/05\/armeni.jpg\" alt=\"\" width=\"768\" height=\"432\" srcset=\"https:\/\/www.hashtag.al\/wp-content\/uploads\/2024\/05\/armeni.jpg 768w, https:\/\/www.hashtag.al\/wp-content\/uploads\/2024\/05\/armeni-300x169.jpg 300w\" sizes=\"auto, (max-width: 768px) 100vw, 768px\" \/><\/p>\n<p><span style=\"color: #000000;\">Policia armene thuhet se ka arrestuar t\u00eb pakt\u00ebn 63 protestues n\u00eb kryeqytetin Jerevan t\u00eb mart\u00ebn, nd\u00ebrsa kryeministri Nikol Pashinyan vijon t\u00eb p\u00ebrballet me thirrjet p\u00ebr t\u00eb dh\u00ebn\u00eb dor\u00ebheqjen lidhur me nj\u00eb marr\u00ebveshje kufitare me Azerbajxhanin fqinj.<\/span><\/p>\n<p><span style=\"color: #000000;\">Sipas mediave vendase, protestat filluan her\u00ebt n\u00eb m\u00ebngjes kur aktivist\u00ebt p\u00ebrdor\u00ebn kazan\u00ebt e plehrave dhe stolat p\u00ebr t\u00eb bllokuar rrug\u00ebn \u201cAbovyan\u201d, q\u00eb t\u00eb \u00e7on n\u00eb sheshin kryesor t\u00eb Jerevanit. Pamjet e postuara n\u00eb internet treguan dhjet\u00ebra oficer\u00eb q\u00eb frenonin protestuesit dhe i merrnin me furgona policie. <\/span><\/p>\n<p><span style=\"color: #000000;\">T\u00eb gjith\u00eb t\u00eb arrestuarit u liruan m\u00eb von\u00eb, njoftuan mediat, duke cituar forcat e rendit. Trazirat u shfaq\u00ebn p\u00ebr her\u00eb t\u00eb par\u00eb n\u00eb mes t\u00eb prillit kur Jerevani dhe Bakuja ran\u00eb dakord p\u00ebr t\u00eb nisur nj\u00eb proces p\u00ebr p\u00ebrcaktimin e kufijve, duke filluar me transferimin e kat\u00ebr fshatrave n\u00eb rajonin e Tavushit te Azerbajxhani.<\/span><\/p>\n<p><span style=\"color: #000000;\">Marr\u00ebveshja ngjalli zem\u00ebrim dhe \u00e7oi n\u00eb formimin e l\u00ebvizjes protestuese &#8220;Tavush p\u00ebr Atdheun&#8221;, e udh\u00ebhequr nga kreu i dioqez\u00ebs s\u00eb Kish\u00ebs Apostolike Armene n\u00eb Tavush, Kryepeshkopi Bagrat Galstanyan.<\/span><\/p>\n<p><span style=\"color: #000000;\">N\u00eb fillim t\u00eb k\u00ebtij muaji, protestuesit filluan nj\u00eb marshim nga rajoni kufitar drejt kryeqytetit.<\/span><\/p>\n<p><span style=\"color: #000000;\">M\u00eb 9 maj, aktivist\u00ebt organizuan nj\u00eb demonstrat\u00eb prej disa mij\u00ebrash n\u00eb Jerevan, ku Galstanyan k\u00ebrkoi dor\u00ebheqjen e kryeministrit. Sipas kryepeshkopit, dy parti opozitare n\u00eb parlamentin armen jan\u00eb gati t\u00eb fillojn\u00eb procedurat e shkarkimit t\u00eb Pashinyan.<\/span><\/p>\n<div style=\"width: 1170px;\" class=\"wp-video\"><video class=\"wp-video-shortcode\" id=\"video-674916-1\" width=\"1170\" height=\"658\" preload=\"metadata\" controls=\"controls\"><source type=\"video\/mp4\" src=\"https:\/\/www.hashtag.al\/wp-content\/uploads\/2024\/05\/0f284e-1.mp4?_=1\" \/><a href=\"https:\/\/www.hashtag.al\/wp-content\/uploads\/2024\/05\/0f284e-1.mp4\">https:\/\/www.hashtag.al\/wp-content\/uploads\/2024\/05\/0f284e-1.mp4<\/a><\/video><\/div>\n<p><span style=\"color: #000000;\">Marr\u00ebdh\u00ebniet midis Armenis\u00eb dhe Azerbajxhanit fqinj jan\u00eb acaruar q\u00eb nga r\u00ebnia e Bashkimit Sovjetik, kur popullsia kryesisht armene e rajonit t\u00eb Karabakut t\u00eb Azerbajxhanit shpalli pavar\u00ebsin\u00eb nga Baku. Rajoni ka ekzistuar p\u00ebr shum\u00eb vite si nj\u00eb republik\u00eb e panjohur dhe ka \u00e7uar n\u00eb nj\u00eb seri konfliktesh t\u00eb p\u00ebrgjakshme midis dy vendeve.<\/span><\/p>\n<p><span style=\"color: #000000;\">P\u00ebrshkall\u00ebzimi i fundit i madh i armiq\u00ebsive ndodhi n\u00eb vitin 2023, kur ushtar\u00ebt e Azerbajxhanit u p\u00ebrlesh\u00ebn me forcat separatiste t\u00eb provinc\u00ebs. Konflikti p\u00ebrfundoi me shp\u00ebrb\u00ebrjen e qeveris\u00eb s\u00eb Nagorno-Karabakut dhe kthimin e provinc\u00ebs n\u00ebn kontrollin e Bakut.<\/span><\/p>\n<p><span style=\"color: #000000;\">Pashinyan \u00ebsht\u00eb p\u00ebrballur me protesta dhe akuza p\u00ebr tradhti p\u00ebr trajtimin e konfliktit q\u00eb nga koha kur ai njohu zyrtarisht sovranitetin e Bakut mbi rajonin n\u00eb vitin 2023. Duke komentuar n\u00eb dhjetor, kryeministri argumentoi se shfuqizimi i Nagorno-Karabakut kishte qen\u00eb i pashmangsh\u00ebm dhe se Jerevani po shpenzon kot burimet e saj p\u00ebr republik\u00ebn.<\/span><\/p>\n<div style=\"width: 848px;\" class=\"wp-video\"><video class=\"wp-video-shortcode\" id=\"video-674916-2\" width=\"848\" height=\"476\" preload=\"metadata\" controls=\"controls\"><source type=\"video\/mp4\" src=\"https:\/\/www.hashtag.al\/wp-content\/uploads\/2024\/05\/ssstwitter.com_1715719806790.mp4?_=2\" \/><a href=\"https:\/\/www.hashtag.al\/wp-content\/uploads\/2024\/05\/ssstwitter.com_1715719806790.mp4\">https:\/\/www.hashtag.al\/wp-content\/uploads\/2024\/05\/ssstwitter.com_1715719806790.mp4<\/a><\/video><\/div>\n","protected":false,"gt_translate_keys":[{"key":"rendered","format":"html"}]},"excerpt":{"rendered":"<p>Policia armene thuhet se ka arrestuar t\u00eb pakt\u00ebn 63 protestues n\u00eb kryeqytetin Jerevan t\u00eb mart\u00ebn, nd\u00ebrsa kryeministri Nikol Pashinyan vijon t\u00eb p\u00ebrballet me thirrjet p\u00ebr t\u00eb dh\u00ebn\u00eb dor\u00ebheqjen lidhur me nj\u00eb marr\u00ebveshje kufitare me Azerbajxhanin fqinj. Sipas mediave vendase, protestat filluan her\u00ebt n\u00eb m\u00ebngjes kur aktivist\u00ebt p\u00ebrdor\u00ebn kazan\u00ebt e plehrave dhe stolat p\u00ebr t\u00eb bllokuar [&hellip;]<\/p>\n","protected":false,"gt_translate_keys":[{"key":"rendered","format":"html"}]},"author":51,"featured_media":674917,"comment_status":"closed","ping_status":"open","sticky":false,"template":"","format":"standard","meta":{"footnotes":""},"categories":[6],"tags":[],"class_list":["post-674916","post","type-post","status-publish","format-standard","has-post-thumbnail","hentry","category-nderkombetare"],"gt_translate_keys":[{"key":"link","format":"url"}],"_links":{"self":[{"href":"https:\/\/www.hashtag.al\/index.php\/wp-json\/wp\/v2\/posts\/674916","targetHints":{"allow":["GET"]}}],"collection":[{"href":"https:\/\/www.hashtag.al\/index.php\/wp-json\/wp\/v2\/posts"}],"about":[{"href":"https:\/\/www.hashtag.al\/index.php\/wp-json\/wp\/v2\/types\/post"}],"author":[{"embeddable":true,"href":"https:\/\/www.hashtag.al\/index.php\/wp-json\/wp\/v2\/users\/51"}],"replies":[{"embeddable":true,"href":"https:\/\/www.hashtag.al\/index.php\/wp-json\/wp\/v2\/comments?post=674916"}],"version-history":[{"count":0,"href":"https:\/\/www.hashtag.al\/index.php\/wp-json\/wp\/v2\/posts\/674916\/revisions"}],"wp:featuredmedia":[{"embeddable":true,"href":"https:\/\/www.hashtag.al\/index.php\/wp-json\/wp\/v2\/media\/674917"}],"wp:attachment":[{"href":"https:\/\/www.hashtag.al\/index.php\/wp-json\/wp\/v2\/media?parent=674916"}],"wp:term":[{"taxonomy":"category","embeddable":true,"href":"https:\/\/www.hashtag.al\/index.php\/wp-json\/wp\/v2\/categories?post=674916"},{"taxonomy":"post_tag","embeddable":true,"href":"https:\/\/www.hashtag.al\/index.php\/wp-json\/wp\/v2\/tags?post=674916"}],"curies":[{"name":"wp","href":"https:\/\/api.w.org\/{rel}","templated":true}]}}