{"id":674645,"date":"2024-05-13T23:12:31","date_gmt":"2024-05-13T21:12:31","guid":{"rendered":"https:\/\/www.hashtag.al\/?p=674645"},"modified":"2024-05-13T23:13:11","modified_gmt":"2024-05-13T21:13:11","slug":"rama-marredheniet-me-greqine-ne-ngerc","status":"publish","type":"post","link":"https:\/\/www.hashtag.al\/index.php\/2024\/05\/13\/rama-marredheniet-me-greqine-ne-ngerc\/","title":{"rendered":"Rama: Marr\u00ebdh\u00ebniet me Greqin\u00eb n\u00eb ng\u00ebr\u00e7","gt_translate_keys":[{"key":"rendered","format":"text"}]},"content":{"rendered":"<p><span style=\"color: #000000;\"><a style=\"color: #000000;\" href=\"https:\/\/www.hashtag.al\/wp-content\/uploads\/2024\/05\/rama-greqi.png\"><img loading=\"lazy\" decoding=\"async\" class=\"aligncenter size-full wp-image-674646\" src=\"https:\/\/www.hashtag.al\/wp-content\/uploads\/2024\/05\/rama-greqi.png\" alt=\"\" width=\"986\" height=\"506\" srcset=\"https:\/\/www.hashtag.al\/wp-content\/uploads\/2024\/05\/rama-greqi.png 986w, https:\/\/www.hashtag.al\/wp-content\/uploads\/2024\/05\/rama-greqi-300x154.png 300w, https:\/\/www.hashtag.al\/wp-content\/uploads\/2024\/05\/rama-greqi-768x394.png 768w, https:\/\/www.hashtag.al\/wp-content\/uploads\/2024\/05\/rama-greqi-568x290.png 568w\" sizes=\"auto, (max-width: 986px) 100vw, 986px\" \/><\/a><\/span><\/p>\n<p><span style=\"color: #000000;\">Kryeministri Edi Rama n\u00eb nj\u00eb intervist\u00eb p\u00ebr emisionin \u201cOpinion\u201d foli p\u00ebr marr\u00ebdh\u00ebniet e Greqis\u00eb me Shqip\u00ebris\u00eb dhe ato personale q\u00eb ka me homologun e tij n\u00eb Athin\u00eb.<\/span><\/p>\n<p><span style=\"color: #000000;\">Rama tha se marr\u00ebdh\u00ebnia personale me kryeministrin e Greqis\u00eb jan\u00eb shum\u00eb t\u00eb mira, nd\u00ebrkoh\u00eb q\u00eb n\u00eb marr\u00ebdh\u00ebnien institucionale ka nj\u00eb ng\u00ebr\u00e7.<\/span><\/p>\n<p><span style=\"color: #000000;\">\u201c<em>Raportet e mia me kryeministrin Mitsotakis jan\u00eb shum\u00eb t\u00eb mira. N\u00eb aspektin personal marr\u00ebdh\u00ebniet tona jan\u00eb shum\u00eb t\u00eb mira. P\u00ebr sa i p\u00ebrket roleve institucionale, dihet q\u00eb ka nj\u00eb ng\u00ebr\u00e7 dhe dihet cili \u00ebsht\u00eb ng\u00ebr\u00e7i. M\u00ebnyra sesi politika greke e ka lexuar \u00e7\u00ebshtje Beleri, m\u00ebnyra sesi e ka inflamuar n\u00eb syt\u00eb e opinionit publik grek p\u00ebr konsum t\u00eb brendsh\u00ebm e b\u00ebn t\u00eb vet\u00ebdijshme at\u00eb q\u00eb reflektohet n\u00eb marr\u00ebdh\u00ebnien mes dy qeverive. Por ajo q\u00eb dua t\u00eb them \u00ebsht\u00eb q\u00eb ne nd\u00ebrkoh\u00eb kemi pasur nj\u00eb n\u00ebnshtres\u00eb n\u00eb k\u00ebto marr\u00ebdh\u00ebnie, ku gj\u00ebrat kan\u00eb funksionuar dhe kan\u00eb ecur normalisht<\/em>\u201d, tha Rama.<\/span><\/p>\n","protected":false,"gt_translate_keys":[{"key":"rendered","format":"html"}]},"excerpt":{"rendered":"<p>Kryeministri Edi Rama n\u00eb nj\u00eb intervist\u00eb p\u00ebr emisionin \u201cOpinion\u201d foli p\u00ebr marr\u00ebdh\u00ebniet e Greqis\u00eb me Shqip\u00ebris\u00eb dhe ato personale q\u00eb ka me homologun e tij n\u00eb Athin\u00eb. Rama tha se marr\u00ebdh\u00ebnia personale me kryeministrin e Greqis\u00eb jan\u00eb shum\u00eb t\u00eb mira, nd\u00ebrkoh\u00eb q\u00eb n\u00eb marr\u00ebdh\u00ebnien institucionale ka nj\u00eb ng\u00ebr\u00e7. \u201cRaportet e mia me kryeministrin Mitsotakis jan\u00eb [&hellip;]<\/p>\n","protected":false,"gt_translate_keys":[{"key":"rendered","format":"html"}]},"author":32,"featured_media":674646,"comment_status":"closed","ping_status":"open","sticky":false,"template":"","format":"standard","meta":{"footnotes":""},"categories":[65,13],"tags":[],"class_list":["post-674645","post","type-post","status-publish","format-standard","has-post-thumbnail","hentry","category-lajme","category-te-fundit"],"gt_translate_keys":[{"key":"link","format":"url"}],"_links":{"self":[{"href":"https:\/\/www.hashtag.al\/index.php\/wp-json\/wp\/v2\/posts\/674645","targetHints":{"allow":["GET"]}}],"collection":[{"href":"https:\/\/www.hashtag.al\/index.php\/wp-json\/wp\/v2\/posts"}],"about":[{"href":"https:\/\/www.hashtag.al\/index.php\/wp-json\/wp\/v2\/types\/post"}],"author":[{"embeddable":true,"href":"https:\/\/www.hashtag.al\/index.php\/wp-json\/wp\/v2\/users\/32"}],"replies":[{"embeddable":true,"href":"https:\/\/www.hashtag.al\/index.php\/wp-json\/wp\/v2\/comments?post=674645"}],"version-history":[{"count":0,"href":"https:\/\/www.hashtag.al\/index.php\/wp-json\/wp\/v2\/posts\/674645\/revisions"}],"wp:featuredmedia":[{"embeddable":true,"href":"https:\/\/www.hashtag.al\/index.php\/wp-json\/wp\/v2\/media\/674646"}],"wp:attachment":[{"href":"https:\/\/www.hashtag.al\/index.php\/wp-json\/wp\/v2\/media?parent=674645"}],"wp:term":[{"taxonomy":"category","embeddable":true,"href":"https:\/\/www.hashtag.al\/index.php\/wp-json\/wp\/v2\/categories?post=674645"},{"taxonomy":"post_tag","embeddable":true,"href":"https:\/\/www.hashtag.al\/index.php\/wp-json\/wp\/v2\/tags?post=674645"}],"curies":[{"name":"wp","href":"https:\/\/api.w.org\/{rel}","templated":true}]}}