{"id":674621,"date":"2024-05-13T21:31:01","date_gmt":"2024-05-13T19:31:01","guid":{"rendered":"https:\/\/www.hashtag.al\/?p=674621"},"modified":"2024-05-13T21:31:01","modified_gmt":"2024-05-13T19:31:01","slug":"e-mitura-ne-belgjike-dhunohet-seksualisht-nga-11-persona","status":"publish","type":"post","link":"https:\/\/www.hashtag.al\/index.php\/2024\/05\/13\/e-mitura-ne-belgjike-dhunohet-seksualisht-nga-11-persona\/","title":{"rendered":"E mitura n\u00eb Belgjik\u00eb dhunohet seksualisht nga 11 persona","gt_translate_keys":[{"key":"rendered","format":"text"}]},"content":{"rendered":"<p><span style=\"color: #000000;\"><a style=\"color: #000000;\" href=\"https:\/\/www.hashtag.al\/wp-content\/uploads\/2024\/05\/pyll-belg.png\"><img loading=\"lazy\" decoding=\"async\" class=\"aligncenter size-full wp-image-674622\" src=\"https:\/\/www.hashtag.al\/wp-content\/uploads\/2024\/05\/pyll-belg.png\" alt=\"\" width=\"953\" height=\"559\" srcset=\"https:\/\/www.hashtag.al\/wp-content\/uploads\/2024\/05\/pyll-belg.png 953w, https:\/\/www.hashtag.al\/wp-content\/uploads\/2024\/05\/pyll-belg-300x176.png 300w, https:\/\/www.hashtag.al\/wp-content\/uploads\/2024\/05\/pyll-belg-768x450.png 768w\" sizes=\"auto, (max-width: 953px) 100vw, 953px\" \/><\/a><\/span><\/p>\n<p><span style=\"color: #000000;\">N\u00eb nj\u00eb rast shqet\u00ebsues q\u00eb ka ngjallur zem\u00ebrim n\u00eb t\u00eb gjith\u00eb Belgjik\u00ebn, nj\u00eb vajz\u00eb 14-vje\u00e7are u p\u00ebrdhunua n\u00eb grup nga dhjet\u00eb miqt\u00eb e t\u00eb dashurit t\u00eb saj n\u00eb nj\u00eb pyll. Sipas Brussels Times, t\u00eb dhjet\u00eb t\u00eb akuzuarit besohet se jan\u00eb t\u00eb mitur, t\u00eb mosh\u00ebs 11 deri n\u00eb 16 vje\u00e7. Sipas prokuror\u00ebve, vajza \u00ebsht\u00eb abuzuar nga t\u00eb miturit deri n\u00eb tre raste midis 2 dhe 6 prillit gjat\u00eb festave t\u00eb Pashk\u00ebve.<\/span><\/p>\n<p><span style=\"color: #000000;\">Vajza, emri i s\u00eb cil\u00ebs nuk b\u00ebhet i ditur p\u00ebr arsye privat\u00ebsie, dyshohet se u josh n\u00eb nj\u00eb zon\u00eb pyjore t\u00eb quajtur Kabouterbos n\u00eb Kortrijk, nga i dashuri i saj adoleshent gjat\u00eb pushimit t\u00eb shkoll\u00ebs s\u00eb Pashk\u00ebve. Ajo u abuzua seksualisht nga miqt\u00eb e tij, nd\u00ebrsa disa burime thon\u00eb se ajo u mbajt atje p\u00ebr dy dit\u00eb. Grupi gjithashtu filmoi sulmin n\u00eb telefonat e tyre inteligjent\u00eb dhe postoi video n\u00eb mediat sociale.<\/span><\/p>\n<p><span style=\"color: #000000;\">An\u00ebtar\u00ebt e grupit abuzonin me radh\u00eb me viktim\u00ebn dhe t\u00eb gjith\u00eb mor\u00ebn pjes\u00eb &#8220;n\u00eb nj\u00eb mas\u00eb m\u00eb t\u00eb madhe ose m\u00eb t\u00eb vog\u00ebl&#8221;, tha n\u00eb raportin e saj gazeta belge Nieuwsblad.<\/span><\/p>\n<p><span style=\"color: #000000;\">Media raportoi m\u00eb tej se t\u00eb dyshuarit &#8220;besohet se ishin t\u00eb rinj me origjin\u00eb emigrante&#8221;. Nd\u00ebrsa gjasht\u00eb nga t\u00eb dyshuarit jan\u00eb vendosur n\u00eb nj\u00eb institucion t\u00eb mbyllur, kat\u00ebr t\u00eb tjer\u00eb jan\u00eb n\u00eb arrest sht\u00ebpiak.<\/span><\/p>\n<p><span style=\"color: #000000;\">Tom Janssens i zyr\u00ebs s\u00eb prokurorit publik flamand per\u00ebndimor tha p\u00ebr VRT News, &#8220;I dyshuari m\u00eb i ri \u00ebsht\u00eb 11 vje\u00e7. Duke qen\u00eb se t\u00eb dyshuarit jan\u00eb kaq t\u00eb rinj, ne nuk po japim shum\u00eb informacione. Megjithat\u00eb, t\u00eb gjith\u00eb jan\u00eb identifikuar dhe arrestuar dhe jan\u00eb marr\u00eb masat. nga gjykata p\u00ebr t\u00eb miturit, v\u00ebmendja jon\u00eb po shkon para s\u00eb gjithash tek viktima.<\/span><\/p>\n<p><span style=\"color: #000000;\">Viktima nd\u00ebrkoh\u00eb po merr udh\u00ebzime dhe k\u00ebshilla t\u00eb specializuara pas kalvarit t\u00eb saj.<\/span><\/p>\n<p><span style=\"color: #000000;\">Nj\u00eb hetim i vazhduesh\u00ebm p\u00ebr rastin tani do t\u00eb punoj\u00eb p\u00ebr t\u00eb p\u00ebrcaktuar se n\u00eb \u00e7far\u00eb mase secili i dyshuar ishte i p\u00ebrfshir\u00eb n\u00eb sulmin ndaj vajz\u00ebs 14-vje\u00e7are, ose n\u00ebse ka qen\u00eb kalimtar\u00eb.<\/span><\/p>\n<p><span style=\"color: #000000;\">Rasti n\u00eb Belgjik\u00eb vjen tre vjet pas nj\u00eb tjet\u00ebr incidenti t\u00eb ngjash\u00ebm t\u00eb tmerrsh\u00ebm q\u00eb tronditi vendin kur nj\u00eb vajz\u00eb 14-vje\u00e7are u p\u00ebrdhunua nga nj\u00eb grup t\u00eb rinjsh n\u00eb nj\u00eb varrez\u00eb n\u00eb Ghent, n\u00eb Flandr\u00ebn Lindore.<\/span><\/p>\n","protected":false,"gt_translate_keys":[{"key":"rendered","format":"html"}]},"excerpt":{"rendered":"<p>N\u00eb nj\u00eb rast shqet\u00ebsues q\u00eb ka ngjallur zem\u00ebrim n\u00eb t\u00eb gjith\u00eb Belgjik\u00ebn, nj\u00eb vajz\u00eb 14-vje\u00e7are u p\u00ebrdhunua n\u00eb grup nga dhjet\u00eb miqt\u00eb e t\u00eb dashurit t\u00eb saj n\u00eb nj\u00eb pyll. Sipas Brussels Times, t\u00eb dhjet\u00eb t\u00eb akuzuarit besohet se jan\u00eb t\u00eb mitur, t\u00eb mosh\u00ebs 11 deri n\u00eb 16 vje\u00e7. Sipas prokuror\u00ebve, vajza \u00ebsht\u00eb abuzuar nga [&hellip;]<\/p>\n","protected":false,"gt_translate_keys":[{"key":"rendered","format":"html"}]},"author":32,"featured_media":674622,"comment_status":"closed","ping_status":"open","sticky":false,"template":"","format":"standard","meta":{"footnotes":""},"categories":[6,13],"tags":[],"class_list":["post-674621","post","type-post","status-publish","format-standard","has-post-thumbnail","hentry","category-nderkombetare","category-te-fundit"],"gt_translate_keys":[{"key":"link","format":"url"}],"_links":{"self":[{"href":"https:\/\/www.hashtag.al\/index.php\/wp-json\/wp\/v2\/posts\/674621","targetHints":{"allow":["GET"]}}],"collection":[{"href":"https:\/\/www.hashtag.al\/index.php\/wp-json\/wp\/v2\/posts"}],"about":[{"href":"https:\/\/www.hashtag.al\/index.php\/wp-json\/wp\/v2\/types\/post"}],"author":[{"embeddable":true,"href":"https:\/\/www.hashtag.al\/index.php\/wp-json\/wp\/v2\/users\/32"}],"replies":[{"embeddable":true,"href":"https:\/\/www.hashtag.al\/index.php\/wp-json\/wp\/v2\/comments?post=674621"}],"version-history":[{"count":0,"href":"https:\/\/www.hashtag.al\/index.php\/wp-json\/wp\/v2\/posts\/674621\/revisions"}],"wp:featuredmedia":[{"embeddable":true,"href":"https:\/\/www.hashtag.al\/index.php\/wp-json\/wp\/v2\/media\/674622"}],"wp:attachment":[{"href":"https:\/\/www.hashtag.al\/index.php\/wp-json\/wp\/v2\/media?parent=674621"}],"wp:term":[{"taxonomy":"category","embeddable":true,"href":"https:\/\/www.hashtag.al\/index.php\/wp-json\/wp\/v2\/categories?post=674621"},{"taxonomy":"post_tag","embeddable":true,"href":"https:\/\/www.hashtag.al\/index.php\/wp-json\/wp\/v2\/tags?post=674621"}],"curies":[{"name":"wp","href":"https:\/\/api.w.org\/{rel}","templated":true}]}}