{"id":674514,"date":"2024-05-13T14:00:11","date_gmt":"2024-05-13T12:00:11","guid":{"rendered":"https:\/\/www.hashtag.al\/?p=674514"},"modified":"2024-05-13T14:43:15","modified_gmt":"2024-05-13T12:43:15","slug":"vritet-me-arme-zjarri-efektivi-i-policise-ne-fier","status":"publish","type":"post","link":"https:\/\/www.hashtag.al\/index.php\/2024\/05\/13\/vritet-me-arme-zjarri-efektivi-i-policise-ne-fier\/","title":{"rendered":"Vritet me arm\u00eb zjarri efektivi i policis\u00eb n\u00eb Fier","gt_translate_keys":[{"key":"rendered","format":"text"}]},"content":{"rendered":"<p><span style=\"color: #000000;\"><a style=\"color: #000000;\" href=\"https:\/\/www.hashtag.al\/wp-content\/uploads\/2024\/05\/Screenshot-2024-05-13-135629.png\"><img loading=\"lazy\" decoding=\"async\" class=\"aligncenter size-full wp-image-674515\" src=\"https:\/\/www.hashtag.al\/wp-content\/uploads\/2024\/05\/Screenshot-2024-05-13-135629.png\" alt=\"\" width=\"1011\" height=\"556\" srcset=\"https:\/\/www.hashtag.al\/wp-content\/uploads\/2024\/05\/Screenshot-2024-05-13-135629.png 1011w, https:\/\/www.hashtag.al\/wp-content\/uploads\/2024\/05\/Screenshot-2024-05-13-135629-300x165.png 300w, https:\/\/www.hashtag.al\/wp-content\/uploads\/2024\/05\/Screenshot-2024-05-13-135629-768x422.png 768w\" sizes=\"auto, (max-width: 1011px) 100vw, 1011px\" \/><\/a><\/span><\/p>\n<p><span style=\"color: #000000;\">Nj\u00eb ngjarje e r\u00ebnd\u00eb ka ndodhur dit\u00ebn e sotme n\u00eb fshatin Balt\u00ebz t\u00eb Fierit, pasi ka mbetur i vrar\u00eb me arm\u00eb zjarri nj\u00eb efektiv policie.<\/span><\/p>\n<p><span style=\"color: #000000;\">28-vje\u00e7ari Novruz Cenalia me detyr\u00eb punonj\u00ebs policie i Forc\u00ebs s\u00eb Posa\u00e7me \u201cShqiponja\u201d dyshohet se \u00ebsht\u00eb konfliktuar me shtetasin Asllan Mernica i njohur edhe si Azgan Mernica, ku ky i fundit ka q\u00eblluar drejt efektivit duke i marr\u00eb atij jet\u00ebn.<\/span><\/p>\n<p><span style=\"color: #000000;\">Menj\u00ebher\u00eb autori \u00ebsht\u00eb larguar nga vendi i ngjarjes me nj\u00eb automjet ngjyr\u00eb blu.<\/span><\/p>\n<p><span style=\"color: #000000;\">M\u00ebsohet se edhe i ati i viktim\u00ebs punonte n\u00eb polici, n\u00eb sall\u00ebn operative.<\/span><\/p>\n<p><span style=\"color: #000000;\">Strukturat e policis\u00eb kan\u00eb rrethuar zon\u00ebn dhe vijojn\u00eb pun\u00ebn p\u00ebr kapjen e autorit t\u00eb k\u00ebsaj ngjarje t\u00eb r\u00ebnd\u00eb.<\/span><\/p>\n<p>&nbsp;<\/p>\n<p><span style=\"color: #000000;\">Fier\/Informacion paraprak<\/span><\/p>\n<p><span style=\"color: #000000;\"><em>Rreth or\u00ebs 13:15, n\u00eb fshatin Balt\u00ebz, dyshohet se gjat\u00eb nj\u00eb konflikti t\u00eb \u00e7astit, shtetasi A. M. ka vrar\u00eb me arm\u00eb zjarri shtetasin N. C., punonj\u00ebs policie i Forc\u00ebs s\u00eb Posa\u00e7me \u201cShqiponja\u201d t\u00eb DVP Fier, jasht\u00eb sh\u00ebrbimi, por i veshur me uniform\u00ebn e Policis\u00eb, pasi shkonte p\u00ebr t\u00eb marr\u00eb sh\u00ebrbimin.<\/em><\/span><\/p>\n<p><span style=\"color: #000000;\"><em>Menj\u00ebher\u00eb n\u00eb vendngjarje jan\u00eb nisur sh\u00ebrbimet e Policis\u00eb, Forca Komb\u00ebtare e Siguris\u00eb, Reparti Special \u201cRENEA\u201d, t\u00eb cilat kan\u00eb rrethuar zon\u00ebn dhe vijojn\u00eb pun\u00ebn p\u00ebr kapjen e autorit.<\/em><\/span><\/p>\n<p><span style=\"color: #000000;\"><em>Grupi hetimor dhe drejtues t\u00eb Departamentit t\u00eb Policis\u00eb Kriminale, n\u00eb drejtimin e Prokuroris\u00eb, po punojn\u00eb p\u00ebr sqarimin e rrethanave dhe p\u00ebr dokumentimin ligjor t\u00eb k\u00ebsaj ngjarjeje.<\/em><\/span><\/p>\n","protected":false,"gt_translate_keys":[{"key":"rendered","format":"html"}]},"excerpt":{"rendered":"<p>Nj\u00eb ngjarje e r\u00ebnd\u00eb ka ndodhur dit\u00ebn e sotme n\u00eb fshatin Balt\u00ebz t\u00eb Fierit, pasi ka mbetur i vrar\u00eb me arm\u00eb zjarri nj\u00eb efektiv policie. 28-vje\u00e7ari Novruz Cenalia me detyr\u00eb punonj\u00ebs policie i Forc\u00ebs s\u00eb Posa\u00e7me \u201cShqiponja\u201d dyshohet se \u00ebsht\u00eb konfliktuar me shtetasin Asllan Mernica i njohur edhe si Azgan Mernica, ku ky i fundit [&hellip;]<\/p>\n","protected":false,"gt_translate_keys":[{"key":"rendered","format":"html"}]},"author":32,"featured_media":674515,"comment_status":"closed","ping_status":"open","sticky":false,"template":"","format":"standard","meta":{"footnotes":""},"categories":[22],"tags":[],"class_list":["post-674514","post","type-post","status-publish","format-standard","has-post-thumbnail","hentry","category-ballina"],"gt_translate_keys":[{"key":"link","format":"url"}],"_links":{"self":[{"href":"https:\/\/www.hashtag.al\/index.php\/wp-json\/wp\/v2\/posts\/674514","targetHints":{"allow":["GET"]}}],"collection":[{"href":"https:\/\/www.hashtag.al\/index.php\/wp-json\/wp\/v2\/posts"}],"about":[{"href":"https:\/\/www.hashtag.al\/index.php\/wp-json\/wp\/v2\/types\/post"}],"author":[{"embeddable":true,"href":"https:\/\/www.hashtag.al\/index.php\/wp-json\/wp\/v2\/users\/32"}],"replies":[{"embeddable":true,"href":"https:\/\/www.hashtag.al\/index.php\/wp-json\/wp\/v2\/comments?post=674514"}],"version-history":[{"count":0,"href":"https:\/\/www.hashtag.al\/index.php\/wp-json\/wp\/v2\/posts\/674514\/revisions"}],"wp:featuredmedia":[{"embeddable":true,"href":"https:\/\/www.hashtag.al\/index.php\/wp-json\/wp\/v2\/media\/674515"}],"wp:attachment":[{"href":"https:\/\/www.hashtag.al\/index.php\/wp-json\/wp\/v2\/media?parent=674514"}],"wp:term":[{"taxonomy":"category","embeddable":true,"href":"https:\/\/www.hashtag.al\/index.php\/wp-json\/wp\/v2\/categories?post=674514"},{"taxonomy":"post_tag","embeddable":true,"href":"https:\/\/www.hashtag.al\/index.php\/wp-json\/wp\/v2\/tags?post=674514"}],"curies":[{"name":"wp","href":"https:\/\/api.w.org\/{rel}","templated":true}]}}