{"id":674330,"date":"2024-05-12T12:41:51","date_gmt":"2024-05-12T10:41:51","guid":{"rendered":"https:\/\/www.hashtag.al\/?p=674330"},"modified":"2024-05-12T12:41:51","modified_gmt":"2024-05-12T10:41:51","slug":"pronat-e-minoritareve-rama-nuk-kemi-asnje-pretendim-ndaj-greqise-pervec-respektit-reciprok-per-bashkekombesit","status":"publish","type":"post","link":"https:\/\/www.hashtag.al\/index.php\/2024\/05\/12\/pronat-e-minoritareve-rama-nuk-kemi-asnje-pretendim-ndaj-greqise-pervec-respektit-reciprok-per-bashkekombesit\/","title":{"rendered":"Pronat e minoritar\u00ebve, Rama: Nuk kemi asnj\u00eb pretendim ndaj Greqis\u00eb p\u00ebrve\u00e7 respektit reciprok p\u00ebr bashk\u00ebkomb\u00ebsit","gt_translate_keys":[{"key":"rendered","format":"text"}]},"content":{"rendered":"<p><img loading=\"lazy\" decoding=\"async\" class=\"size-full wp-image-674331 aligncenter\" src=\"https:\/\/www.hashtag.al\/wp-content\/uploads\/2024\/05\/rama-edi333.jpg\" alt=\"\" width=\"636\" height=\"425\" srcset=\"https:\/\/www.hashtag.al\/wp-content\/uploads\/2024\/05\/rama-edi333.jpg 636w, https:\/\/www.hashtag.al\/wp-content\/uploads\/2024\/05\/rama-edi333-300x200.jpg 300w\" sizes=\"auto, (max-width: 636px) 100vw, 636px\" \/><\/p>\n<p><span style=\"font-weight: 400; color: #000000;\">Kryeministri Edi Rama iu p\u00ebrgjigj indirekt edhe kritikave nga Athina p\u00ebr titujt e pron\u00ebsis\u00eb p\u00ebr minoritetin grek n\u00eb Shqip\u00ebri. N\u00eb fjal\u00ebn e mbajtur n\u00eb stadiumin n\u00eb Athin\u00eb, Rama tha se Shqip\u00ebria nuk ka asnj\u00eb pretendim ndaj Greqis\u00eb.<\/span><\/p>\n<p><span style=\"color: #000000;\"><i><span style=\"font-weight: 400;\">\u201cEnde nuk \u00ebsht\u00eb b\u00ebr\u00eb shp\u00ebrndarja e titujve t\u00eb pron\u00ebsis\u00eb, nuk mund t\u00eb thot\u00eb se \u00ebsht\u00eb problem vet\u00ebm p\u00ebr grek\u00ebt e Shqip\u00ebris\u00eb. T\u00eb k\u00ebrkosh raste t\u00eb tilla duhet t\u00eb g\u00ebrmosh n\u00eb qerthujt m\u00eb t\u00eb err\u00ebt t\u00eb kultur\u00ebs nacionaliste, ku nuk ka asnj\u00eb kufi mes historis\u00eb dhe miteve, fakteve dhe paragjykimeve, dokumenteve zyrtar\u00eb dhe artikujve t\u00eb porositur. Shqip\u00ebria nuk ka asnj\u00eb pretendim ndaj Greqis\u00eb p\u00ebrve\u00e7 respektit reciprok, kujdesit reciprok p\u00ebr bashk\u00ebkomb\u00ebsit.<\/span><\/i><\/span><\/p>\n<p><span style=\"color: #000000;\"><i><span style=\"font-weight: 400;\">Shqip\u00ebria e sheh Greqin\u00eb si nj\u00eb partner t\u00eb natyrsh\u00ebm strategjik qoft\u00eb p\u00ebr \u00e7\u00ebshtje p\u00ebr t\u2019u zgjidhur mes nesh qoft\u00eb p\u00ebr sfidat e k\u00ebsaj epoke t\u00eb re p\u00ebr Ballkanin. Ne i shohim si arsye madhore p\u00ebr t\u2019u afruar m\u00eb shum\u00eb, p\u00ebr t\u00eb gjetur zgjidhjet midis pal\u00ebve dhe duke forcuar lidhjet. E mbi t\u00eb gjitha, ne besojm\u00eb se kompleksitetit i marr\u00ebdh\u00ebnieve tona nuk mund t\u00eb jet\u00eb nj\u00eb shtys\u00eb p\u00ebr t\u2019u mbytur n\u00eb \u00e7do lug\u00eb uj\u00eb. Ky kompleksitet \u00ebsht\u00eb q\u00eb grek\u00ebt dhe shqiptar\u00ebt t\u00eb binden se fatet tona jan\u00eb t\u00eb pandashme\u201d<\/span><\/i><span style=\"font-weight: 400;\">, tha Rama.<\/span><\/span><\/p>\n","protected":false,"gt_translate_keys":[{"key":"rendered","format":"html"}]},"excerpt":{"rendered":"<p>Kryeministri Edi Rama iu p\u00ebrgjigj indirekt edhe kritikave nga Athina p\u00ebr titujt e pron\u00ebsis\u00eb p\u00ebr minoritetin grek n\u00eb Shqip\u00ebri. N\u00eb fjal\u00ebn e mbajtur n\u00eb stadiumin n\u00eb Athin\u00eb, Rama tha se Shqip\u00ebria nuk ka asnj\u00eb pretendim ndaj Greqis\u00eb. \u201cEnde nuk \u00ebsht\u00eb b\u00ebr\u00eb shp\u00ebrndarja e titujve t\u00eb pron\u00ebsis\u00eb, nuk mund t\u00eb thot\u00eb se \u00ebsht\u00eb problem vet\u00ebm p\u00ebr [&hellip;]<\/p>\n","protected":false,"gt_translate_keys":[{"key":"rendered","format":"html"}]},"author":4,"featured_media":674331,"comment_status":"closed","ping_status":"open","sticky":false,"template":"","format":"standard","meta":{"footnotes":""},"categories":[65],"tags":[],"class_list":["post-674330","post","type-post","status-publish","format-standard","has-post-thumbnail","hentry","category-lajme"],"gt_translate_keys":[{"key":"link","format":"url"}],"_links":{"self":[{"href":"https:\/\/www.hashtag.al\/index.php\/wp-json\/wp\/v2\/posts\/674330","targetHints":{"allow":["GET"]}}],"collection":[{"href":"https:\/\/www.hashtag.al\/index.php\/wp-json\/wp\/v2\/posts"}],"about":[{"href":"https:\/\/www.hashtag.al\/index.php\/wp-json\/wp\/v2\/types\/post"}],"author":[{"embeddable":true,"href":"https:\/\/www.hashtag.al\/index.php\/wp-json\/wp\/v2\/users\/4"}],"replies":[{"embeddable":true,"href":"https:\/\/www.hashtag.al\/index.php\/wp-json\/wp\/v2\/comments?post=674330"}],"version-history":[{"count":0,"href":"https:\/\/www.hashtag.al\/index.php\/wp-json\/wp\/v2\/posts\/674330\/revisions"}],"wp:featuredmedia":[{"embeddable":true,"href":"https:\/\/www.hashtag.al\/index.php\/wp-json\/wp\/v2\/media\/674331"}],"wp:attachment":[{"href":"https:\/\/www.hashtag.al\/index.php\/wp-json\/wp\/v2\/media?parent=674330"}],"wp:term":[{"taxonomy":"category","embeddable":true,"href":"https:\/\/www.hashtag.al\/index.php\/wp-json\/wp\/v2\/categories?post=674330"},{"taxonomy":"post_tag","embeddable":true,"href":"https:\/\/www.hashtag.al\/index.php\/wp-json\/wp\/v2\/tags?post=674330"}],"curies":[{"name":"wp","href":"https:\/\/api.w.org\/{rel}","templated":true}]}}