{"id":674327,"date":"2024-05-12T12:29:00","date_gmt":"2024-05-12T10:29:00","guid":{"rendered":"https:\/\/www.hashtag.al\/?p=674327"},"modified":"2024-05-12T12:29:00","modified_gmt":"2024-05-12T10:29:00","slug":"rama-nga-athina-kam-ardhur-te-takohem-me-zotet-e-barabarte-te-kesaj-shtepie-jo-me-sherbetoret-e-dikurshem-te-greqise","status":"publish","type":"post","link":"https:\/\/www.hashtag.al\/index.php\/2024\/05\/12\/rama-nga-athina-kam-ardhur-te-takohem-me-zotet-e-barabarte-te-kesaj-shtepie-jo-me-sherbetoret-e-dikurshem-te-greqise\/","title":{"rendered":"Rama nga Athina: Kam ardhur t\u00eb takohem me zot\u00ebt e barabart\u00eb t\u00eb k\u00ebsaj sht\u00ebpie, jo me sh\u00ebrb\u00ebtor\u00ebt e dikursh\u00ebm t\u00eb Greqis\u00eb","gt_translate_keys":[{"key":"rendered","format":"text"}]},"content":{"rendered":"<p><img loading=\"lazy\" decoding=\"async\" class=\"size-full wp-image-674328 aligncenter\" src=\"https:\/\/www.hashtag.al\/wp-content\/uploads\/2024\/05\/1715508831_edirama.jpg\" alt=\"\" width=\"780\" height=\"440\" srcset=\"https:\/\/www.hashtag.al\/wp-content\/uploads\/2024\/05\/1715508831_edirama.jpg 780w, https:\/\/www.hashtag.al\/wp-content\/uploads\/2024\/05\/1715508831_edirama-300x169.jpg 300w, https:\/\/www.hashtag.al\/wp-content\/uploads\/2024\/05\/1715508831_edirama-768x433.jpg 768w\" sizes=\"auto, (max-width: 780px) 100vw, 780px\" \/><\/p>\n<p><span style=\"font-weight: 400; color: #000000;\">Kryeministri Edi Rama iu p\u00ebrgjigj edhe kritik\u00ebve p\u00ebr vizit\u00ebn e tij n\u00eb Athin\u00eb. Para mb\u00ebshtet\u00ebsve t\u00eb shumt\u00eb dhe brohoritjeve, Rama tha se kishte shkuar n\u00eb Greqi p\u00ebr t\u00eb takuar t\u00eb zot\u00ebt e barabart\u00eb t\u00eb k\u00ebsaj sht\u00ebpie<\/span><\/p>\n<p><span style=\"color: #000000;\"><i><span style=\"font-weight: 400;\">\u201cDisa k\u00ebtu n\u00eb Greqi u \u00e7udit\u00ebn, t\u00eb tjer\u00eb u m\u00ebrzit\u00ebn dhe ndonj\u00eb tha se un\u00eb nuk duhet t\u00eb vija te ju p\u00ebr vizit\u00eb, por mbase kur ta shohin k\u00ebt\u00eb shfaqje g\u00ebzimi familjar\u00eb ata do ta kuptojn\u00eb se un\u00eb nuk kam ardhur t\u00eb takohem me sh\u00ebrb\u00ebtor\u00ebt e tyre t\u00eb dikursh\u00ebm por kam ardhur t\u00eb \u00e7mallem me t\u00eb zot\u00ebt e barabart\u00eb t\u00eb k\u00ebsaj sht\u00ebpie. Kam ardhur t\u00eb flas me qytetar\u00ebt e barazvlefsh\u00ebm t\u00eb Greqis\u00eb demokratike, ku shqiptar\u00ebt nuk kan\u00eb ardhur t\u00eb rreckosur nga malet, por jan\u00eb p\u00ebrfaq\u00ebsuesit krenar q\u00eb \u00ebsht\u00eb Shqip\u00ebria jon\u00eb\u201d<\/span><\/i><span style=\"font-weight: 400;\">, u shpreh Rama.<\/span><\/span><\/p>\n","protected":false,"gt_translate_keys":[{"key":"rendered","format":"html"}]},"excerpt":{"rendered":"<p>Kryeministri Edi Rama iu p\u00ebrgjigj edhe kritik\u00ebve p\u00ebr vizit\u00ebn e tij n\u00eb Athin\u00eb. Para mb\u00ebshtet\u00ebsve t\u00eb shumt\u00eb dhe brohoritjeve, Rama tha se kishte shkuar n\u00eb Greqi p\u00ebr t\u00eb takuar t\u00eb zot\u00ebt e barabart\u00eb t\u00eb k\u00ebsaj sht\u00ebpie \u201cDisa k\u00ebtu n\u00eb Greqi u \u00e7udit\u00ebn, t\u00eb tjer\u00eb u m\u00ebrzit\u00ebn dhe ndonj\u00eb tha se un\u00eb nuk duhet t\u00eb vija [&hellip;]<\/p>\n","protected":false,"gt_translate_keys":[{"key":"rendered","format":"html"}]},"author":4,"featured_media":674328,"comment_status":"closed","ping_status":"open","sticky":false,"template":"","format":"standard","meta":{"footnotes":""},"categories":[65],"tags":[],"class_list":["post-674327","post","type-post","status-publish","format-standard","has-post-thumbnail","hentry","category-lajme"],"gt_translate_keys":[{"key":"link","format":"url"}],"_links":{"self":[{"href":"https:\/\/www.hashtag.al\/index.php\/wp-json\/wp\/v2\/posts\/674327","targetHints":{"allow":["GET"]}}],"collection":[{"href":"https:\/\/www.hashtag.al\/index.php\/wp-json\/wp\/v2\/posts"}],"about":[{"href":"https:\/\/www.hashtag.al\/index.php\/wp-json\/wp\/v2\/types\/post"}],"author":[{"embeddable":true,"href":"https:\/\/www.hashtag.al\/index.php\/wp-json\/wp\/v2\/users\/4"}],"replies":[{"embeddable":true,"href":"https:\/\/www.hashtag.al\/index.php\/wp-json\/wp\/v2\/comments?post=674327"}],"version-history":[{"count":0,"href":"https:\/\/www.hashtag.al\/index.php\/wp-json\/wp\/v2\/posts\/674327\/revisions"}],"wp:featuredmedia":[{"embeddable":true,"href":"https:\/\/www.hashtag.al\/index.php\/wp-json\/wp\/v2\/media\/674328"}],"wp:attachment":[{"href":"https:\/\/www.hashtag.al\/index.php\/wp-json\/wp\/v2\/media?parent=674327"}],"wp:term":[{"taxonomy":"category","embeddable":true,"href":"https:\/\/www.hashtag.al\/index.php\/wp-json\/wp\/v2\/categories?post=674327"},{"taxonomy":"post_tag","embeddable":true,"href":"https:\/\/www.hashtag.al\/index.php\/wp-json\/wp\/v2\/tags?post=674327"}],"curies":[{"name":"wp","href":"https:\/\/api.w.org\/{rel}","templated":true}]}}