{"id":674323,"date":"2024-05-12T12:20:48","date_gmt":"2024-05-12T10:20:48","guid":{"rendered":"https:\/\/www.hashtag.al\/?p=674323"},"modified":"2024-05-12T13:31:02","modified_gmt":"2024-05-12T11:31:02","slug":"spiropali-nga-athina-dje-ishit-ju-qe-e-mbajtet-shqiperine-me-buke-sot-ajo-mund-tju-mbaje-duke-ju-ofruar-mundesi-te-reja","status":"publish","type":"post","link":"https:\/\/www.hashtag.al\/index.php\/2024\/05\/12\/spiropali-nga-athina-dje-ishit-ju-qe-e-mbajtet-shqiperine-me-buke-sot-ajo-mund-tju-mbaje-duke-ju-ofruar-mundesi-te-reja\/","title":{"rendered":"Spiropali nga Athina: Dje ishit ju q\u00eb e mbajt\u00ebt Shqip\u00ebrin\u00eb me buk\u00eb, sot ajo mund tju ofroj\u00eb mund\u00ebsi t\u00eb reja","gt_translate_keys":[{"key":"rendered","format":"text"}]},"content":{"rendered":"<p><img loading=\"lazy\" decoding=\"async\" class=\"size-full wp-image-674324 aligncenter\" src=\"https:\/\/www.hashtag.al\/wp-content\/uploads\/2024\/05\/1715507468_spiropali.jpg\" alt=\"\" width=\"780\" height=\"440\" srcset=\"https:\/\/www.hashtag.al\/wp-content\/uploads\/2024\/05\/1715507468_spiropali.jpg 780w, https:\/\/www.hashtag.al\/wp-content\/uploads\/2024\/05\/1715507468_spiropali-300x169.jpg 300w, https:\/\/www.hashtag.al\/wp-content\/uploads\/2024\/05\/1715507468_spiropali-768x433.jpg 768w\" sizes=\"auto, (max-width: 780px) 100vw, 780px\" \/><\/p>\n<p><span style=\"font-weight: 400; color: #000000;\">Ministrja e Shtetit Elisa Spiropali ftoi shqiptar\u00ebt q\u00eb jetojn\u00eb n\u00eb Greqi t\u00eb rikthehen. Spiropali ngriti lart figur\u00ebn e shqiptar\u00ebve q\u00eb me pun\u00ebn e ndershme arrit\u00ebn t\u00eb ngrinin lart emrin e shqiptar\u00ebve dhe n\u00eb Greqi.<\/span><\/p>\n<p><span style=\"color: #000000;\"><i><span style=\"font-weight: 400;\">\u201cNj\u00eb vend q\u00eb ka ende plag\u00eb p\u00ebr t\u00eb sh\u00ebruar dhe rrug\u00eb p\u00ebr t\u00eb b\u00ebr\u00eb deri n\u00eb sheshin e flamujve t\u00eb BE-s\u00eb por mjafton t\u00eb mendosh se cfar\u00eb marr\u00ebzie ishte kur ju ik\u00ebt nga Shqip\u00ebria e deri pak vite m\u00eb par\u00eb t\u00eb mendoje se vendi yn\u00eb do t\u00eb b\u00ebhej magneti i m\u00eb shum\u00eb se 10 milion\u00eb turist\u00ebve n\u00eb vit, nd\u00ebr t\u00eb cil\u00ebt edhe grek sa t\u00eb duash, p\u00ebr t\u00eb kuptuar si \u00ebsht\u00eb kthyer bota p\u00ebrmbys.<\/span><\/i><\/span><\/p>\n<p><span style=\"color: #000000;\"><i><span style=\"font-weight: 400;\">Sot kur shqiptar\u00ebt q\u00eb duan t\u00eb sprovojn\u00eb veten n\u00eb k\u00ebrkim t\u00eb m\u00eb shum\u00eb mund\u00ebsish se ata q\u00eb shohin n\u00eb Shqip\u00ebri, zgjedhin t\u00eb ikin, kjo p\u00ebrmbysje \u00ebsht\u00eb lajm\u00ebsa e par\u00eb e nj\u00eb ftese deri dje jo bind\u00ebse p\u00ebr kthim t\u00eb atyre q\u00eb kan\u00eb kursime p\u00ebr t\u00eb investuar n\u00eb bastin e sigurt\u00eb t\u00eb Edi Ram\u00ebs dhe shqiptar\u00ebve q\u00eb kan\u00eb zgjedhur t\u00eb rrin\u00eb.<\/span><\/i><\/span><\/p>\n<p><span style=\"color: #000000;\"><i><span style=\"font-weight: 400;\">Shqip\u00ebria e sotme nuk \u00ebsht\u00eb ende vendi kush kthehet e gjen t\u00eb shtruar rrug\u00ebn, por kush kthehet me dijen, aft\u00ebsit\u00eb dhe kursimet e pun\u00ebs n\u00eb emigracion I ka t\u00eb gjitha p\u00ebr tia hapur vetes rrug\u00ebt n\u00eb nj\u00eb cop\u00ebz Europe n\u00eb formim e sip\u00ebr. Ju po vini gjithnj\u00eb e m\u00eb t\u00eb shumt\u00eb p\u00ebr ta par\u00eb Itak\u00ebn tuaj kurdo q\u00eb mundeni e shum\u00eb prej shum\u00eb I v\u00ebzhgoni mencurisht shtigjet e rikthimit. Shqip\u00ebria po b\u00ebhet m\u00eb e fort\u00eb m\u00eb e zonja m\u00eb e hapur p\u00ebr t\u00eb gjith\u00eb njer\u00ebzit q\u00eb duan t\u00eb b\u00ebjn\u00eb dicka duke investuar n\u00eb sht\u00ebpit\u00eb e t\u00eb par\u00ebve dhe punuar n\u00eb tokat e t\u00eb par\u00ebve. Dje ishit ju q\u00eb e mbajt\u00ebt Shqip\u00ebrin\u00eb me buk\u00eb, sot ajo mund tju mbaj\u00eb duke ju ofruar mund\u00ebsi t\u00eb reja\u201d, <\/span><\/i><span style=\"font-weight: 400;\">u shpreh Spiropali.<\/span><\/span><\/p>\n","protected":false,"gt_translate_keys":[{"key":"rendered","format":"html"}]},"excerpt":{"rendered":"<p>Ministrja e Shtetit Elisa Spiropali ftoi shqiptar\u00ebt q\u00eb jetojn\u00eb n\u00eb Greqi t\u00eb rikthehen. Spiropali ngriti lart figur\u00ebn e shqiptar\u00ebve q\u00eb me pun\u00ebn e ndershme arrit\u00ebn t\u00eb ngrinin lart emrin e shqiptar\u00ebve dhe n\u00eb Greqi. \u201cNj\u00eb vend q\u00eb ka ende plag\u00eb p\u00ebr t\u00eb sh\u00ebruar dhe rrug\u00eb p\u00ebr t\u00eb b\u00ebr\u00eb deri n\u00eb sheshin e flamujve t\u00eb BE-s\u00eb [&hellip;]<\/p>\n","protected":false,"gt_translate_keys":[{"key":"rendered","format":"html"}]},"author":4,"featured_media":674324,"comment_status":"closed","ping_status":"open","sticky":false,"template":"","format":"standard","meta":{"footnotes":""},"categories":[65],"tags":[],"class_list":["post-674323","post","type-post","status-publish","format-standard","has-post-thumbnail","hentry","category-lajme"],"gt_translate_keys":[{"key":"link","format":"url"}],"_links":{"self":[{"href":"https:\/\/www.hashtag.al\/index.php\/wp-json\/wp\/v2\/posts\/674323","targetHints":{"allow":["GET"]}}],"collection":[{"href":"https:\/\/www.hashtag.al\/index.php\/wp-json\/wp\/v2\/posts"}],"about":[{"href":"https:\/\/www.hashtag.al\/index.php\/wp-json\/wp\/v2\/types\/post"}],"author":[{"embeddable":true,"href":"https:\/\/www.hashtag.al\/index.php\/wp-json\/wp\/v2\/users\/4"}],"replies":[{"embeddable":true,"href":"https:\/\/www.hashtag.al\/index.php\/wp-json\/wp\/v2\/comments?post=674323"}],"version-history":[{"count":0,"href":"https:\/\/www.hashtag.al\/index.php\/wp-json\/wp\/v2\/posts\/674323\/revisions"}],"wp:featuredmedia":[{"embeddable":true,"href":"https:\/\/www.hashtag.al\/index.php\/wp-json\/wp\/v2\/media\/674324"}],"wp:attachment":[{"href":"https:\/\/www.hashtag.al\/index.php\/wp-json\/wp\/v2\/media?parent=674323"}],"wp:term":[{"taxonomy":"category","embeddable":true,"href":"https:\/\/www.hashtag.al\/index.php\/wp-json\/wp\/v2\/categories?post=674323"},{"taxonomy":"post_tag","embeddable":true,"href":"https:\/\/www.hashtag.al\/index.php\/wp-json\/wp\/v2\/tags?post=674323"}],"curies":[{"name":"wp","href":"https:\/\/api.w.org\/{rel}","templated":true}]}}